{"id":670572,"date":"2026-01-17T18:30:11","date_gmt":"2026-01-17T18:30:11","guid":{"rendered":"https:\/\/www.europesays.com\/fr\/670572\/"},"modified":"2026-01-17T18:30:11","modified_gmt":"2026-01-17T18:30:11","slug":"chauffage-au-bois-ce-que-des-milliers-de-francais-font-illegalement-melty-fr","status":"publish","type":"post","link":"https:\/\/www.europesays.com\/fr\/670572\/","title":{"rendered":"Chauffage au bois : ce que des milliers de Fran\u00e7ais font\u2026 ill\u00e9galement &#8211; melty.fr"},"content":{"rendered":"<ol>\n<li><a href=\"https:\/\/news.google.com\/rss\/articles\/CBMirAFBVV95cUxQeWM4eHlvODFRZ3UwNHhJZk0tcHhWbjVTY3VYQlFlZHg5dE1zZ05ta3NvZUpQOW1IbzZQeTRsNktWa3VwVTdZZGoxbkJiMENMcDNyd3Y2WEpORXRZNWtHU1lSalVPZm5STlFDeEVZSWZyQm1QNUZGbVdrR0dyWmY5MGZHMUtlT25PRF9NeUJNSE9KV2xnZjVEMzIzY0hJZGkySU1qTnA0bE1YV0x5?oc=5\" target=\"_blank\" rel=\"noopener\">Chauffage au bois : ce que des milliers de Fran\u00e7ais font\u2026 ill\u00e9galement<\/a>&nbsp;&nbsp;melty.fr<\/li>\n<li><a href=\"https:\/\/news.google.com\/rss\/articles\/CBMiqgFBVV95cUxNWFpQN09xRkJzVGxFYmk5dEJDSFB2YjlkU25TLW5fTVNMcThDRmpoNlV1Q1NNWkRHXy1PckRiWVh6R2stRGNwc1ZGUVdEa2JFT25LdUFBVkdmSWRodkRWYVNWVG9Yd1ZMNnBST2taYVhWXzJxQk1nczdJd0JjNlRrS1pqaDQ5eUpHNk1PNUhBcHJQenZNV0wzQjdwMjRCTHlzeVZodUt5T1ZZQQ?oc=5\" target=\"_blank\" rel=\"noopener\">Chauffage au bois : a-t-on le droit de r\u00e9cup\u00e9rer du bois gratuitement en for\u00eat ?<\/a>&nbsp;&nbsp;SeLoger<\/li>\n<li><a href=\"https:\/\/news.google.com\/rss\/articles\/CBMi2AFBVV95cUxNVm85ZUFWUklnTmNsN2ZZTnR5ajljc0lHdTRmNUJrZnpkdnh3bHYybFJ6YzQtOWhoeVdIc2hBQ2Fac1k4akQyd2pSVFgyUE1hRnVRNjdPWlU4VHdUdE1hNFdrTDA3dWlXemxvMDAtdzU1S21CZUdNZ2Y4YllZdktFX2ZMeVpnNFRoekJSQVAtVTJXRjdEczFXZ0MyeEIzdkpEeW5RWDByemFpNFVPVG0wRnl6dHlwaEJiVVVabEJqYXphQ0ZkWVVfM2xIV1VrSVNseXlmSHloZ0I?oc=5\" target=\"_blank\" rel=\"noopener\">Chauffage au bois : peut-on r\u00e9cup\u00e9rer gratuitement du bois en for\u00eat ?<\/a>&nbsp;&nbsp;La R\u00e9publique des Pyr\u00e9n\u00e9es<\/li>\n<li><a href=\"https:\/\/news.google.com\/rss\/articles\/CBMi3gFBVV95cUxNV2kzSkJlSjd6VTROSEdWN2toa1NqNm5XNjZ4SS1Melk4a3RIcnc1Y3poMGRUcUVzUkhIZGxoRXdzSWppUVVmME42V2FtYmxLbVRSZzlCSFh5Y3QwdXZtcldKTHJtZHlfaG5KOE43cXpCc0dxUWtQa2ZJSHBmemNtSzNzdWhsSVRRSUJ1YjBaRWNPUmllMVdIRlJqUkhtZ2RWTWduTndYSmZ6N3gwa3lCUTNPUTllam1nd1IzX1pGSkhkckZwNW5IVkpsanp2RGd2RWNPWFJLM3BpT3dMTEE?oc=5\" target=\"_blank\" rel=\"noopener\">\u00ab Moins de 300 euros pour se chauffer tout l\u2019hiver \u00bb : la tradition de l\u2019affouage perdure en Lorraine<\/a>&nbsp;&nbsp;L&rsquo;Est R\u00e9publicain<\/li>\n<li><a href=\"https:\/\/news.google.com\/rss\/articles\/CBMi0wFBVV95cUxPR1QzQlYzS0RsR1JGQ09WaUpiQ1ZWS1F1bEJhX1pQSnlVdl9weDdac24zX1NJY1ZZdXV3Rk9yRjUyZTliMkhfd1dVa25scmRUUWsxcUktbHVoN0ctdkJhWkpLVWNkSkt5WkxHZjVaRFpfNWhwcjY1dWd1Zk93cWxFcjUtRFJpRlFTdWpNdDlLQ3N4ZWhMcFkxdDNWSnA5cXpoUUk0R2F5SFVMUzRHZVdQeXJ1dEwzTjFNQ0xvWlhsUVZPb0ExNVl4RjVqS3E3TVVwU1NJ?oc=5\" target=\"_blank\" rel=\"noopener\">Attention si vous avez un chauffage au bois, ce geste peut valoir une amende de 45 000 euros<\/a>&nbsp;&nbsp;letribunaldunet<\/li>\n<\/ol>\n","protected":false},"excerpt":{"rendered":"Chauffage au bois : ce que des milliers de Fran\u00e7ais font\u2026 ill\u00e9galement&nbsp;&nbsp;melty.fr Chauffage au bois : a-t-on le&hellip;\n","protected":false},"author":2,"featured_media":670573,"comment_status":"","ping_status":"","sticky":false,"template":"","format":"standard","meta":{"footnotes":""},"categories":[6],"tags":[35,33,34,1011,27,65861],"class_list":{"0":"post-670572","1":"post","2":"type-post","3":"status-publish","4":"format-standard","5":"has-post-thumbnail","7":"category-economie","8":"tag-business","9":"tag-economie","10":"tag-economy","11":"tag-fr","12":"tag-france","13":"tag-trend"},"share_on_mastodon":{"url":"https:\/\/pubeurope.com\/@fr\/115911866911179512","error":""},"_links":{"self":[{"href":"https:\/\/www.europesays.com\/fr\/wp-json\/wp\/v2\/posts\/670572","targetHints":{"allow":["GET"]}}],"collection":[{"href":"https:\/\/www.europesays.com\/fr\/wp-json\/wp\/v2\/posts"}],"about":[{"href":"https:\/\/www.europesays.com\/fr\/wp-json\/wp\/v2\/types\/post"}],"author":[{"embeddable":true,"href":"https:\/\/www.europesays.com\/fr\/wp-json\/wp\/v2\/users\/2"}],"replies":[{"embeddable":true,"href":"https:\/\/www.europesays.com\/fr\/wp-json\/wp\/v2\/comments?post=670572"}],"version-history":[{"count":0,"href":"https:\/\/www.europesays.com\/fr\/wp-json\/wp\/v2\/posts\/670572\/revisions"}],"wp:featuredmedia":[{"embeddable":true,"href":"https:\/\/www.europesays.com\/fr\/wp-json\/wp\/v2\/media\/670573"}],"wp:attachment":[{"href":"https:\/\/www.europesays.com\/fr\/wp-json\/wp\/v2\/media?parent=670572"}],"wp:term":[{"taxonomy":"category","embeddable":true,"href":"https:\/\/www.europesays.com\/fr\/wp-json\/wp\/v2\/categories?post=670572"},{"taxonomy":"post_tag","embeddable":true,"href":"https:\/\/www.europesays.com\/fr\/wp-json\/wp\/v2\/tags?post=670572"}],"curies":[{"name":"wp","href":"https:\/\/api.w.org\/{rel}","templated":true}]}}