{"id":670574,"date":"2026-01-17T18:31:10","date_gmt":"2026-01-17T18:31:10","guid":{"rendered":"https:\/\/www.europesays.com\/fr\/670574\/"},"modified":"2026-01-17T18:31:10","modified_gmt":"2026-01-17T18:31:10","slug":"dans-cette-ville-il-est-obligatoire-davoir-une-voiture-blanche","status":"publish","type":"post","link":"https:\/\/www.europesays.com\/fr\/670574\/","title":{"rendered":"Dans cette ville, il est obligatoire d&rsquo;avoir une voiture blanche"},"content":{"rendered":"<p itemprop=\"description\">Le pr\u00e9sident de ce pays a interdit \u00e0 ses<br \/>\nconcitoyens de choisir une voiture d&rsquo;une autre couleur. D\u00e9couvrez<br \/>\nduquel il s&rsquo;agit.<\/p>\n<p>EN BREF<\/p>\n<ul class=\"bloc_resume_post_list\">\n<li>Depuis 2015, \u00e0 Achgabat, capitale du Turkm\u00e9nistan, toutes<br \/>\nles voitures doivent \u00eatre blanches, selon une loi impos\u00e9e par le<br \/>\npr\u00e9sident Berdymukhamedov.<\/li>\n<li>Les autorit\u00e9s retirent de la circulation les v\u00e9hicules<br \/>\nnon blancs, obligeant les propri\u00e9taires \u00e0 les repeindre ou \u00e0 les<br \/>\nvendre \u00e0 l&rsquo;\u00e9tranger.<\/li>\n<li>D\u00e9couvrez pourquoi cette r\u00e8gle singuli\u00e8re persiste et<br \/>\ncomment elle refl\u00e8te les particularit\u00e9s culturelles et climatiques<br \/>\ndu Turkm\u00e9nistan.<\/li>\n<\/ul>\n<p>Si une loi vous obligeait \u00e0 avoir <strong>une voiture d\u00a0\u00bbune<br \/>\ncertaine couleur<\/strong>, laquelle pr\u00e9f\u00e9reriez-vous ? Dans cette<br \/>\nville, les habitants n&rsquo;ont pas vraiment eu le choix. <strong>Celui<br \/>\nqui veut conduire<\/strong> un v\u00e9hicule <strong>doit opter pour le<br \/>\nblanc<\/strong>. Si vous d\u00e9cidez d&rsquo;immatriculer une voiture \u00e0 la<br \/>\ncarrosserie d&rsquo;une autre couleur, il vous sera presque impossible de<br \/>\nparvenir \u00e0 vos fins. Selon <a href=\"https:\/\/www.eleconomista.es\/motor\/noticias\/13729650\/01\/26\/prohibido-conducir-coches-que-no-sean-blancos-la-ciudad-en-la-que-todos-los-vehiculos-son-del-mismo-color-por-ley.html\" target=\"_blank\" rel=\"noopener\">El Economista<\/a>, des amendes<br \/>\nde 200 euros sont pr\u00e9vues pour les contrevenants.<\/p>\n<p>Voitures blanches uniquement<\/p>\n<p>Si vous aimez changer de <a href=\"https:\/\/www.autoplus.fr\/actualite\/porsche-travaille-sur-une-peinture-capable-de-reproduire-nimporte-quelle-couleur-visible-1416180.html\" target=\"_blank\" rel=\"noopener\">couleur de voiture<\/a> de temps \u00e0<br \/>\nchaque nouvel achat, cette ville n&rsquo;est pas faite pour vous. Les<br \/>\nconducteurs aiment prendre un v\u00e9hicule dont la couleur refl\u00e8te<br \/>\nleurs go\u00fbts ou leur personnalit\u00e9. Mais dans ce pays, toutes les<br \/>\nvoitures sont semblables, <strong>sans qu&rsquo;aucune ne soit plus<br \/>\ndiscr\u00e8te ou voyante qu&rsquo;une autre<\/strong>.<\/p>\n<p>La seule diff\u00e9rence se fera alors sur la marque, le mod\u00e8le, le<br \/>\ntype de moteur ou encore la transmission. Mais alors, quelle est<br \/>\ncette ville qui interdit \u00e0 ses citoyens d&rsquo;opter pour une <a href=\"https:\/\/www.autoplus.fr\/pratique\/vraiment-chaud-voiture-de-couleur-blanche-520179.html\" target=\"_blank\" rel=\"noopener\">voiture obligatoirement blanche<\/a><br \/>\n?<\/p>\n<p>Achgabat, la capitale du Turkm\u00e9nistan, en a fait une loi<\/p>\n<p>C&rsquo;est l&rsquo;un des pays les plus singuliers au monde. <strong>Le<br \/>\nTurkm\u00e9nistan<\/strong> se trouve en Asie centrale. Dans cette<br \/>\nancienne r\u00e9publique sovi\u00e9tique, qui se caract\u00e9rise par son<br \/>\nisolement extr\u00eame, on retrouve un r\u00e9gime politique autoritaire.<\/p>\n<p>Une des r\u00e8gles impos\u00e9es sur ce territoire concerne <a href=\"https:\/\/www.autoplus.fr\/actualite\/insolite\/cette-ferrari-couleur-unique-est-vente-1416374.html\" target=\"_blank\" rel=\"noopener\">la couleur des voitures<\/a>, et plus<br \/>\npr\u00e9cis\u00e9ment <strong>dans la capitale Achgabat<\/strong>. Depuis<br \/>\n20215, si un propri\u00e9taire a le malheur de poss\u00e9der un v\u00e9hicule noir<br \/>\nou d&rsquo;une autre couleur, les autorit\u00e9s le contraignent \u00e0 le<br \/>\n<strong>revendre \u00e0 l&rsquo;\u00e9tranger ou \u00e0 le repeindre<\/strong>. C&rsquo;est<br \/>\nainsi qu&rsquo;en a d\u00e9cid\u00e9 le pr\u00e9sident Berdymukhamedov. Selon lui,<br \/>\n<strong>les voitures noires<\/strong> sont consid\u00e9r\u00e9es <strong>comme<br \/>\nporte-malheur<\/strong>. \u00c0 l&rsquo;inverse, toutes les voitures<br \/>\nofficielles, utilis\u00e9es par les hauts fonctionnaires sont<br \/>\n<strong>blanches<\/strong>, <strong>symbole de chance<\/strong>. Tous<br \/>\nceux qui veulent tenter d&rsquo;acheter une voiture d&rsquo;une autre couleur<br \/>\ns&rsquo;exposent \u00e0 de longues d\u00e9marches et des sanctions. Par ailleurs,<br \/>\nle blanc r\u00e9fl\u00e9chit mieux la chaleur, et dans un pays comme le<br \/>\nTurkm\u00e9nistan, cette consid\u00e9ration n&rsquo;est pas n\u00e9gligeable. Dans la<br \/>\nville comptant le plus de b\u00e2timents en marbre, les voitures sont<br \/>\nassorties avec la couleur des murs d&rsquo;Achgabat. Il fallait y<br \/>\npenser&#8230;<\/p>\n","protected":false},"excerpt":{"rendered":"Le pr\u00e9sident de ce pays a interdit \u00e0 ses concitoyens de choisir une voiture d&rsquo;une autre couleur. D\u00e9couvrez&hellip;\n","protected":false},"author":2,"featured_media":670575,"comment_status":"","ping_status":"","sticky":false,"template":"","format":"standard","meta":{"footnotes":""},"categories":[5],"tags":[11,10281,1011,27,14,12,28],"class_list":{"0":"post-670574","1":"post","2":"type-post","3":"status-publish","4":"format-standard","5":"has-post-thumbnail","7":"category-international","8":"tag-actualites","9":"tag-buzz-nonli","10":"tag-fr","11":"tag-france","12":"tag-international","13":"tag-news","14":"tag-world"},"share_on_mastodon":{"url":"https:\/\/pubeurope.com\/@fr\/115911870717307875","error":""},"_links":{"self":[{"href":"https:\/\/www.europesays.com\/fr\/wp-json\/wp\/v2\/posts\/670574","targetHints":{"allow":["GET"]}}],"collection":[{"href":"https:\/\/www.europesays.com\/fr\/wp-json\/wp\/v2\/posts"}],"about":[{"href":"https:\/\/www.europesays.com\/fr\/wp-json\/wp\/v2\/types\/post"}],"author":[{"embeddable":true,"href":"https:\/\/www.europesays.com\/fr\/wp-json\/wp\/v2\/users\/2"}],"replies":[{"embeddable":true,"href":"https:\/\/www.europesays.com\/fr\/wp-json\/wp\/v2\/comments?post=670574"}],"version-history":[{"count":0,"href":"https:\/\/www.europesays.com\/fr\/wp-json\/wp\/v2\/posts\/670574\/revisions"}],"wp:featuredmedia":[{"embeddable":true,"href":"https:\/\/www.europesays.com\/fr\/wp-json\/wp\/v2\/media\/670575"}],"wp:attachment":[{"href":"https:\/\/www.europesays.com\/fr\/wp-json\/wp\/v2\/media?parent=670574"}],"wp:term":[{"taxonomy":"category","embeddable":true,"href":"https:\/\/www.europesays.com\/fr\/wp-json\/wp\/v2\/categories?post=670574"},{"taxonomy":"post_tag","embeddable":true,"href":"https:\/\/www.europesays.com\/fr\/wp-json\/wp\/v2\/tags?post=670574"}],"curies":[{"name":"wp","href":"https:\/\/api.w.org\/{rel}","templated":true}]}}