{"id":67059,"date":"2025-05-01T14:16:09","date_gmt":"2025-05-01T14:16:09","guid":{"rendered":"https:\/\/www.europesays.com\/fr\/67059\/"},"modified":"2025-05-01T14:16:09","modified_gmt":"2025-05-01T14:16:09","slug":"une-journee-de-mobilisation-organisee-le-5-juin-annonce-la-cgt","status":"publish","type":"post","link":"https:\/\/www.europesays.com\/fr\/67059\/","title":{"rendered":"une journ\u00e9e de mobilisation organis\u00e9e le 5 juin, annonce la CGT"},"content":{"rendered":"<p class=\"article-p mdl\">\u00ab\u00a0La question sociale ne doit pas dispara\u00eetre des radars\u00a0\u00bb. Sophie Binet, a salu\u00e9 une \u00ab\u00a0r\u00e9ussite\u00a0\u00bb de la mobilisation avec \u00ab\u00a0des centaines de milliers\u00a0\u00bb de manifestants \u00e0 travers la France pour ce jeudi 1er mai.\u00a0<\/p>\n<p class=\"article-p mdl\">La secr\u00e9taire g\u00e9n\u00e9rale de la CGT a \u00e9galement annonc\u00e9 l&rsquo;organisation d&rsquo;une nouvelle <strong>journ\u00e9e de manifestation et de gr\u00e8ves le 5 juin<\/strong> prochain contre la r\u00e9forme des retraites. \u00ab\u00a0Le 5 juin, nous appelons l&rsquo;ensemble des salari\u00e9s \u00e0 <strong>manifester pour l&rsquo;abrogation de la r\u00e9forme des retraites et pour faire entendre leurs revendications<\/strong> en mati\u00e8re d&#8217;emploi et de services publics\u00a0\u00bb, a expliqu\u00e9\u00a0<a class=\"link\" href=\"https:\/\/www.rtl.fr\/actu\/politique\/retraites-le-gouvernement-et-le-patronat-ont-torpille-le-conclave-denonce-sophie-binet-sur-rtl-7900485632\" title=\"Retraites : &quot;Le gouvernement et le patronat ont torpill\u00e9 le conclave&quot;, d\u00e9nonce Sophie Binet sur RTL\" target=\"_blank\" rel=\"noopener\">Sophie Binet<\/a>.<\/p>\n<p class=\"article-p mdl\">Le 5 juin prochain, une proposition de r\u00e9solution des d\u00e9put\u00e9s communistes visant \u00e0 abroger la r\u00e9forme des\u00a0<a class=\"link\" href=\"https:\/\/www.rtl.fr\/actu\/politique\/reforme-des-retraites-la-cgt-annonce-quitter-le-conclave-7900485187\" title=\"R\u00e9forme des retraites : la CGT annonce quitter le conclave\" target=\"_blank\" rel=\"noopener\">retraites<\/a>\u00a0sera examin\u00e9e. Elle donnera lieu \u00e0 un vote \u00e0 la port\u00e9e symbolique, lors de la \u00ab\u00a0niche\u00a0\u00bb parlementaire du groupe. <strong>Pour l&rsquo;heure, \u00ab\u00a0il n&rsquo;y a pas d&rsquo;intersyndicale<\/strong>. Chaque organisation a sa propre culture et sa propre histoire syndicale\u00a0\u00bb, a affirm\u00e9 Sophie Binet.<\/p>\n<p class=\"article-p mdl\">\u00ab\u00a0Le 13 mai, nous donnons rendez-vous aux fonctionnaires pour exiger des augmentations de salaires, d\u00e9fendre les services publics qui sont paup\u00e9ris\u00e9s\u00a0\u00bb, a indiqu\u00e9 la secr\u00e9taire g\u00e9n\u00e9rale de la CGT.<\/p>\n<p>    La r\u00e9daction vous recommande<\/p>\n<p class=\"s-newsletter__title\">\n                L\u2019actualit\u00e9 par la r\u00e9daction de RTL dans votre bo\u00eete mail.\n            <\/p>\n<p class=\"s-newsletter__subtitle\">\n                Gr\u00e2ce \u00e0 votre compte RTL abonnez-vous \u00e0 la newsletter RTL info pour suivre toute l&rsquo;actualit\u00e9 au quotidien\n            <\/p>\n<p>\n                                    Lire la suite\n                                <\/p>\n","protected":false},"excerpt":{"rendered":"\u00ab\u00a0La question sociale ne doit pas dispara\u00eetre des radars\u00a0\u00bb. Sophie Binet, a salu\u00e9 une \u00ab\u00a0r\u00e9ussite\u00a0\u00bb de la mobilisation&hellip;\n","protected":false},"author":2,"featured_media":67060,"comment_status":"","ping_status":"","sticky":false,"template":"","format":"standard","meta":{"footnotes":""},"categories":[2821],"tags":[1111,11,829,1271,1777,674,107,1011,27,6151,1272,12,11036,584,25,9910],"class_list":{"0":"post-67059","1":"post","2":"type-post","3":"status-publish","4":"format-standard","5":"has-post-thumbnail","7":"category-rennes","8":"tag-actu","9":"tag-actualites","10":"tag-bretagne","11":"tag-cgt","12":"tag-eu","13":"tag-europe","14":"tag-fil-info","15":"tag-fr","16":"tag-france","17":"tag-greve","18":"tag-manifestations","19":"tag-news","20":"tag-reforme-des-retraites","21":"tag-rennes","22":"tag-republique-francaise","23":"tag-retraites"},"share_on_mastodon":{"url":"https:\/\/pubeurope.com\/@fr\/114433004898702718","error":""},"_links":{"self":[{"href":"https:\/\/www.europesays.com\/fr\/wp-json\/wp\/v2\/posts\/67059","targetHints":{"allow":["GET"]}}],"collection":[{"href":"https:\/\/www.europesays.com\/fr\/wp-json\/wp\/v2\/posts"}],"about":[{"href":"https:\/\/www.europesays.com\/fr\/wp-json\/wp\/v2\/types\/post"}],"author":[{"embeddable":true,"href":"https:\/\/www.europesays.com\/fr\/wp-json\/wp\/v2\/users\/2"}],"replies":[{"embeddable":true,"href":"https:\/\/www.europesays.com\/fr\/wp-json\/wp\/v2\/comments?post=67059"}],"version-history":[{"count":0,"href":"https:\/\/www.europesays.com\/fr\/wp-json\/wp\/v2\/posts\/67059\/revisions"}],"wp:featuredmedia":[{"embeddable":true,"href":"https:\/\/www.europesays.com\/fr\/wp-json\/wp\/v2\/media\/67060"}],"wp:attachment":[{"href":"https:\/\/www.europesays.com\/fr\/wp-json\/wp\/v2\/media?parent=67059"}],"wp:term":[{"taxonomy":"category","embeddable":true,"href":"https:\/\/www.europesays.com\/fr\/wp-json\/wp\/v2\/categories?post=67059"},{"taxonomy":"post_tag","embeddable":true,"href":"https:\/\/www.europesays.com\/fr\/wp-json\/wp\/v2\/tags?post=67059"}],"curies":[{"name":"wp","href":"https:\/\/api.w.org\/{rel}","templated":true}]}}