{"id":670605,"date":"2026-01-17T18:50:28","date_gmt":"2026-01-17T18:50:28","guid":{"rendered":"https:\/\/www.europesays.com\/fr\/670605\/"},"modified":"2026-01-17T18:50:28","modified_gmt":"2026-01-17T18:50:28","slug":"ligue-1-le-racing-club-de-strasbourg-doit-relancer-la-machine-face-a-metz","status":"publish","type":"post","link":"https:\/\/www.europesays.com\/fr\/670605\/","title":{"rendered":"Ligue 1. Le Racing Club de Strasbourg doit relancer la machine face \u00e0 Metz"},"content":{"rendered":"<p>La pression, quelle pression\u200a? <a href=\"https:\/\/www.dna.fr\/p\/gary-o-neil\" target=\"_blank\" rel=\"noopener\">Gary O\u2019Neil<\/a> avait le sourire au moment d\u2019\u00e9voquer sa premi\u00e8re \u00e0 la Meinau qui sera donc un derby, toujours attendu en Alsace, face \u00e0 Metz. Une opposition dont il a beaucoup discut\u00e9 avec son adjoint Jean-Marc Kuentz pour en cerner les contours.<\/p>\n<p>Mais s\u2019il est encore un jeune technicien, \u00e0 42 ans, l\u2019Anglais en a vu d\u2019autres, que ce soit comme joueur ou entra\u00eeneur. C\u2019est donc avec une certaine excitation qu\u2019il attend sa premi\u00e8re rencontre en Ligue\u200a1, huit jours apr\u00e8s une premi\u00e8re parfaitement ma\u00eetris\u00e9e \u00e0 Avranche en 16es de finale de la Coupe de France.<\/p>\n<p>\u00ab\u200aAu d\u00e9but, je pouvais avoir du stress, mais aujourd\u2019hui c\u2019est un privil\u00e8ge que d\u2019\u00eatre sous pression, affirme le rempla\u00e7ant de <a href=\"https:\/\/www.dna.fr\/p\/liam-rosenior\" target=\"_blank\" rel=\"noopener\">Liam Rosenior<\/a>, heureux d\u2019avoir retrouv\u00e9 un banc. Je suis content d\u2019\u00eatre l\u00e0, douze mois apr\u00e8s avoir quitt\u00e9 les \u00ab\u00a0Wolves\u00a0\u00bb (il avait \u00e9t\u00e9 remerci\u00e9 par Wolverhampton le 15\u00a0d\u00e9cembre\u00a02024, ndlr). Et j\u2019ai h\u00e2te de d\u00e9couvrir l\u2019ambiance du stade.\u200a\u00bb<\/p>\n<p>\u00ab\u00a0On sait qu\u2019on doit prendre les&#8230;                        <\/p>\n","protected":false},"excerpt":{"rendered":"La pression, quelle pression\u200a? Gary O\u2019Neil avait le sourire au moment d\u2019\u00e9voquer sa premi\u00e8re \u00e0 la Meinau qui&hellip;\n","protected":false},"author":2,"featured_media":670606,"comment_status":"","ping_status":"","sticky":false,"template":"","format":"standard","meta":{"footnotes":""},"categories":[2820],"tags":[1111,11,2389,2649,2880,1777,674,107,1011,27,775,7020,12,41281,25,517,640],"class_list":{"0":"post-670605","1":"post","2":"type-post","3":"status-publish","4":"format-standard","5":"has-post-thumbnail","7":"category-strasbourg","8":"tag-actu","9":"tag-actualites","10":"tag-alsace","11":"tag-bas-rhin","12":"tag-edition-strasbourg","13":"tag-eu","14":"tag-europe","15":"tag-fil-info","16":"tag-fr","17":"tag-france","18":"tag-grand-est","19":"tag-ligue-1-football","20":"tag-news","21":"tag-racing-club-strasbourg-masculin","22":"tag-republique-francaise","23":"tag-sport","24":"tag-strasbourg"},"share_on_mastodon":{"url":"https:\/\/pubeurope.com\/@fr\/115911945303969243","error":""},"_links":{"self":[{"href":"https:\/\/www.europesays.com\/fr\/wp-json\/wp\/v2\/posts\/670605","targetHints":{"allow":["GET"]}}],"collection":[{"href":"https:\/\/www.europesays.com\/fr\/wp-json\/wp\/v2\/posts"}],"about":[{"href":"https:\/\/www.europesays.com\/fr\/wp-json\/wp\/v2\/types\/post"}],"author":[{"embeddable":true,"href":"https:\/\/www.europesays.com\/fr\/wp-json\/wp\/v2\/users\/2"}],"replies":[{"embeddable":true,"href":"https:\/\/www.europesays.com\/fr\/wp-json\/wp\/v2\/comments?post=670605"}],"version-history":[{"count":0,"href":"https:\/\/www.europesays.com\/fr\/wp-json\/wp\/v2\/posts\/670605\/revisions"}],"wp:featuredmedia":[{"embeddable":true,"href":"https:\/\/www.europesays.com\/fr\/wp-json\/wp\/v2\/media\/670606"}],"wp:attachment":[{"href":"https:\/\/www.europesays.com\/fr\/wp-json\/wp\/v2\/media?parent=670605"}],"wp:term":[{"taxonomy":"category","embeddable":true,"href":"https:\/\/www.europesays.com\/fr\/wp-json\/wp\/v2\/categories?post=670605"},{"taxonomy":"post_tag","embeddable":true,"href":"https:\/\/www.europesays.com\/fr\/wp-json\/wp\/v2\/tags?post=670605"}],"curies":[{"name":"wp","href":"https:\/\/api.w.org\/{rel}","templated":true}]}}