{"id":670621,"date":"2026-01-17T19:01:10","date_gmt":"2026-01-17T19:01:10","guid":{"rendered":"https:\/\/www.europesays.com\/fr\/670621\/"},"modified":"2026-01-17T19:01:10","modified_gmt":"2026-01-17T19:01:10","slug":"davignon-a-marseille-ces-femmes-adaptent-leur-vie-pour-se-proteger","status":"publish","type":"post","link":"https:\/\/www.europesays.com\/fr\/670621\/","title":{"rendered":"d&rsquo;Avignon \u00e0 Marseille, ces femmes adaptent leur vie pour se \u00ab\u00a0prot\u00e9ger\u00a0\u00bb"},"content":{"rendered":"<p>\u00ab\u00a0C\u2019est quotidien<strong>,<\/strong> quand je sors dans la rue ce sont des r\u00e9flexions verbales et des regards sur mon corps et mon physique, c\u2019est tr\u00e8s sale, tr\u00e8s sexualis\u00e9\u00a0\u00bb, confie Lison, 22\u00a0ans, l\u2019air \u00e9c\u0153ur\u00e9. Et ce n\u2019est qu\u2019un exemple de ce que de nombreuses femmes subissent presque quotidiennement dans l\u2019espace public.<\/p>\n<p>Du regard insistant \u00e0 l\u2019injure en passant par l\u2019intimidation ou le fait de suivre une femme, le<a href=\"https:\/\/www.laprovence.com\/article\/region\/98606153434290\/harcelement-de-rue-100-lieux-refuges-a-marseille-grace-a-umay-l-application-a-utiliser-en-cas-de-danger\" target=\"_blank\" rel=\"noopener\"> harc\u00e8lement de rue<\/a> &#8211; ou d\u00e9lit d\u2019outrage sexiste selon la loi de\u00a02018 &#8211; est pourtant monnaie courante.<\/p>\n<p>Une adaptation constante pour se \u00ab\u00a0prot\u00e9ger\u00a0\u00bb<strong\/><\/p>\n<p>Tout a commenc\u00e9 au lyc\u00e9e. En marchant, Mathilde* remarque des hommes se masturbant devant elle. \u00c0 31\u00a0ans, son souvenir lui est intact, son d\u00e9go\u00fbt aussi. \u00ab\u00a0Le harc\u00e8lement de rue, \u00e7a nous arrive \u00e0 des \u00e2ges jeunes\u00a0\u00bb, d\u00e9plore-t-elle. Cette Avignonnaise adopte donc des strat\u00e9gies <a href=\"https:\/\/www.laprovence.com\/article\/papier\/6361708\/la-peur-peut-elle-changer-de-camp.html\" target=\"_blank\" rel=\"noopener\">dans son quotidien<\/a>, notamment lorsqu\u2019elle passe devant des groupes d\u2019hommes\u00a0: \u00ab\u00a0J\u2019ai un casque et \u00e0 certains moments je coupe la musique pour entendre, en gardant le casque\u00a0\u00bb, explique-t-elle. Elle passe aussi par des rues \u00e9clair\u00e9es, \u00ab\u00a0surtout la nuit\u00a0\u00bb, pr\u00e9cise-t-elle. Et elle est loin d\u2019\u00eatre la seule.<\/p>\n<p>\u00c0 Marseille, Lison rallonge de cinq \u00e0 dix minutes son trajet habituel pour aller&#8230;<\/p>\n","protected":false},"excerpt":{"rendered":"\u00ab\u00a0C\u2019est quotidien, quand je sors dans la rue ce sont des r\u00e9flexions verbales et des regards sur mon&hellip;\n","protected":false},"author":2,"featured_media":670622,"comment_status":"","ping_status":"","sticky":false,"template":"","format":"standard","meta":{"footnotes":""},"categories":[2814],"tags":[5734,1111,11,33611,9122,850,1777,674,4651,1011,27,3668,884,12,882,25,3640,104],"class_list":{"0":"post-670621","1":"post","2":"type-post","3":"status-publish","4":"format-standard","5":"has-post-thumbnail","7":"category-marseille","8":"tag-5734","9":"tag-actu","10":"tag-actualites","11":"tag-adaptent","12":"tag-ces","13":"tag-davignon","14":"tag-eu","15":"tag-europe","16":"tag-femmes","17":"tag-fr","18":"tag-france","19":"tag-harcelement","20":"tag-marseille","21":"tag-news","22":"tag-provence-alpes-cote-dazur","23":"tag-republique-francaise","24":"tag-rue","25":"tag-societe"},"share_on_mastodon":{"url":"https:\/\/pubeurope.com\/@fr\/115911988673455895","error":""},"_links":{"self":[{"href":"https:\/\/www.europesays.com\/fr\/wp-json\/wp\/v2\/posts\/670621","targetHints":{"allow":["GET"]}}],"collection":[{"href":"https:\/\/www.europesays.com\/fr\/wp-json\/wp\/v2\/posts"}],"about":[{"href":"https:\/\/www.europesays.com\/fr\/wp-json\/wp\/v2\/types\/post"}],"author":[{"embeddable":true,"href":"https:\/\/www.europesays.com\/fr\/wp-json\/wp\/v2\/users\/2"}],"replies":[{"embeddable":true,"href":"https:\/\/www.europesays.com\/fr\/wp-json\/wp\/v2\/comments?post=670621"}],"version-history":[{"count":0,"href":"https:\/\/www.europesays.com\/fr\/wp-json\/wp\/v2\/posts\/670621\/revisions"}],"wp:featuredmedia":[{"embeddable":true,"href":"https:\/\/www.europesays.com\/fr\/wp-json\/wp\/v2\/media\/670622"}],"wp:attachment":[{"href":"https:\/\/www.europesays.com\/fr\/wp-json\/wp\/v2\/media?parent=670621"}],"wp:term":[{"taxonomy":"category","embeddable":true,"href":"https:\/\/www.europesays.com\/fr\/wp-json\/wp\/v2\/categories?post=670621"},{"taxonomy":"post_tag","embeddable":true,"href":"https:\/\/www.europesays.com\/fr\/wp-json\/wp\/v2\/tags?post=670621"}],"curies":[{"name":"wp","href":"https:\/\/api.w.org\/{rel}","templated":true}]}}