{"id":670627,"date":"2026-01-17T19:04:18","date_gmt":"2026-01-17T19:04:18","guid":{"rendered":"https:\/\/www.europesays.com\/fr\/670627\/"},"modified":"2026-01-17T19:04:18","modified_gmt":"2026-01-17T19:04:18","slug":"un-policier-blesse-lors-dun-refus-dobtemperer-pendant-un-rodeo-urbain","status":"publish","type":"post","link":"https:\/\/www.europesays.com\/fr\/670627\/","title":{"rendered":"un policier bless\u00e9 lors d\u2019un refus d\u2019obtemp\u00e9rer pendant un rod\u00e9o urbain"},"content":{"rendered":"<p>\n    Il a \u00e9t\u00e9 transport\u00e9 aux urgences apr\u00e8s avoir \u00e9t\u00e9 bless\u00e9 au genou et \u00e0 l\u2019arcade. Trois motards sont activement recherch\u00e9s.<\/p>\n<p class=\"fig-paragraph\">\u00abTrop, c\u2019est trop\u00bb, \u00e9crit le syndicat de police Un1t\u00e9 sur la page Facebook du d\u00e9partement du Rh\u00f4ne. Vendredi soir, un policier a \u00e9t\u00e9 bless\u00e9 lors d\u2019<a href=\"https:\/\/www.lefigaro.fr\/actualite-france\/refus-d-obtemperer-l-autorite-bafouee-toutes-les-trente-minutes-en-france-20220815\" data-fig-type=\"Article\" data-gtm-custom-categorie=\"navigation\" data-gtm-custom-action=\"crossclick\" data-gtm-custom-label=\"Contextuel\" data-gtm-event=\"customEventSPE\" data-fig-domain=\"LEFIGARO\" target=\"_blank\" rel=\"noopener\">un refus d\u2019obtemp\u00e9rer<\/a>\u00a0durant un rod\u00e9o urbain \u00e0 proximit\u00e9 de la place Bellecour, dans le 2e arrondissement de Lyon, indique une source polici\u00e8re au Figaro, confirmant les informations du site\u00a0<a href=\"https:\/\/actu.fr\/auvergne-rhone-alpes\/lyon_69123\/lyon-trop-c-est-trop-le-rodeo-sauvage-en-pleine-ville-pres-de-bellecour-derape_63712641.html\" target=\"_blank\" rel=\"sponsored noopener\" data-gtm-custom-categorie=\"navigation\" data-gtm-custom-action=\"crossclick\" data-gtm-custom-label=\"Contextuel\" data-gtm-event=\"customEventSPE\">Actu<\/a>. Trois individus sont activement recherch\u00e9s.<\/p>\n<p class=\"fig-paragraph\">Les faits se sont produits rue de la Barre, sur la presqu\u2019\u00eele de Lyon, aux alentours de 23h45. Un \u00e9quipage GSP (groupe de s\u00e9curit\u00e9 de proximit\u00e9) est intervenu pour interpeller trois individus lors d\u2019un rod\u00e9o urbain sur un trottoir. Mais les trois motards ont refus\u00e9 de s\u2019arr\u00eater et \u00abl\u2019un des individus a volontairement percut\u00e9 un fonctionnaire de police, le projetant violemment au sol avant de prendre la fuite\u00bb, indique le syndicat. Le policier a \u00e9t\u00e9 pris en charge par les sapeurs-pompiers et transport\u00e9 \u00e0 l\u2019h\u00f4pital, avec \u00abdes blessures au genou, \u00e0 la main et une arcade ouverte\u00bb, indique une source polici\u00e8re au Figaro. Il s\u2019est vu prescrire deux jours d\u2019ITT, ajoute notre source.<\/p>\n<p>                                            <a class=\"fig-a11y-skip\" href=\"#fig-a11y-skip-main-inarticle\" data-module=\"a11y-skip\" data-context=\"was @visible\"><br \/>\n    Passer la publicit\u00e9<br \/>\n<\/a>            <\/p>\n<p class=\"fig-paragraph\">Deux motos, signal\u00e9es vol\u00e9es, ont \u00e9t\u00e9 saisies. Les trois auteurs n\u2019ont pour l\u2019heure pas \u00e9t\u00e9 interpell\u00e9s. Aupr\u00e8s de nos confr\u00e8res du\u00a0<a href=\"https:\/\/www.leprogres.fr\/faits-divers-justice\/2026\/01\/17\/incapable-de-se-relever-un-motard-de-la-police-percute-lors-d-un-rodeo-en-presqu-ile-de-lyon-vendredi-soir?fbclid=IwY2xjawPYsr9leHRuA2FlbQIxMQBicmlkETF3WWVDOHpLN1pCOUpNOTZac3J0YwZhcHBfaWQQMjIyMDM5MTc4ODIwMDg5MgABHu_N09ZFdEEHzqBuShfFBP7k35JwS15JLmJKxI5BVoJdHBeYuQ7xjZAP-ZoQ_aem_m994Fhc5ZY2Dd_6-rekI1A\" target=\"_blank\" rel=\"sponsored noopener\" data-gtm-custom-categorie=\"navigation\" data-gtm-custom-action=\"crossclick\" data-gtm-custom-label=\"Contextuel\" data-gtm-event=\"customEventSPE\">Progr\u00e8s<\/a>, la pr\u00e9f\u00e8te du Rh\u00f4ne, Fabienne Buccio, dit \u00abcondamner fermement le comportement criminel des auteurs de ces rod\u00e9os vis-\u00e0-vis des policiers nationaux, qui ont tent\u00e9 de les stopper, et des passants\u00bb. Le parquet de Lyon n\u2019\u00e9tait lui pas joignable dans l\u2019imm\u00e9diat.<\/p>\n","protected":false},"excerpt":{"rendered":"Il a \u00e9t\u00e9 transport\u00e9 aux urgences apr\u00e8s avoir \u00e9t\u00e9 bless\u00e9 au genou et \u00e0 l\u2019arcade. Trois motards sont&hellip;\n","protected":false},"author":2,"featured_media":670628,"comment_status":"","ping_status":"","sticky":false,"template":"","format":"standard","meta":{"footnotes":""},"categories":[1889],"tags":[1111,11,2430,1777,674,1011,27,2428,12,1072,2852,25],"class_list":{"0":"post-670627","1":"post","2":"type-post","3":"status-publish","4":"format-standard","5":"has-post-thumbnail","7":"category-lyon","8":"tag-actu","9":"tag-actualites","10":"tag-auvergne-rhone-alpes","11":"tag-eu","12":"tag-europe","13":"tag-fr","14":"tag-france","15":"tag-lyon","16":"tag-news","17":"tag-police","18":"tag-refus-dobtemperer","19":"tag-republique-francaise"},"share_on_mastodon":{"url":"https:\/\/pubeurope.com\/@fr\/115912000309578671","error":""},"_links":{"self":[{"href":"https:\/\/www.europesays.com\/fr\/wp-json\/wp\/v2\/posts\/670627","targetHints":{"allow":["GET"]}}],"collection":[{"href":"https:\/\/www.europesays.com\/fr\/wp-json\/wp\/v2\/posts"}],"about":[{"href":"https:\/\/www.europesays.com\/fr\/wp-json\/wp\/v2\/types\/post"}],"author":[{"embeddable":true,"href":"https:\/\/www.europesays.com\/fr\/wp-json\/wp\/v2\/users\/2"}],"replies":[{"embeddable":true,"href":"https:\/\/www.europesays.com\/fr\/wp-json\/wp\/v2\/comments?post=670627"}],"version-history":[{"count":0,"href":"https:\/\/www.europesays.com\/fr\/wp-json\/wp\/v2\/posts\/670627\/revisions"}],"wp:featuredmedia":[{"embeddable":true,"href":"https:\/\/www.europesays.com\/fr\/wp-json\/wp\/v2\/media\/670628"}],"wp:attachment":[{"href":"https:\/\/www.europesays.com\/fr\/wp-json\/wp\/v2\/media?parent=670627"}],"wp:term":[{"taxonomy":"category","embeddable":true,"href":"https:\/\/www.europesays.com\/fr\/wp-json\/wp\/v2\/categories?post=670627"},{"taxonomy":"post_tag","embeddable":true,"href":"https:\/\/www.europesays.com\/fr\/wp-json\/wp\/v2\/tags?post=670627"}],"curies":[{"name":"wp","href":"https:\/\/api.w.org\/{rel}","templated":true}]}}