{"id":670629,"date":"2026-01-17T19:06:10","date_gmt":"2026-01-17T19:06:10","guid":{"rendered":"https:\/\/www.europesays.com\/fr\/670629\/"},"modified":"2026-01-17T19:06:10","modified_gmt":"2026-01-17T19:06:10","slug":"vague-de-froid-et-neige-fin-janvier-2026-paris-et-lile-de-france-menaces-par-le-retour-de-lhiver","status":"publish","type":"post","link":"https:\/\/www.europesays.com\/fr\/670629\/","title":{"rendered":"Vague de froid et neige : fin janvier 2026, Paris et l&rsquo;\u00cele de France menac\u00e9s par le retour de l&rsquo;hiver"},"content":{"rendered":"<p>Depuis quelques jours, la douceur fait presque oublier l\u2019hiver<br \/>\naux habitants de Paris. On se surprend \u00e0 croire que la saison<br \/>\nfroide est termin\u00e9e et que le printemps arrive. Pourtant, en<br \/>\ncoulisse, les m\u00e9t\u00e9orologues qui ont d\u00e9j\u00e0 annonc\u00e9 l&rsquo;arriv\u00e9e de la<br \/>\n<a href=\"https:\/\/www.mariefrance.fr\/actualite\/societe\/la-tempete-harry-arrive-sur-la-france-il-va-beaucoup-neiger-et-pleuvoir-dans-ces-departements-jusquau-20-janvier-1237204.html\" target=\"_blank\" rel=\"noopener\"><br \/>\n<strong>temp\u00eate Harry<\/strong><\/a>, surtout dans le <a href=\"https:\/\/www.mariefrance.fr\/actualite\/societe\/entre-20-a-40-centimetres-de-neige-la-tempete-harry-va-frapper-les-pyrenees-orientales-jusquau-20-janvier-1237208.html\" target=\"_blank\" rel=\"noopener\"><br \/>\nSud de la France<\/a>, scrutent d&rsquo;autres signaux hivernaux bien<br \/>\nmoins tranquilles pour la <strong>fin janvier 2026<\/strong>.<\/p>\n<p>Au nord de l\u2019Europe, un gigantesque r\u00e9servoir d\u2019air glacial<br \/>\nappel\u00e9 <strong>\u00ab\u00a0Paris Moscou\u00a0\u00bb<\/strong> s\u2019est form\u00e9 entre la<br \/>\nScandinavie et la Sib\u00e9rie, avec des temp\u00e9ratures tomb\u00e9es jusqu\u2019\u00e0<br \/>\n-42,8\u00b0C en Finlande et pr\u00e8s de -60\u00b0C \u00e0 Yakoutsk. Si cette masse<br \/>\nd\u2019air d\u00e9ferle vers l\u2019ouest autour du 25-26 janvier, la question<br \/>\nrevient aussit\u00f4t : Paris de nouveau sous les flocons ?<\/p>\n<p>Un redoux trompeur avant un possible retour du froid en<br \/>\n\u00cele-de-France<\/p>\n<p>En \u00cele-de-France, le d\u00e9but d\u2019ann\u00e9e est domin\u00e9 par un flux<br \/>\noc\u00e9anique de sud-sud-ouest qui fait remonter de l\u2019air doux depuis<br \/>\nl\u2019Atlantique. Les temp\u00e9ratures se situent largement au-dessus des<br \/>\nmoyennes de saison, sans gel\u00e9es ni risque de neige \u00e0 court terme,<br \/>\ntandis qu\u2019au Pays basque les maximales grimpent jusqu\u2019\u00e0 20\u00b0C et<br \/>\nd\u00e9passent souvent 10\u00b0C sur une grande partie du pays.<\/p>\n<p>Ce tableau contraste avec le froid extr\u00eame observ\u00e9 plus au nord.<br \/>\nEn Laponie finlandaise, le mercure a chut\u00e9 jusqu\u2019\u00e0 -42,8\u00b0C \u00e0<br \/>\nSavukoski-Tulppio, tandis qu\u2019en Sib\u00e9rie certaines zones ont<br \/>\napproch\u00e9 les -60\u00b0C et que Yakoutsk a d\u00fb composer plusieurs jours<br \/>\navec des valeurs comprises entre -50\u00b0C et -56\u00b0C, au point de<br \/>\nperturber la vie quotidienne.<\/p>\n<p>Le sc\u00e9nario Moscou-Paris : pourquoi la neige pourrait revenir<br \/>\nfin janvier 2026<\/p>\n<p>Les mod\u00e8les num\u00e9riques envisagent pour la fin de troisi\u00e8me<br \/>\nsemaine de janvier un changement de r\u00e9gime, avec l\u2019installation<br \/>\npossible de hautes pressions entre Atlantique Nord et Scandinavie.<br \/>\nCe blocage anticyclonique canaliserait un flux continental venu de<br \/>\nl\u2019est, faisant glisser l\u2019air sib\u00e9rien vers la France : c\u2019est le<br \/>\nsc\u00e9nario <strong>\u00ab\u00a0Moscou-Paris\u00a0\u00bb<\/strong>, bien connu des passionn\u00e9s<br \/>\nde m\u00e9t\u00e9o.<\/p>\n<p>Si cette configuration se met en place, les temp\u00e9ratures<br \/>\npourraient passer sous les normales de saison sur Paris et<br \/>\nl\u2019ensemble de l\u2019\u00cele-de-France, avec un d\u00e9ficit moyen proche de -1\u00b0C<br \/>\nentre le 26 janvier et le 1er f\u00e9vrier. Les gel\u00e9es redeviendraient<br \/>\nfr\u00e9quentes et le risque de <strong>neige \u00e0 Paris fin janvier<br \/>\n2026<\/strong> augmenterait, m\u00eame si l\u2019intensit\u00e9 reste tr\u00e8s<br \/>\nincertaine.<\/p>\n<p>Quels impacts pour les Franciliens et<br \/>\ncomment se pr\u00e9parer<\/p>\n<p>Un tel \u00e9pisode de <strong>vague de froid<\/strong> pourrait<br \/>\nperturber fortement le quotidien. Les difficult\u00e9s de circulation,<br \/>\nles retards ou suspensions de transports en commun et la hausse des<br \/>\naccidents domestiques li\u00e9s au verglas font partie des sc\u00e9narios<br \/>\nredout\u00e9s. Le r\u00e9seau Vigicrues surveille aussi les cours d\u2019eau, car<br \/>\nun redoux humide suivi d\u2019un refroidissement brutal peut entra\u00eener<br \/>\ncrues puis gel localis\u00e9 sur certains secteurs.<\/p>\n<p>Les sp\u00e9cialistes rappellent que ce type de d\u00e9crochage froid peut<br \/>\n\u00eatre favoris\u00e9 par un affaiblissement du vortex polaire, m\u00eame en<br \/>\nplein <strong>r\u00e9chauffement climatique<\/strong> o\u00f9 les vagues de<br \/>\nfroid deviennent moins fr\u00e9quentes mais parfois plus intenses. Pour<br \/>\nles habitants de Paris et de l\u2019\u00cele-de-France, l\u2019enjeu est surtout<br \/>\nd\u2019anticiper : v\u00e9rifier le chauffage et les acc\u00e8s ext\u00e9rieurs,<br \/>\nlimiter les d\u00e9placements en cas d\u2019alerte neige-verglas, prot\u00e9ger<br \/>\nles personnes fragiles et suivre de pr\u00e8s les bulletins de<br \/>\nM\u00e9t\u00e9o-France et de La Cha\u00eene M\u00e9t\u00e9o.<\/p>\n","protected":false},"excerpt":{"rendered":"Depuis quelques jours, la douceur fait presque oublier l\u2019hiver aux habitants de Paris. On se surprend \u00e0 croire&hellip;\n","protected":false},"author":2,"featured_media":670630,"comment_status":"","ping_status":"","sticky":false,"template":"","format":"standard","meta":{"footnotes":""},"categories":[1592],"tags":[1111,47,11,1102,21303,1777,674,1011,27,3447,6736,662,12,626,25],"class_list":{"0":"post-670629","1":"post","2":"type-post","3":"status-publish","4":"format-standard","5":"has-post-thumbnail","7":"category-ile-de-france","8":"tag-actu","9":"tag-actualite","10":"tag-actualites","11":"tag-breakingnews","12":"tag-buzz_nonli","13":"tag-eu","14":"tag-europe","15":"tag-fr","16":"tag-france","17":"tag-froid","18":"tag-hiver","19":"tag-ile-de-france","20":"tag-news","21":"tag-paris","22":"tag-republique-francaise"},"share_on_mastodon":{"url":"https:\/\/pubeurope.com\/@fr\/115912008220010871","error":""},"_links":{"self":[{"href":"https:\/\/www.europesays.com\/fr\/wp-json\/wp\/v2\/posts\/670629","targetHints":{"allow":["GET"]}}],"collection":[{"href":"https:\/\/www.europesays.com\/fr\/wp-json\/wp\/v2\/posts"}],"about":[{"href":"https:\/\/www.europesays.com\/fr\/wp-json\/wp\/v2\/types\/post"}],"author":[{"embeddable":true,"href":"https:\/\/www.europesays.com\/fr\/wp-json\/wp\/v2\/users\/2"}],"replies":[{"embeddable":true,"href":"https:\/\/www.europesays.com\/fr\/wp-json\/wp\/v2\/comments?post=670629"}],"version-history":[{"count":0,"href":"https:\/\/www.europesays.com\/fr\/wp-json\/wp\/v2\/posts\/670629\/revisions"}],"wp:featuredmedia":[{"embeddable":true,"href":"https:\/\/www.europesays.com\/fr\/wp-json\/wp\/v2\/media\/670630"}],"wp:attachment":[{"href":"https:\/\/www.europesays.com\/fr\/wp-json\/wp\/v2\/media?parent=670629"}],"wp:term":[{"taxonomy":"category","embeddable":true,"href":"https:\/\/www.europesays.com\/fr\/wp-json\/wp\/v2\/categories?post=670629"},{"taxonomy":"post_tag","embeddable":true,"href":"https:\/\/www.europesays.com\/fr\/wp-json\/wp\/v2\/tags?post=670629"}],"curies":[{"name":"wp","href":"https:\/\/api.w.org\/{rel}","templated":true}]}}