{"id":67063,"date":"2025-05-01T14:18:31","date_gmt":"2025-05-01T14:18:31","guid":{"rendered":"https:\/\/www.europesays.com\/fr\/67063\/"},"modified":"2025-05-01T14:18:31","modified_gmt":"2025-05-01T14:18:31","slug":"on-fait-quoi-ce-week-end-cine-concerts-solidaires-stand-up-nos-idees-de-sorties-a-strasbourg","status":"publish","type":"post","link":"https:\/\/www.europesays.com\/fr\/67063\/","title":{"rendered":"On fait quoi ce week-end. Cin\u00e9, concerts solidaires, stand up&#8230; nos id\u00e9es de sorties \u00e0 Strasbourg"},"content":{"rendered":"<p>  Strasbourg \u00a0: le <a href=\"https:\/\/www.dna.fr\/p\/parlement-europeen\" target=\"_blank\" rel=\"nofollow noopener\">Parlement europ\u00e9en<\/a> ouvre ses portes au public ce dimanche<\/p>\n<p><strong>Le Parlement europ\u00e9en organise une journ\u00e9e portes ouvertes le dimanche 4\u00a0mai de 10\u00a0h \u00e0 18\u00a0h. Toute la journ\u00e9e, les visiteurs pourront d\u00e9couvrir les b\u00e2timents, le r\u00f4le et le fonctionnement de l\u2019institution, visiter l\u2019h\u00e9micycle et rencontrer des d\u00e9put\u00e9s europ\u00e9ens.<\/strong><\/p>\n<p>Pr\u00e8s d\u2019un an apr\u00e8s les derni\u00e8res \u00e9lections, et 75 ans apr\u00e8s la D\u00e9claration Schuman, <a href=\"https:\/\/www.dna.fr\/culture-loisirs\/2021\/05\/09\/celebrer-l-europe-pour-la-jeune-generation\" target=\"_blank\" rel=\"nofollow noopener\">moment cl\u00e9 de la cr\u00e9ation de l\u2019Union europ\u00e9enne c\u00e9l\u00e9br\u00e9 chaque ann\u00e9e le 9\u00a0mai,<\/a> le Parlement europ\u00e9en ouvre ses portes le dimanche 4\u00a0mai de 10\u00a0h \u00e0 18\u00a0h. L\u2019occasion d\u2019en apprendre davantage sur ses principales missions\u00a0: la l\u00e9gislation, le budget et le contr\u00f4le budg\u00e9taire et d\u00e9mocratique.<\/p>\n<p>Dans l\u2019h\u00e9micycle, ouvert au public de 11\u00a0h \u00e0 17\u00a0h\u00a030, apr\u00e8s la c\u00e9r\u00e9monie d\u2019ouverture officielle, les citoyens pourront \u00e9changer avec le d\u00e9put\u00e9 europ\u00e9en Siegfried Muresan, lors d\u2019un d\u00e9bat sur le cadre financier pluriannuel de l\u2019Union europ\u00e9enne (de 12\u00a0h \u00e0 13\u00a0h). De 13\u00a0h \u00e0 17\u00a0h\u00a030, place aux conf\u00e9rences sur le fonctionnement du Parlement europ\u00e9en.<\/p>\n<p>  \u00c9changes avec des experts, ateliers, espace enfants<\/p>\n<p><a href=\"https:\/\/www.dna.fr\/politique\/2024\/04\/27\/au-parlement-une-journee-portes-ouvertes-avec-les-elections-en-toile-de-fond\" target=\"_blank\" rel=\"nofollow noopener\">Un circuit traversant les diff\u00e9rents b\u00e2timents sera mis en place<\/a>. Au fil des \u00e9tapes\u00a0: stand d\u2019accueil\u00a0; \u00e9change avec des experts sur les enjeux de la d\u00e9sinformation\u00a0; jeu en \u00e9quipe sur la cybers\u00e9curit\u00e9\u00a0; ateliers interactifs sur le multilinguisme\u00a0; pr\u00e9sentation de r\u00e9alisations concr\u00e8tes de l\u2019UE\u00a0; dialogue avec les repr\u00e9sentants des groupes politiques\u00a0; possibilit\u00e9s d\u2019emplois et de stages\u00a0; rencontre citoyennes\u00a0; expositions\u00a0; animations culturelles et espace enfants.<\/p>\n<p class=\"note\">Dimanche 4\u00a0mai de 10\u00a0h \u00e0 18\u00a0h (derni\u00e8re entr\u00e9e \u00e0 17\u00a0h\u00a030) au Parlement europ\u00e9en 1, all\u00e9e du Printemps \u00e0 Strasbourg. Navettes fluviales gratuites Batorama toute la journ\u00e9e depuis le quai au Sable. Plus d\u2019infos\u00a0: <a href=\"https:\/\/www.europarl.europa.eu\/europe-day\/fr\/\" target=\"_blank\" rel=\"nofollow noopener\">www.europarl.europa.eu\/europe-day\/fr<\/a><\/p>\n<p>        &#13;<br \/>\n          <a href=\"https:\/\/cdn-s-www.dna.fr\/images\/fcdb7180-d158-4472-91d7-609c5ff56d22\/NW_raw\/photo-dr-1746028441.jpg\" title=\"Photo DR\" class=\"chocolat-image GA-tracking\" data-ga_type=\"click\" data-ga_category=\"D\u00e9tail\" data-ga_action=\"zoomer\" data-ga_label=\"agrandir image\" rel=\"nofollow noopener\" target=\"_blank\">&#13;<br \/>\n            <img loading=\"lazy\" decoding=\"async\" src=\"https:\/\/www.europesays.com\/fr\/wp-content\/uploads\/2025\/05\/photo-dr-1746028441.jpg\" alt=\"Photo DR\"\/>&#13;<br \/>\n          <\/a>&#13;<br \/>\n          &#13;<\/p>\n<p class=\"insetTitle\">Strasbourg  : le festival Arsmondo M\u00e9diterran\u00e9e fait son cin\u00e9ma au Cosmos<\/p>\n<p>Dans le cadre du <a href=\"https:\/\/www.dna.fr\/culture-loisirs\/2025\/04\/17\/le-festival-arsmondo-de-l-opera-du-rhin-voyage-en-mediterranee\" target=\"_blank\" rel=\"nofollow noopener\">festival Arsmondo<\/a>, le Cosmos et l\u2019Op\u00e9ra national du Rhin proposent des projections complices.<\/p>\n<p>Au programme samedi 3\u00a0mai, le cultissime Le Gu\u00e9pard de Visconti \u00e0 16\u200ah, dimanche 4\u00a0mai, le film d\u2019animation Wardi (\u00e0 partir de 10 ans) \u00e0 10\u200ah\u200a30 ou encore Le Regard d\u2019Ulysse \u00e0 18\u200ah.<\/p>\n<p class=\"note\">De 4,90\u00a0\u20ac \u00e0 9\u00a0\u20ac.<\/p>\n<p>  Strasbourg \u00a0: concerts solidaires au Molodo\u00ef<\/p>\n<p><strong>L\u2019association Abribus, qui distribue depuis 30 ans des repas chauds de mani\u00e8re inconditionnelle aux plus d\u00e9munis, soufflera ses bougies ce samedi 3\u00a0mai au Molodo\u00ef.<\/strong><\/p>\n<p>Une fois par an, <a href=\"https:\/\/www.dna.fr\/culture-loisirs\/2024\/04\/28\/abribus-bat-le-rappel-en-musique\" target=\"_blank\" rel=\"nofollow noopener\">l\u2019association Abribus<\/a>, qui \u0153uvre dans le domaine de l\u2019urgence alimentaire, organise une grande f\u00eate au Molodo\u00ef. L\u2019objectif est \u00e0 la fois de donner une meilleure visibilit\u00e9 \u00e0 ses actions et de collecter des fonds. Tous les artistes se produisent \u00e0 titre gracieux.<\/p>\n<p>Des textes engag\u00e9s<\/p>\n<p>Les contributeurs \u00e0 cette soir\u00e9e seront tout d\u2019abord Mr E et Mandal, qui mixeront en duo autour du hip-hop. Theycallmecolors et Matha Karma partageront la sc\u00e8ne avec leurs textes engag\u00e9s.<br \/>Le groupe strasbourgeois V. go am\u00e8nera sa bonne humeur \u00e0 la mode punk rock m\u00e2tin\u00e9e de dance music. La po\u00e9sie f\u00e9ministe rencontrera la pop fran\u00e7aise avec Louise XIV. Capricciosa Baby fera conna\u00eetre ses DJ sets en petite \u00ab\u200abulles de joie\u200a\u00bb.<\/p>\n<p>Ce contenu est bloqu\u00e9 car vous n&rsquo;avez pas accept\u00e9 les cookies et autres traceurs.<\/p>\n<p>En cliquant sur \u00ab J\u2019accepte \u00bb, les cookies et autres traceurs seront d\u00e9pos\u00e9s et vous pourrez visualiser les contenus  (<a href=\"\" class=\"consentModule_policy\" target=\"_blank\" title=\"Consulter la politique de protection des donn\u00e9es du fournisseur\">plus d&rsquo;informations<\/a>).<\/p>\n<p>En cliquant sur \u00ab J\u2019accepte tous les cookies \u00bb, vous autorisez des d\u00e9p\u00f4ts de cookies et autres traceurs pour le stockage de vos donn\u00e9es sur nos sites et applications \u00e0 des fins de personnalisation et de ciblage publicitaire.<\/p>\n<p class=\"consentModule_secondaryText\">Vous gardez la possibilit\u00e9 de retirer votre consentement \u00e0 tout moment en consultant notre <a href=\"https:\/\/www.dna.fr\/protection-des-donnees\" target=\"_blank\" title=\"Consulter notre politique de protection des donn\u00e9es\" rel=\"nofollow noopener\">politique de protection des donn\u00e9es<\/a>. <br \/>&#13;<br \/>\n            <a href=\"https:\/\/www.dna.fr\/culture-loisirs\/2025\/04\/30\/javascript:Didomi.notice.show()\" class=\"consentModule_cmp\" rel=\"nofollow noopener\" target=\"_blank\">G\u00e9rer mes choix<\/a>&#13;\n        <\/p>\n<p>&#13;<br \/>\n                        J&rsquo;accepte&#13;<br \/>\n            J&rsquo;accepte tous les cookies&#13;\n        <\/p>\n<p>Le DJ et saxophoniste Steve Etonno, alias Diskonika, sera \u00e0 l\u2019\u0153uvre dans sa fusion de cosmic et nu-disco, house et tech house.<\/p>\n<p>On finira avec la fanfare FEIS, n\u00e9e \u00e0 la fac de m\u00e9decine de Strasbourg et dont les reprises des tubes pop des ann\u00e9es 80 ou d\u2019airs balkaniques devraient \u00eatre rembours\u00e9es par la S\u00e9cu.<\/p>\n<p class=\"note\">Soir\u00e9e Abribus au Molodo\u00ef, rue du Ban-de-la-Roche \u00e0 Strasbourg, ce samedi 3\u00a0mai \u00e0 partir de 19\u200ah. Prix d\u2019entr\u00e9e\u200a: 5\u00a0\u20ac. Petite restauration sur place.<\/p>\n<p>        &#13;<br \/>\n          <a href=\"https:\/\/cdn-s-www.dna.fr\/images\/3f2bc71d-e74f-475b-93e0-f8c9ea0b5ac0\/NW_raw\/photo-dr-1745934687.jpg\" title=\"Photo DR\" class=\"chocolat-image GA-tracking\" data-ga_type=\"click\" data-ga_category=\"D\u00e9tail\" data-ga_action=\"zoomer\" data-ga_label=\"agrandir image\" rel=\"nofollow noopener\" target=\"_blank\">&#13;<br \/>\n            <img loading=\"lazy\" decoding=\"async\" src=\"https:\/\/www.europesays.com\/fr\/wp-content\/uploads\/2025\/05\/photo-dr-1745934687.jpg\" alt=\"Photo DR\"\/>&#13;<br \/>\n          <\/a>&#13;<br \/>\n          &#13;<\/p>\n<p class=\"insetTitle\">Strasbourg : soir\u00e9e stand-up avec Najim Ziani, habitu\u00e9 des comedy club parisiens<\/p>\n<p>Najim Ziani, humoriste strasbourgeois, sera sur la sc\u00e8ne de Hey Mama vendredi 2\u00a0mai de 20\u200ah \u00e0 22\u200ah avec deux autres humoristes, Charlotte Deslions, venue tout droit de la capitale, et Linda Findel, Strasbourgeoise. Le concept est simple\u200a: une heure de spectacle, une entr\u00e9e gratuite au 8, petite rue de la Course.<\/p>\n<p class=\"note\">Sortie au chapeau.<\/p>\n","protected":false},"excerpt":{"rendered":"Strasbourg \u00a0: le Parlement europ\u00e9en ouvre ses portes au public ce dimanche Le Parlement europ\u00e9en organise une journ\u00e9e&hellip;\n","protected":false},"author":2,"featured_media":67064,"comment_status":"","ping_status":"","sticky":false,"template":"","format":"standard","meta":{"footnotes":""},"categories":[2820],"tags":[1111,11,1687,2880,1777,674,107,1011,27,775,12,2661,316,25,104,640,2879,1631],"class_list":{"0":"post-67063","1":"post","2":"type-post","3":"status-publish","4":"format-standard","5":"has-post-thumbnail","7":"category-strasbourg","8":"tag-actu","9":"tag-actualites","10":"tag-culture-loisirs","11":"tag-edition-strasbourg","12":"tag-eu","13":"tag-europe","14":"tag-fil-info","15":"tag-fr","16":"tag-france","17":"tag-grand-est","18":"tag-news","19":"tag-patrimoine-culturel","20":"tag-politique","21":"tag-republique-francaise","22":"tag-societe","23":"tag-strasbourg","24":"tag-strasbourg-ville","25":"tag-vie-associative"},"share_on_mastodon":{"url":"https:\/\/pubeurope.com\/@fr\/114433013098695818","error":""},"_links":{"self":[{"href":"https:\/\/www.europesays.com\/fr\/wp-json\/wp\/v2\/posts\/67063","targetHints":{"allow":["GET"]}}],"collection":[{"href":"https:\/\/www.europesays.com\/fr\/wp-json\/wp\/v2\/posts"}],"about":[{"href":"https:\/\/www.europesays.com\/fr\/wp-json\/wp\/v2\/types\/post"}],"author":[{"embeddable":true,"href":"https:\/\/www.europesays.com\/fr\/wp-json\/wp\/v2\/users\/2"}],"replies":[{"embeddable":true,"href":"https:\/\/www.europesays.com\/fr\/wp-json\/wp\/v2\/comments?post=67063"}],"version-history":[{"count":0,"href":"https:\/\/www.europesays.com\/fr\/wp-json\/wp\/v2\/posts\/67063\/revisions"}],"wp:featuredmedia":[{"embeddable":true,"href":"https:\/\/www.europesays.com\/fr\/wp-json\/wp\/v2\/media\/67064"}],"wp:attachment":[{"href":"https:\/\/www.europesays.com\/fr\/wp-json\/wp\/v2\/media?parent=67063"}],"wp:term":[{"taxonomy":"category","embeddable":true,"href":"https:\/\/www.europesays.com\/fr\/wp-json\/wp\/v2\/categories?post=67063"},{"taxonomy":"post_tag","embeddable":true,"href":"https:\/\/www.europesays.com\/fr\/wp-json\/wp\/v2\/tags?post=67063"}],"curies":[{"name":"wp","href":"https:\/\/api.w.org\/{rel}","templated":true}]}}