{"id":670649,"date":"2026-01-17T19:16:14","date_gmt":"2026-01-17T19:16:14","guid":{"rendered":"https:\/\/www.europesays.com\/fr\/670649\/"},"modified":"2026-01-17T19:16:14","modified_gmt":"2026-01-17T19:16:14","slug":"exclusif-ursula-von-der-leyen-a-lere-de-linstabilite-laccord-ue-mercosur-renforce-leurope","status":"publish","type":"post","link":"https:\/\/www.europesays.com\/fr\/670649\/","title":{"rendered":"EXCLUSIF. Ursula von der Leyen : \u00ab \u00c0 l\u2019\u00e8re de l\u2019instabilit\u00e9, l\u2019accord UE-Mercosur renforce l\u2019Europe \u00bb"},"content":{"rendered":"<p>Plus d\u2019un quart de si\u00e8cle apr\u00e8s le d\u00e9but des n\u00e9gociations, <a href=\"https:\/\/www.latribune.fr\/article\/climat\/agriculture-agroalimentaire\/2538706988722614\/accord-ue-mercosur-cinq-questions-sur-un-accord-au-forceps-qui-embrase-la-france\" target=\"_blank\" article-id=\"2538706988722614\" rel=\"noopener\">l\u2019Union europ\u00e9enne et le Mercosur<\/a> sont parvenus \u00e0 un r\u00e9sultat historique : un accord de partenariat qui rapproche nos deux r\u00e9gions et qui b\u00e9n\u00e9ficie \u00e0 pr\u00e8s de 700 millions de citoyens. Cet accord de partenariat cr\u00e9era l\u2019une des plus grandes zones commerciales au monde, qui s\u2019\u00e9tendra sur 31 pays et repr\u00e9sentera pr\u00e8s d\u2019un cinqui\u00e8me du PIB mondial. Il renforcera les liens entre deux r\u00e9gions partageant les m\u00eames valeurs.<\/p>\n<p>\u00c0 l\u2019heure de l\u2019augmentation des droits de douane et des restrictions commerciales, cela rev\u00eat une importance bien r\u00e9elle, non seulement pour nos continents respectifs mais aussi pour l\u2019\u00e9conomie mondiale. La semaine qui vient, <a href=\"https:\/\/www.latribune.fr\/article\/la-tribune-dimanche\/planete\/31894810926579\/lue-donne-son-feu-vert-a-laccord-du-mercosur-malgre-lopposition-de-la-france\" target=\"_blank\" article-id=\"31894810926579\" rel=\"noopener\">le Parlement europ\u00e9en<\/a> d\u00e9battra du bien-fond\u00e9 de l\u2019accord, exer\u00e7ant ainsi sa responsabilit\u00e9 d\u00e9mocratique. J\u2019attends avec int\u00e9r\u00eat ce dialogue constructif avec les d\u00e9put\u00e9s europ\u00e9ens sur un accord qui m\u00e9rite d\u2019\u00eatre largement soutenu et dont les avantages se feront sentir dans chaque \u00c9tat membre de l\u2019UE.<\/p>\n<p>L\u2019accord permettra en effet de supprimer des droits de douane pour plusieurs milliards d\u2019euros, il ouvrira les march\u00e9s publics et offrira aux entreprises la pr\u00e9visibilit\u00e9 dont elles ont besoin pour se d\u00e9velopper et investir. Les 60.000 entreprises europ\u00e9ennes qui exportent d\u00e9j\u00e0 vers <a href=\"https:\/\/www.latribune.fr\/article\/climat\/agriculture-agroalimentaire\/30295460710080\/mercosur-le-parlement-europeen-derniere-bouee-de-sauvetage-pour-les-agriculteurs-francais\" target=\"_blank\" article-id=\"30295460710080\" rel=\"noopener\">le Mercosur<\/a> en b\u00e9n\u00e9ficieront imm\u00e9diatement car elles r\u00e9aliseront, d\u2019apr\u00e8s les estimations, 4 milliards d\u2019euros d\u2019\u00e9conomies annuelles de droits \u00e0 l\u2019exportation.<\/p>\n<p>Bien d\u2019autres, en particulier les petites et moyennes entreprises, auront plus facilement acc\u00e8s \u00e0 un march\u00e9 en croissance rapide, ce qui d\u00e9bloquera de nouveaux investissements, stimulera la croissance et promouvra des <a href=\"https:\/\/www.latribune.fr\/economie\/france\/emploi-l-ocde-tire-la-sonnette-d-alarme-815044.html\" target=\"_blank\" article-id=\"24777130477780\" rel=\"noopener\">emplois de qualit\u00e9<\/a> dans toute l\u2019Europe.<\/p>\n<p>Cet accord dynamisera ainsi la croissance \u00e9conomique sur nos deux continents. Nous le savons parce que c\u2019est un mod\u00e8le que nous avons d\u00e9j\u00e0 vu \u00e0 l\u2019\u0153uvre. Il y a huit ans, l\u2019accord commercial UE-Canada est entr\u00e9 en vigueur. Depuis lors, le commerce bilat\u00e9ral a augment\u00e9 de plus de 70 %, cr\u00e9ant des emplois de qualit\u00e9 et renfor\u00e7ant les cha\u00eenes d\u2019approvisionnement de l\u2019Europe en mati\u00e8res critiques. L\u2019accord UE-Mercosur devrait \u00eatre source d\u2019avantages similaires, les exportations de l\u2019UE devant enregistrer une croissance susceptible d\u2019atteindre 50 milliards d\u2019euros. Il s\u2019agit l\u00e0 non pas de chiffres abstraits, mais de r\u00e9ussites \u00e0 venir pour les entreprises et les citoyens partout en Europe.<\/p>\n<p>Une relation \u00ab gagnant-gagnant \u00bb&#13;\n<\/p>\n<p>Fondamentalement, nos deux \u00e9conomies sont compl\u00e9mentaires. L\u2019Europe a besoin d\u2019un acc\u00e8s s\u00e9curis\u00e9 aux mati\u00e8res premi\u00e8res qui sous-tendent nos transitions \u00e9cologique et num\u00e9rique (<a href=\"https:\/\/www.latribune.fr\/climat\/energie-environnement\/batteries-les-promesses-du-lithium-bas-carbone-a-la-francaise-1019811.html\" target=\"_blank\" article-id=\"2076914743324914\" rel=\"noopener\">lithium<\/a>, minerai de fer, nickel et autres). L\u2019Am\u00e9rique latine d\u00e9tient certaines des plus grandes r\u00e9serves mondiales. Dans le m\u00eame temps, les pays du Mercosur ont besoin d\u2019un acc\u00e8s stable aux investissements, \u00e0 la technologie et \u00e0 des march\u00e9s diversifi\u00e9s. C\u2019est exactement ce que l\u2019Europe apporte.<\/p>\n<p><img alt=\"Le 17 janvier, la pr\u00e9sidente de la Commission Europ\u00e9enne s'est rendue au Paraguay pour signer l'accord UE-Mercosur.\" loading=\"lazy\" decoding=\"async\" data-nimg=\"fill\" class=\"relative\" style=\"position:absolute;height:100%;width:100%;left:0;top:0;right:0;bottom:0;object-fit:cover;color:transparent\"   src=\"https:\/\/www.europesays.com\/fr\/wp-content\/uploads\/2026\/01\/le-17-janvier-la-presidente-de-la-commission-europeenne-s-est-rendue-en-uruguay-pour-signer-l-accord.jpeg\"\/>Le 17 janvier, la pr\u00e9sidente de la Commission Europ\u00e9enne s&rsquo;est rendue au Paraguay pour signer l&rsquo;accord UE-Mercosur. (Cr\u00e9dits : LTD\/AFP &#8211; AFP)<\/p>\n<p>Il en r\u00e9sulte une relation v\u00e9ritablement \u00ab gagnant-gagnant \u00bb. L\u2019Am\u00e9rique latine progresse sur la cha\u00eene de valeur, passant de l\u2019extraction \u00e0 la transformation et au raffinage, ce qui cr\u00e9e de meilleurs emplois et des industries plus r\u00e9siliantes. Pour l\u2019Europe, cela signifie de nouveaux d\u00e9bouch\u00e9s pour nos entreprises et une plus grande s\u00e9curit\u00e9 d\u2019approvisionnement en mat\u00e9riaux essentiels pour les technologies de demain.<\/p>\n<p>Il s\u2019agit d\u2019un accord qui profite non seulement \u00e0 l\u2019industrie, mais aussi aux agriculteurs europ\u00e9ens. Les exportations de produits agricoles de l\u2019UE vers les pays du <a href=\"https:\/\/www.latribune.fr\/article\/climat\/agriculture-agroalimentaire\/5737746284784414\/traite-ue-mercosur-pourquoi-la-france-choisit-le-non-malgre-les-45-milliards-deuros-de-bruxelles\" target=\"_blank\" article-id=\"5737746284784414\" rel=\"noopener\">Mercosur<\/a> devraient cro\u00eetre de pr\u00e8s de 50 %, alors que plus de 350 indications g\u00e9ographiques europ\u00e9ennes seront reconnues. Ainsi, des produits allant du comt\u00e9 au prosciutto di Parma en passant par le cava et la polska w\u00f3dka b\u00e9n\u00e9ficieront d\u00e9sormais d\u2019une solide protection juridique dans toute l\u2019Am\u00e9rique latine.<\/p>\n<p>L\u2019accord ouvrira de nouvelles perspectives importantes aux exportations de produits agricoles de l\u2019UE, tout en veillant \u00e0 ce que ceux import\u00e9s dans l\u2019UE respectent nos normes \u00e9lev\u00e9es de sant\u00e9 et de s\u00e9curit\u00e9. Et nous avons obtenu des garanties solides pour nos secteurs agroalimentaires sensibles gr\u00e2ce \u00e0 des m\u00e9canismes limitant les importations en provenance du Mercosur, si n\u00e9cessaire. Cet accord montre que l\u2019ouverture commerciale et la protection des \u00e9changes ne sont pas incompatibles et qu\u2019elles sont toutes deux inscrites dans la conception de l\u2019accord.<\/p>\n<p>Tous les secteurs de l\u2019\u00e9conomie de l\u2019UE, y compris nos agriculteurs, peuvent donc le soutenir en toute confiance. L\u2019importance de ce pacte va bien au-del\u00e0 de l\u2019\u00e9conomie. Il s\u2019agit d\u2019un signal strat\u00e9gique \u00e0 l\u2019heure o\u00f9 les blocs g\u00e9opolitiques se durcissent et o\u00f9 la fragmentation s\u2019accro\u00eet. <a href=\"https:\/\/www.latribune.fr\/article\/economie\/international\/15612679252535\/accord-ue-mercosur-entre-fractures-francaises-et-opportunites-paradoxales-le-point-sur-les-enjeux\" target=\"_blank\" article-id=\"15612679252535\" rel=\"noopener\">L\u2019UE et le Mercosur<\/a> choisissent la coop\u00e9ration plut\u00f4t que la concurrence, le partenariat plut\u00f4t que la polarisation.<\/p>\n<p>L\u2019accord met en \u00e9vidence la volont\u00e9 des \u00e9conomies \u00e0 croissance rapide du monde entier de nouer avec l\u2019Europe des relations fortes en mati\u00e8re de commerce et d\u2019investissement car nous restons un partenaire stable et fiable. Dans un monde aux prises avec l\u2019incertitude \u00e9conomique et l\u2019\u00e9clatement g\u00e9opolitique, l\u2019UE et le Mercosur s\u2019engagent sur une autre voie \u2013 faite de liens de confiance, fond\u00e9e sur la stabilit\u00e9 et la pr\u00e9visibilit\u00e9, avec un vaste march\u00e9 int\u00e9gr\u00e9 reposant sur l\u2019\u00c9tat de droit.<\/p>\n<p>Nous disposons ainsi d\u2019une plateforme commune pour relever ensemble les grands d\u00e9fis mondiaux de notre \u00e9poque, depuis la lutte contre le changement climatique et la d\u00e9forestation jusqu\u2019au renforcement et \u00e0 la r\u00e9forme des institutions mondiales.<\/p>\n<p>Cet accord est plus qu\u2019un pacte commercial. Il s\u2019agit d\u2019une d\u00e9claration d\u2019intention par des r\u00e9gions partageant les m\u00eames valeurs, d\u00e9termin\u00e9es \u00e0 fa\u00e7onner une \u00e9conomie mondiale plus ouverte, plus pr\u00e9visible et plus coop\u00e9rative. Les n\u00e9gociations ayant d\u00e9but\u00e9 en l\u2019an 2000, des g\u00e9n\u00e9rations de dirigeants ont fait avancer ce projet. En le faisant aboutir maintenant, alors que nous connaissons une p\u00e9riode de conflit, de fragmentation et de protectionnisme croissant, nous adressons un message clair au monde\u2009: le commerce mondial peut encore reposer sur la confiance et sur des int\u00e9r\u00eats communs et il peut apporter de r\u00e9els bienfaits \u00e0 nos citoyens et \u00e0 nos \u00e9conomies.\u202f<\/p>\n","protected":false},"excerpt":{"rendered":"Plus d\u2019un quart de si\u00e8cle apr\u00e8s le d\u00e9but des n\u00e9gociations, l\u2019Union europ\u00e9enne et le Mercosur sont parvenus \u00e0&hellip;\n","protected":false},"author":2,"featured_media":670650,"comment_status":"","ping_status":"","sticky":false,"template":"","format":"standard","meta":{"footnotes":""},"categories":[1586],"tags":[5734,13041,11,8160,1777,674,3384,1011,27,37323,20843,1808,54115,3102,8161,12,36546,25,32180,13986,8159],"class_list":{"0":"post-670649","1":"post","2":"type-post","3":"status-publish","4":"format-standard","5":"has-post-thumbnail","7":"category-europe","8":"tag-5734","9":"tag-a","10":"tag-actualites","11":"tag-der","12":"tag-eu","13":"tag-europe","14":"tag-exclusif","15":"tag-fr","16":"tag-france","17":"tag-lere","18":"tag-laccord","19":"tag-leurope","20":"tag-linstabilite","21":"tag-la-tribune-dimanche","22":"tag-leyen","23":"tag-news","24":"tag-renforce","25":"tag-republique-francaise","26":"tag-ue-mercosur","27":"tag-ursula","28":"tag-von"},"share_on_mastodon":{"url":"https:\/\/pubeurope.com\/@fr\/115912047649896501","error":""},"_links":{"self":[{"href":"https:\/\/www.europesays.com\/fr\/wp-json\/wp\/v2\/posts\/670649","targetHints":{"allow":["GET"]}}],"collection":[{"href":"https:\/\/www.europesays.com\/fr\/wp-json\/wp\/v2\/posts"}],"about":[{"href":"https:\/\/www.europesays.com\/fr\/wp-json\/wp\/v2\/types\/post"}],"author":[{"embeddable":true,"href":"https:\/\/www.europesays.com\/fr\/wp-json\/wp\/v2\/users\/2"}],"replies":[{"embeddable":true,"href":"https:\/\/www.europesays.com\/fr\/wp-json\/wp\/v2\/comments?post=670649"}],"version-history":[{"count":0,"href":"https:\/\/www.europesays.com\/fr\/wp-json\/wp\/v2\/posts\/670649\/revisions"}],"wp:featuredmedia":[{"embeddable":true,"href":"https:\/\/www.europesays.com\/fr\/wp-json\/wp\/v2\/media\/670650"}],"wp:attachment":[{"href":"https:\/\/www.europesays.com\/fr\/wp-json\/wp\/v2\/media?parent=670649"}],"wp:term":[{"taxonomy":"category","embeddable":true,"href":"https:\/\/www.europesays.com\/fr\/wp-json\/wp\/v2\/categories?post=670649"},{"taxonomy":"post_tag","embeddable":true,"href":"https:\/\/www.europesays.com\/fr\/wp-json\/wp\/v2\/tags?post=670649"}],"curies":[{"name":"wp","href":"https:\/\/api.w.org\/{rel}","templated":true}]}}