{"id":67065,"date":"2025-05-01T14:19:08","date_gmt":"2025-05-01T14:19:08","guid":{"rendered":"https:\/\/www.europesays.com\/fr\/67065\/"},"modified":"2025-05-01T14:19:08","modified_gmt":"2025-05-01T14:19:08","slug":"est-ce-que-manifester-sert-encore-a-quelque-chose-on-vous-a-pose-la-question","status":"publish","type":"post","link":"https:\/\/www.europesays.com\/fr\/67065\/","title":{"rendered":"est-ce que manifester sert encore \u00e0 quelque chose ? On vous a pos\u00e9 la question"},"content":{"rendered":"<p>            Par<br \/>\n        <strong><br \/>\n            <a href=\"https:\/\/actu.fr\/auteur\/ivan-capecchi\" title=\"Consulter tous les articles de Ivan CAPECCHI\" target=\"_blank\" rel=\"noopener\">Ivan CAPECCHI<\/a><br \/>\n        <\/strong><\/p>\n<p>        Publi\u00e9 le<\/p>\n<p>            1 mai 2025 \u00e0 14h42<br \/>\n        ; mis \u00e0 jour le 1 mai 2025 \u00e0 14h43    <\/p>\n<p>Ce <a href=\"https:\/\/actu.fr\/societe\/ce-jeudi-c-est-le-1er-mai-mais-au-fait-pourquoi-cette-journee-est-elle-feriee_62570374.html#:~:text=Une%20tradition%20qui%20remonte%20%C3%A0%201889&amp;text=Appel%C3%A9%20outre%2DAtlantique%20%22moving%20day,pour%20trouver%20un%20emploi%20ailleurs.\" target=\"_blank\" rel=\"noopener\">jeudi 1er mai 2025<\/a>, environ 3 000 personnes* se sont rassembl\u00e9es <strong>place Kl\u00e9ber \u00e0 Strasbourg<\/strong> pour la traditionnelle manifestation de la <a href=\"https:\/\/actu.fr\/societe\/1er-mai-pourquoi-ce-jour-est-obligatoirement-chome-et-ce-que-ca-implique-pour-vous_62568573.html\" target=\"_blank\" rel=\"noopener\">f\u00eate du travail<\/a>, r\u00e9pondant \u00e0 l\u2019appel de l\u2019intersyndicale locale.<\/p>\n<p class=\" wall-content\">Le cort\u00e8ge, compos\u00e9 de <strong>syndicats<\/strong> tels que la CGT, FO, FSU, Solidaires, CFDT, UNSA, ainsi que de <strong>collectifs \u00e9tudiants et militants<\/strong>, a d\u00e9fil\u00e9 dans les rues du centre-ville pour d\u00e9fendre des <strong>revendications sociales et internationales<\/strong>.<\/p>\n<p class=\" wall-content\">On a tendu notre micro aux participants pour recueillir leurs impressions sur l\u2019utilit\u00e9 des <a href=\"https:\/\/actu.fr\/tag\/manifestations\" target=\"_blank\" rel=\"noopener\">manifestations<\/a> aujourd\u2019hui.<\/p>\n<blockquote class=\"tiktok-embed\" cite=\"https:\/\/www.tiktok.com\/@lorraine.actu\/video\/7499450684224392470\" data-video-id=\"7499450684224392470\" data-embed-from=\"oembed\" style=\"max-width:605px; min-width:325px;\"><p>\n<a target=\"_blank\" title=\"@lorraine.actu\" href=\"https:\/\/www.tiktok.com\/@lorraine.actu?refer=embed\" rel=\"noopener\">@lorraine.actu<\/a> <\/p>\n<p>Chaque ann\u00e9e, le 1er mai est un jour \u00e0 part en France. C\u2019est \u00e0 la fois une f\u00eate du travail, un jour f\u00e9ri\u00e9 ch\u00f4m\u00e9, et une date symbolique de luttes sociales. Son origine remonte \u00e0 la fin du XIXe si\u00e8cle, lorsqu\u2019en 1886, aux \u00c9tats-Unis, les syndicats r\u00e9clament la journ\u00e9e de travail de huit heures. Trois ans plus tard, la IIe Internationale socialiste choisit cette date pour mobiliser les travailleurs \u00e0 l\u2019\u00e9chelle mondiale. En France, la journ\u00e9e prend une ampleur particuli\u00e8re apr\u00e8s la Premi\u00e8re Guerre mondiale. Elle devient officiellement f\u00e9ri\u00e9e en 1947. Au fil du temps, le 1er mai est devenu un rendez-vous traditionnel pour les syndicats, qui organisent des manifestations dans de nombreuses villes. C\u2019est l\u2019occasion pour les salari\u00e9s de faire entendre leurs revendications : salaires, conditions de travail, retraites, justice sociale\u2026 Mais cette journ\u00e9e ne se limite pas \u00e0 l\u2019engagement militant. Le 1er mai, c\u2019est aussi le jour du muguet. Offrir un brin de cette fleur porte-bonheur est une coutume populaire bien ancr\u00e9e. Depuis le d\u00e9but du XXe si\u00e8cle, les vendeurs occasionnels peuvent vendre du muguet dans la rue. Entre mobilisation syndicale et tradition printani\u00e8re, le 1er mai m\u00eale revendications sociales et convivialit\u00e9. Il refl\u00e8te l\u2019histoire du monde ouvrier tout en incarnant un moment de pause et de partage pour de nombreux Fran\u00e7ais. <a title=\"1ermai\" target=\"_blank\" href=\"https:\/\/www.tiktok.com\/tag\/1ermai?refer=embed\" rel=\"noopener\">#1ermai<\/a> <a title=\"manifestation\" target=\"_blank\" href=\"https:\/\/www.tiktok.com\/tag\/manifestation?refer=embed\" rel=\"noopener\">#manifestation<\/a> <a title=\"luttes\" target=\"_blank\" href=\"https:\/\/www.tiktok.com\/tag\/luttes?refer=embed\" rel=\"noopener\">#luttes<\/a> <a title=\"syndicat\" target=\"_blank\" href=\"https:\/\/www.tiktok.com\/tag\/syndicat?refer=embed\" rel=\"noopener\">#syndicat<\/a> <a title=\"travail\" target=\"_blank\" href=\"https:\/\/www.tiktok.com\/tag\/travail?refer=embed\" rel=\"noopener\">#travail<\/a> <a title=\"strasbourg\" target=\"_blank\" href=\"https:\/\/www.tiktok.com\/tag\/strasbourg?refer=embed\" rel=\"noopener\">#Strasbourg<\/a> <a title=\"muguet\" target=\"_blank\" href=\"https:\/\/www.tiktok.com\/tag\/muguet?refer=embed\" rel=\"noopener\">#muguet<\/a> <a title=\"microtrottoir\" target=\"_blank\" href=\"https:\/\/www.tiktok.com\/tag\/microtrottoir?refer=embed\" rel=\"noopener\">#microtrottoir<\/a> <a title=\"pourtoi\" target=\"_blank\" href=\"https:\/\/www.tiktok.com\/tag\/pourtoi?refer=embed\" rel=\"noopener\">#pourtoi<\/a> <\/p>\n<p> <a target=\"_blank\" title=\"\u266c son original - Lorraine Actu\" href=\"https:\/\/www.tiktok.com\/music\/son-original-7499450791131532054?refer=embed\" rel=\"noopener\">\u266c son original \u2013 Lorraine Actu<\/a> <\/p>\n<\/blockquote>\n<p>Une date symbole des droits des travailleurs<\/p>\n<p class=\" wall-content\">Le 1er mai est une <strong>journ\u00e9e embl\u00e9matique des luttes ouvri\u00e8res<\/strong>, comm\u00e9morant les <strong>manifestations de 1886 aux \u00c9tats-Unis pour la journ\u00e9e de travail de huit heures<\/strong>.<\/p>\n<p>Vid\u00e9os : en ce moment sur Actu<\/p>\n<p class=\" wall-content\">\n<p class=\" wall-content\">En France, cette date est devenue un <strong>symbole des revendications sociales<\/strong> et des <a href=\"https:\/\/actu.fr\/tag\/droit-des-travailleurs\" target=\"_blank\" rel=\"noopener\">droits des travailleurs<\/a>.\u200b<\/p>\n<p class=\" wall-content\">*D\u2019apr\u00e8s la police.<\/p>\n<p class=\" wall-content\">Suivez toute l\u2019actualit\u00e9 de vos villes et m\u00e9dias favoris en vous inscrivant \u00e0 <a href=\"https:\/\/moncompte.actu.fr\" title=\"D\u00e9couvez Mon Actu\" rel=\"nofollow noopener\" data-trk=\"{&quot;cta&quot;:{&quot;action&quot;:&quot;https:\\\/\\\/moncompte.actu.fr&quot;,&quot;category&quot;:&quot;mon compte&quot;,&quot;from&quot;:&quot;article footer&quot;,&quot;name&quot;:&quot;Mon actu&quot;,&quot;type&quot;:&quot;cta&quot;}}\" target=\"_blank\">Mon Actu<\/a>.<\/p>\n<ul class=\"ac-article-tag wall-content\">\n<li><a href=\"https:\/\/actu.fr\/tag\/droit-des-travailleurs\" data-trk=\"{&quot;cta&quot;:{&quot;action&quot;:&quot;Droit des travailleurs&quot;,&quot;category&quot;:&quot;tag&quot;,&quot;from&quot;:&quot;article footer&quot;,&quot;name&quot;:&quot;Droit des travailleurs&quot;,&quot;type&quot;:&quot;cta&quot;}}\" target=\"_blank\" rel=\"noopener\">#Droit des travailleurs<\/a><\/li>\n<li><a href=\"https:\/\/actu.fr\/tag\/manifestations\" data-trk=\"{&quot;cta&quot;:{&quot;action&quot;:&quot;Manifestations&quot;,&quot;category&quot;:&quot;tag&quot;,&quot;from&quot;:&quot;article footer&quot;,&quot;name&quot;:&quot;Manifestations&quot;,&quot;type&quot;:&quot;cta&quot;}}\" target=\"_blank\" rel=\"noopener\">#Manifestations<\/a><\/li>\n<\/ul>\n<p>                    <script async src=\"\/\/www.tiktok.com\/embed.js\"><\/script><\/p>\n","protected":false},"excerpt":{"rendered":"Par Ivan CAPECCHI Publi\u00e9 le 1 mai 2025 \u00e0 14h42 ; mis \u00e0 jour le 1 mai 2025&hellip;\n","protected":false},"author":2,"featured_media":67066,"comment_status":"","ping_status":"","sticky":false,"template":"","format":"standard","meta":{"footnotes":""},"categories":[2820],"tags":[1111,11,15787,1777,674,1011,27,775,1272,12,25,104,640],"class_list":{"0":"post-67065","1":"post","2":"type-post","3":"status-publish","4":"format-standard","5":"has-post-thumbnail","7":"category-strasbourg","8":"tag-actu","9":"tag-actualites","10":"tag-droit-des-travailleurs","11":"tag-eu","12":"tag-europe","13":"tag-fr","14":"tag-france","15":"tag-grand-est","16":"tag-manifestations","17":"tag-news","18":"tag-republique-francaise","19":"tag-societe","20":"tag-strasbourg"},"share_on_mastodon":{"url":"https:\/\/pubeurope.com\/@fr\/114433016704593310","error":""},"_links":{"self":[{"href":"https:\/\/www.europesays.com\/fr\/wp-json\/wp\/v2\/posts\/67065","targetHints":{"allow":["GET"]}}],"collection":[{"href":"https:\/\/www.europesays.com\/fr\/wp-json\/wp\/v2\/posts"}],"about":[{"href":"https:\/\/www.europesays.com\/fr\/wp-json\/wp\/v2\/types\/post"}],"author":[{"embeddable":true,"href":"https:\/\/www.europesays.com\/fr\/wp-json\/wp\/v2\/users\/2"}],"replies":[{"embeddable":true,"href":"https:\/\/www.europesays.com\/fr\/wp-json\/wp\/v2\/comments?post=67065"}],"version-history":[{"count":0,"href":"https:\/\/www.europesays.com\/fr\/wp-json\/wp\/v2\/posts\/67065\/revisions"}],"wp:featuredmedia":[{"embeddable":true,"href":"https:\/\/www.europesays.com\/fr\/wp-json\/wp\/v2\/media\/67066"}],"wp:attachment":[{"href":"https:\/\/www.europesays.com\/fr\/wp-json\/wp\/v2\/media?parent=67065"}],"wp:term":[{"taxonomy":"category","embeddable":true,"href":"https:\/\/www.europesays.com\/fr\/wp-json\/wp\/v2\/categories?post=67065"},{"taxonomy":"post_tag","embeddable":true,"href":"https:\/\/www.europesays.com\/fr\/wp-json\/wp\/v2\/tags?post=67065"}],"curies":[{"name":"wp","href":"https:\/\/api.w.org\/{rel}","templated":true}]}}