{"id":670676,"date":"2026-01-17T19:36:11","date_gmt":"2026-01-17T19:36:11","guid":{"rendered":"https:\/\/www.europesays.com\/fr\/670676\/"},"modified":"2026-01-17T19:36:11","modified_gmt":"2026-01-17T19:36:11","slug":"oubliez-le-cou-cette-zone-est-bien-plus-efficace-pour-une-tenue-longue-duree-selon-cette-experte","status":"publish","type":"post","link":"https:\/\/www.europesays.com\/fr\/670676\/","title":{"rendered":"oubliez le cou, cette zone est bien plus efficace pour une tenue longue dur\u00e9e, selon cette experte"},"content":{"rendered":"<p>Parfum : le cou remis en question pour une tenue longue<br \/>\ndur\u00e9e<\/p>\n<p>Un dernier pschitt sur le cou et on file. Ce r\u00e9flexe beaut\u00e9<br \/>\npara\u00eet inoffensif, presque automatique. Sauf que ce geste star<br \/>\naffaiblit la tenue du parfum et expose la peau \u00e0 des r\u00e9actions pas<br \/>\ntr\u00e8s glam. Une scientifique britannique remet le cou au banc des<br \/>\naccus\u00e9s et propose une alternative plus s\u00fbre, bien plus efficace<br \/>\npour une tenue longue dur\u00e9e. La routine change\u2026 et le sillage<br \/>\naussi.<\/p>\n<p>Pourquoi ce revirement ? Certains composants de parfum<br \/>\nr\u00e9agissent avec la lumi\u00e8re. Sur des zones tr\u00e8s d\u00e9couvertes, le<br \/>\ncocktail n\u2019est pas id\u00e9al. Cou, d\u00e9collet\u00e9, visage re\u00e7oivent d\u00e9j\u00e0<br \/>\nbeaucoup de rayons UV au quotidien. R\u00e9sultat, l\u2019odeur s\u2019essouffle<br \/>\nplus vite, tandis que la peau peut marquer. La solution se cache<br \/>\njuste \u00e0 c\u00f4t\u00e9.<\/p>\n<p>Se parfumer la nuque : la recommandation de Hannah Collingwood<br \/>\nEnglish<\/p>\n<p>\u00ab\u00a0Les composants du parfum peuvent rendre votre peau<br \/>\nphotosensible\u00a0\u00bb, a expliqu\u00e9 Hannah Collingwood English, cit\u00e9e par<br \/>\nGrazia. Sur une zone comme le cou, tr\u00e8s expos\u00e9e, cela favorise<br \/>\ncoups de soleil et hyperpigmentation. Le probl\u00e8me n\u2019est pas<br \/>\nanecdotique, surtout au printemps et en \u00e9t\u00e9. L\u2019experte d\u00e9conseille<br \/>\ndonc le cou et le d\u00e9collet\u00e9, qui ne sont ni les plus s\u00fbrs, ni les<br \/>\nplus performants pour faire durer une fragrance.<\/p>\n<p>Sa m\u00e9thode est limpide et tr\u00e8s simple \u00e0 adopter. \u00ab\u00a0Je d\u00e9pose mon<br \/>\nparfum sur ma nuque, \u00e0 la racine des cheveux\u00a0\u00bb, explique-t-elle. \u00ab\u00a0Ma<br \/>\npeau est alors prot\u00e9g\u00e9e du soleil et mon parfum tient beaucoup plus<br \/>\nlongtemps\u00a0\u00bb, pr\u00e9cise-t-elle. La nuque est moins expos\u00e9e, moins<br \/>\nventil\u00e9e, parfois couverte par les cheveux ou un col. Autrement<br \/>\ndit, une zone strat\u00e9gique pour garder le sillage jusqu\u2019au soir.<\/p>\n<p>Pourquoi la nuque fait mieux tenir le parfum<\/p>\n<p>Sur la nuque, la chaleur corporelle cr\u00e9e un petit cocon olfactif<br \/>\nqui ralentit l\u2019\u00e9vaporation. Les cheveux et les v\u00eatements limitent<br \/>\nle vent et les frottements, l\u2019ar\u00f4me reste plus stable. \u00c0 l\u2019inverse,<br \/>\nle cou prend la lumi\u00e8re et l\u2019air en plein, ce qui \u201cuse\u201d plus vite<br \/>\nles notes de t\u00eate. Chercher les zones chaudes et un peu abrit\u00e9es<br \/>\nest donc un bon r\u00e9flexe, sans surexposer la peau.<\/p>\n<p>Autre geste \u00e0 corriger pour booster la tenue : les poignets. On<br \/>\npeut les parfumer, car ils sont chauds et l\u2019air y circule bien.<br \/>\nMais il faut ne pas frotter. Frotter r\u00e9chauffe excessivement la<br \/>\npeau, casse les mol\u00e9cules les plus volatiles et d\u00e9forme l\u2019odeur.<br \/>\nMieux vaut pulv\u00e9riser puis laisser s\u00e9cher \u00e0 l\u2019air libre. Simple,<br \/>\nnet, efficace.<\/p>\n<p>Se parfumer la nuque suffit-il au<br \/>\nquotidien ?<\/p>\n<p>La nuque couvre la majorit\u00e9 des besoins. Pour accentuer le<br \/>\nsillage sans agresser la peau, un petit nuage sur des textiles<br \/>\nchoisis aide aussi. Les fibres naturelles retiennent bien les<br \/>\neffluves : coton, laine, lin, cachemire. On reste l\u00e9ger pour \u00e9viter<br \/>\nles taches et on \u00e9vite la soie, trop d\u00e9licate. Par temps tr\u00e8s<br \/>\nensoleill\u00e9, la strat\u00e9gie v\u00eatements + nuque prot\u00e8ge et fait durer,<br \/>\nsans compromis.<\/p>\n<p>Un mot sur les cheveux : l\u2019alcool des parfums peut les<br \/>\ndess\u00e9cher. Mieux vaut viser la peau de la nuque plut\u00f4t que les<br \/>\nlongueurs, ou utiliser une brume capillaire sans alcool. Pour les<br \/>\namateurs de long\u00e9vit\u00e9 maximale, certaines bases fixatrices<br \/>\npromettent jusqu\u2019\u00e0 24 heures d\u2019odeur, une innovation encore peu<br \/>\naccessible en France. Au quotidien, se parfumer la nuque et bannir<br \/>\nle frottement des poignets changent d\u00e9j\u00e0 tout.<\/p>\n","protected":false},"excerpt":{"rendered":"Parfum : le cou remis en question pour une tenue longue dur\u00e9e Un dernier pschitt sur le cou&hellip;\n","protected":false},"author":2,"featured_media":670677,"comment_status":"","ping_status":"","sticky":false,"template":"","format":"standard","meta":{"footnotes":""},"categories":[10],"tags":[930,12008,3477,62126,2000,69629,932,39360,1011,27,72,34453,42325,2298,378,471,71,15298,21126,96,8436],"class_list":{"0":"post-670676","1":"post","2":"type-post","3":"status-publish","4":"format-standard","5":"has-post-thumbnail","7":"category-sante","8":"tag-le","9":"tag-bien","10":"tag-cette","11":"tag-cou","12":"tag-duree","13":"tag-efficace","14":"tag-est","15":"tag-experte","16":"tag-fr","17":"tag-france","18":"tag-health","19":"tag-longue","20":"tag-oubliez","21":"tag-parfum","22":"tag-plus","23":"tag-pour","24":"tag-sante","25":"tag-selon","26":"tag-tenue","27":"tag-une","28":"tag-zone"},"share_on_mastodon":{"url":"https:\/\/pubeurope.com\/@fr\/115912126199536704","error":""},"_links":{"self":[{"href":"https:\/\/www.europesays.com\/fr\/wp-json\/wp\/v2\/posts\/670676","targetHints":{"allow":["GET"]}}],"collection":[{"href":"https:\/\/www.europesays.com\/fr\/wp-json\/wp\/v2\/posts"}],"about":[{"href":"https:\/\/www.europesays.com\/fr\/wp-json\/wp\/v2\/types\/post"}],"author":[{"embeddable":true,"href":"https:\/\/www.europesays.com\/fr\/wp-json\/wp\/v2\/users\/2"}],"replies":[{"embeddable":true,"href":"https:\/\/www.europesays.com\/fr\/wp-json\/wp\/v2\/comments?post=670676"}],"version-history":[{"count":0,"href":"https:\/\/www.europesays.com\/fr\/wp-json\/wp\/v2\/posts\/670676\/revisions"}],"wp:featuredmedia":[{"embeddable":true,"href":"https:\/\/www.europesays.com\/fr\/wp-json\/wp\/v2\/media\/670677"}],"wp:attachment":[{"href":"https:\/\/www.europesays.com\/fr\/wp-json\/wp\/v2\/media?parent=670676"}],"wp:term":[{"taxonomy":"category","embeddable":true,"href":"https:\/\/www.europesays.com\/fr\/wp-json\/wp\/v2\/categories?post=670676"},{"taxonomy":"post_tag","embeddable":true,"href":"https:\/\/www.europesays.com\/fr\/wp-json\/wp\/v2\/tags?post=670676"}],"curies":[{"name":"wp","href":"https:\/\/api.w.org\/{rel}","templated":true}]}}