{"id":670687,"date":"2026-01-17T19:42:17","date_gmt":"2026-01-17T19:42:17","guid":{"rendered":"https:\/\/www.europesays.com\/fr\/670687\/"},"modified":"2026-01-17T19:42:17","modified_gmt":"2026-01-17T19:42:17","slug":"recherches-en-cours-pour-retrouver-un-avion-disparu-des-radars","status":"publish","type":"post","link":"https:\/\/www.europesays.com\/fr\/670687\/","title":{"rendered":"Recherches en cours pour retrouver un avion disparu des radars"},"content":{"rendered":"<p>Nouveau myst\u00e8re dans les airs. Les autorit\u00e9s <a href=\"https:\/\/www.20minutes.fr\/dossier\/indonesie\" class=\"c-link c-link--is-underlined\" target=\"_blank\" rel=\"noopener\">indon\u00e9siennes <\/a>\u00e9taient ce samedi apr\u00e8s-midi \u00e0 la recherche d\u2019un petit <a href=\"https:\/\/www.20minutes.fr\/dossier\/avion\" class=\"c-link c-link--is-underlined\" target=\"_blank\" rel=\"noopener\">avion <\/a>transportant dix passagers, avec lequel elles ont perdu le contact alors qu\u2019il survolait l\u2019est du pays. L\u2019avion \u00e0 turbopropulseur, de la compagnie Indonesia Air Transport, se rendait \u00e0 Makassar, dans le Sulawesi du Sud, apr\u00e8s avoir d\u00e9coll\u00e9 de Yogyakarta, sur l\u2019\u00eele de Java, selon des responsables des secours.<\/p>\n<p>Il y avait dix personnes \u00e0 bord, trois passagers et sept membres d\u2019\u00e9quipage, a pr\u00e9cis\u00e9 la compagnie, alors qu\u2019un total de onze personnes avait \u00e9t\u00e9 annonc\u00e9 pr\u00e9c\u00e9demment. Au cours d\u2019une conf\u00e9rence de presse, le ministre indon\u00e9sien des Affaires maritimes et de la P\u00eache, Sakti Wahyu Trenggono, a pr\u00e9cis\u00e9 que les passagers \u00e9taient des employ\u00e9s de son minist\u00e8re, en mission de surveillance a\u00e9rienne des ressources de la r\u00e9gion.<\/p>\n<p>Recherches en cours dans une zone montagneuse<\/p>\n<p>Le contact a \u00e9t\u00e9 perdu peu apr\u00e8s 13 heures locales (7 heures en France). L\u2019avion est un ATR 42-500, selon le constructeur a\u00e9ronautique ATR, qui fabrique des avions de transport r\u00e9gional turbopropulseurs et qui est bas\u00e9 \u00e0 <a href=\"https:\/\/www.20minutes.fr\/toulouse\/\" class=\"c-link c-link--is-underlined\" target=\"_blank\" rel=\"noopener\">Toulouse<\/a>. \u00ab\u00a0Nos premi\u00e8res pens\u00e9es vont aux personnes touch\u00e9es par cet accident\u00a0\u00bb et \u00ab\u00a0les experts d\u2019ATR sont totalement impliqu\u00e9s pour collaborer avec les autorit\u00e9s indon\u00e9siennes et la compagnie\u00a0\u00bb indon\u00e9sienne, affirme-t-il dans un communiqu\u00e9.<\/p>\n<\/p>\n<p>Le chef de l\u2019agence locale de recherche et de sauvetage, Muhammad Arif Anwar, a d\u00e9clar\u00e9 que des \u00e9quipes avaient \u00e9t\u00e9 d\u00e9ploy\u00e9es dans une zone montagneuse de la r\u00e9gion de Maros, \u00e0 environ 42 kilom\u00e8tres de la capitale provinciale, Makassar, pr\u00e8s de la derni\u00e8re position connue de l\u2019appareil.<\/p>\n<p>Les recherches terrestres et a\u00e9riennes impliquent l\u2019arm\u00e9e de l\u2019air, la police et des b\u00e9n\u00e9voles, a-t-il ajout\u00e9. Andi Sultan, le directeur des op\u00e9rations \u00e0 l\u2019agence de recherche et de secours de Makassar, a pr\u00e9cis\u00e9 pour sa part qu\u2019un h\u00e9licopt\u00e8re et des drones avaient \u00e9t\u00e9 envoy\u00e9s sur place afin de retrouver l\u2019avion.<\/p>\n<p>Des pr\u00e9c\u00e9dents r\u00e9cents<\/p>\n<p>L\u2019Indon\u00e9sie, vaste archipel du sud-est asiatique, d\u00e9pend fortement du transport a\u00e9rien pour relier ses milliers d\u2019\u00eeles. Ce pays affiche un pi\u00e8tre bilan en mati\u00e8re de s\u00e9curit\u00e9 a\u00e9rienne et a connu plusieurs accidents mortels ces derni\u00e8res ann\u00e9es.<\/p>\n<p>En septembre dernier, un h\u00e9licopt\u00e8re transportant six passagers et deux membres d\u2019\u00e9quipage s\u2019\u00e9tait \u00e9cras\u00e9 peu apr\u00e8s avoir d\u00e9coll\u00e9 dans la province de Kalimantan du Sud, ne faisant aucun survivant. Moins de deux semaines apr\u00e8s, quatre personnes \u00e9taient mortes dans le <a href=\"https:\/\/www.20minutes.fr\/dossier\/crash\" class=\"c-link c-link--is-underlined\" target=\"_blank\" rel=\"noopener\">crash <\/a>d\u2019un autre h\u00e9licopt\u00e8re dans le district isol\u00e9 d\u2019Ilaga, dans la province de Papouasie.<\/p>\n","protected":false},"excerpt":{"rendered":"Nouveau myst\u00e8re dans les airs. Les autorit\u00e9s indon\u00e9siennes \u00e9taient ce samedi apr\u00e8s-midi \u00e0 la recherche d\u2019un petit avion&hellip;\n","protected":false},"author":2,"featured_media":670688,"comment_status":"","ping_status":"","sticky":false,"template":"","format":"standard","meta":{"footnotes":""},"categories":[4],"tags":[10996,47,11,37,2715,1011,27,25902,74,12,25],"class_list":{"0":"post-670687","1":"post","2":"type-post","3":"status-publish","4":"format-standard","5":"has-post-thumbnail","7":"category-france","8":"tag-accident-davion","9":"tag-actualite","10":"tag-actualites","11":"tag-avion","12":"tag-disparition","13":"tag-fr","14":"tag-france","15":"tag-indonesie","16":"tag-monde","17":"tag-news","18":"tag-republique-francaise"},"share_on_mastodon":{"url":"https:\/\/pubeurope.com\/@fr\/115912149788260692","error":""},"_links":{"self":[{"href":"https:\/\/www.europesays.com\/fr\/wp-json\/wp\/v2\/posts\/670687","targetHints":{"allow":["GET"]}}],"collection":[{"href":"https:\/\/www.europesays.com\/fr\/wp-json\/wp\/v2\/posts"}],"about":[{"href":"https:\/\/www.europesays.com\/fr\/wp-json\/wp\/v2\/types\/post"}],"author":[{"embeddable":true,"href":"https:\/\/www.europesays.com\/fr\/wp-json\/wp\/v2\/users\/2"}],"replies":[{"embeddable":true,"href":"https:\/\/www.europesays.com\/fr\/wp-json\/wp\/v2\/comments?post=670687"}],"version-history":[{"count":0,"href":"https:\/\/www.europesays.com\/fr\/wp-json\/wp\/v2\/posts\/670687\/revisions"}],"wp:featuredmedia":[{"embeddable":true,"href":"https:\/\/www.europesays.com\/fr\/wp-json\/wp\/v2\/media\/670688"}],"wp:attachment":[{"href":"https:\/\/www.europesays.com\/fr\/wp-json\/wp\/v2\/media?parent=670687"}],"wp:term":[{"taxonomy":"category","embeddable":true,"href":"https:\/\/www.europesays.com\/fr\/wp-json\/wp\/v2\/categories?post=670687"},{"taxonomy":"post_tag","embeddable":true,"href":"https:\/\/www.europesays.com\/fr\/wp-json\/wp\/v2\/tags?post=670687"}],"curies":[{"name":"wp","href":"https:\/\/api.w.org\/{rel}","templated":true}]}}