{"id":670716,"date":"2026-01-17T19:58:24","date_gmt":"2026-01-17T19:58:24","guid":{"rendered":"https:\/\/www.europesays.com\/fr\/670716\/"},"modified":"2026-01-17T19:58:24","modified_gmt":"2026-01-17T19:58:24","slug":"strasbourg-teste-un-nouvel-eclairage-nocturne-dans-3-quartiers","status":"publish","type":"post","link":"https:\/\/www.europesays.com\/fr\/670716\/","title":{"rendered":"Strasbourg teste un nouvel \u00e9clairage nocturne dans 3 quartiers"},"content":{"rendered":"<p>    <img loading=\"lazy\" width=\"1800\" height=\"900\" src=\"https:\/\/www.europesays.com\/fr\/wp-content\/uploads\/2025\/11\/jeanne-callthepolice.jpg\" class=\"attachment-full size-full\" alt=\"\" id=\"imageLove\" decoding=\"async\"  \/><\/p>\n<p id=\"breadcrumbs\"><a href=\"https:\/\/pokaa.fr\/\" target=\"_blank\" rel=\"noopener\">Accueil<\/a> \/ <a href=\"https:\/\/pokaa.fr\/categories\/actu\/\" target=\"_blank\" rel=\"noopener\">Info locale<\/a> \/ S\u00e9curit\u00e9 renforc\u00e9e : Strasbourg teste un nouvel \u00e9clairage nocturne dans 3 quartiers<\/p>\n<p>                    Info locale<\/p>\n<p><b>Depuis juillet 2025, une partie de l\u2019\u00e9clairage public de plusieurs secteurs est contr\u00f4lable \u00e0 distance, en t\u00e9l\u00e9gestion. Une \u00e9volution technologique permettant de red\u00e9finir l\u2019\u00e9clairage en fonction des besoins, et que la Ville de Strasbourg pr\u00e9voit d\u2019\u00e9tendre \u00e0 trois quartiers d\u2019ici la fin de l\u2019ann\u00e9e 2026.<\/b><\/p>\n<p>Engag\u00e9e depuis plusieurs ann\u00e9es<strong> dans une transformation du parc d\u2019\u00e9clairage public<\/strong>, la Ville de Strasbourg a pr\u00e9sent\u00e9 un nouveau point d\u2019\u00e9tape ce mardi 13 janvier au Neudorf.<\/p>\n<p>Depuis l\u2019\u00e9t\u00e9 dernier, la municipalit\u00e9 teste <strong>une nouvelle technologie de t\u00e9l\u00e9gestion<\/strong>, lui permettant de contr\u00f4ler l\u2019\u00e9clairage public \u00e0 distance,<strong> avec une simple tablette.<\/strong><\/p>\n<p>    <img width=\"800\" height=\"450\" src=\"https:\/\/www.europesays.com\/fr\/wp-content\/uploads\/2026\/01\/img-9762-800x450.jpg\" class=\"attachment-image-size-L size-image-size-L\" alt=\"Eclairage Strasbourg t\u00e9l\u00e9gestion\" decoding=\"async\" loading=\"lazy\"  \/>         \u00a9 Jules Scheuer \/ Pokaa <\/p>\n<p>\u00ab\u00a0G\u00e9rer l\u2019\u00e9clairage depuis une tablette permet de piloter des secteurs entiers<strong> pour varier l\u2019intensit\u00e9 lumineuse, \u00e9teindre ou allumer les luminaires<\/strong>. Avant, pour chaque intervention, il fallait <strong>ouvrir une armoire technique ou manipuler directement le lampadaire<\/strong>\u00a0\u00bb, explique Pierre Ozenne, adjoint \u00e0 la maire en charge de l\u2019\u00e9clairage public.<\/p>\n<p>Plus pratique et davantage flexible, cette technologie a fait son apparition <strong>pour remettre la lumi\u00e8re sur certaines voies<\/strong>\u00a0concern\u00e9es par l\u2019extinction des luminaires entre 1h et 5h du matin depuis la crise \u00e9nerg\u00e9tique de 2023.<\/p>\n<p>                <a href=\"https:\/\/pokaa.fr\/2022\/09\/01\/il-va-falloir-apprendre-a-vivre-sobrement-strasbourg-se-prepare-a-lexplosion-des-energies\/\" target=\"_blank\" rel=\"noopener\"><br \/>\n                    <img width=\"405\" height=\"270\" src=\"https:\/\/www.europesays.com\/fr\/wp-content\/uploads\/2026\/01\/photos-petite-france-confinement1.jpg\" class=\"attachment-card-horizontal--same-subject size-card-horizontal--same-subject wp-post-image\" alt=\"\" decoding=\"async\" loading=\"lazy\"  \/>                <\/a><\/p>\n<p>Dans un contexte de flamb\u00e9e des prix de l\u2019\u00e9nergie, la Ville de Strasbourg, comme de nombreuses autres en France, avait pris la d\u00e9cision d\u2019une<strong> extinction partielle de 8500 luminaires <\/strong>au coeur de la nuit,<strong> soit 30% de ses points lumineux.<\/strong><\/p>\n<p>Trois quartiers concern\u00e9s dans un premier temps \u00e0 Strasbourg<\/p>\n<p>Avec un prix de l\u2019\u00e9nergie revenu \u00e0 la normale et la volont\u00e9 de<strong> r\u00e9pondre \u00ab\u00a0<\/strong><strong>\u00e0 des besoins en mati\u00e8re de s\u00e9curit\u00e9 et de pr\u00e9servation de la trame nocturne\u00a0<\/strong><strong>\u00bb<\/strong>, la solution de la t\u00e9l\u00e9gestion s\u2019est pr\u00e9sent\u00e9e.\u00a0<\/p>\n<p>Exp\u00e9riment\u00e9e dans un premier temps dans le quartier de la Montagne Verte, cette technologie est \u00e9galement d\u00e9ploy\u00e9e petit \u00e0 petit \u00e0<strong> la Neustadt et au Neudorf<\/strong>. Avant d\u2019\u00e9quiper enti\u00e8rement le reste de la ville et ses 27 500 luminaires.<\/p>\n<p>                <img width=\"375\" height=\"500\" src=\"https:\/\/www.europesays.com\/fr\/wp-content\/uploads\/2026\/01\/img-4139-375x500.jpg\" class=\"attachment-gallery size-gallery\" alt=\"strasbourg quai nuit march\u00e9 de No\u00ebl\" data-full-url=\"https:\/\/pokaa.fr\/wp-content\/uploads\/2024\/11\/20\/img-4139.jpg\" decoding=\"async\" loading=\"lazy\"  \/>            <\/p>\n<p>                <img width=\"375\" height=\"500\" src=\"https:\/\/www.europesays.com\/fr\/wp-content\/uploads\/2026\/01\/275346408_1426079804517115_3887550244495822194_n.jpg\" class=\"attachment-gallery size-gallery\" alt=\"Strasbourg nuit\" data-full-url=\"https:\/\/www.europesays.com\/fr\/wp-content\/uploads\/2026\/01\/275346408_1426079804517115_3887550244495822194_n.jpg\" decoding=\"async\" loading=\"lazy\"  \/>            <\/p>\n<p>                <img width=\"375\" height=\"500\" src=\"https:\/\/www.europesays.com\/fr\/wp-content\/uploads\/2026\/01\/273723421_318836133629758_7973200339621279860_n.jpg\" class=\"attachment-gallery size-gallery\" alt=\"Strasbourg tram nuit republique\" data-full-url=\"https:\/\/www.europesays.com\/fr\/wp-content\/uploads\/2026\/01\/273723421_318836133629758_7973200339621279860_n.jpg\" decoding=\"async\" loading=\"lazy\"  \/>            <\/p>\n<p>                    \u00a9 Coraline Lafon \/ Pokaa<\/p>\n<p>Au-del\u00e0 de<strong> rallumer progressivement les zones plong\u00e9es dans le noir<\/strong>\u00a0une fois la nuit tomb\u00e9e, les objectifs sont pluriels et r\u00e9sident dans la possibilit\u00e9 de <strong>r\u00e9gler l\u2019intensit\u00e9 lumineuse \u00e0 <\/strong><strong>100%, 75%, 50% ou encore 25%.<\/strong><\/p>\n<p>Non seulement l\u2019intensit\u00e9 est r\u00e9glable \u00e0 distance, mais elle change surtout pendant la nuit. Une fa\u00e7on de proc\u00e9der qui \u00ab permet de maximiser les gains \u00e9nerg\u00e9tiques, <strong>tout en assurant la s\u00e9curit\u00e9 des d\u00e9placements<\/strong>\u00a0\u00bb.\u00a0<\/p>\n<p>Un onglet d\u00e9di\u00e9 pour faire remonter les probl\u00e9matiques li\u00e9es \u00e0 l&rsquo;\u00e9clairage<\/p>\n<p>Ce travail d\u2019identification des zones concern\u00e9es par<strong> le retour de l\u2019\u00e9clairage a \u00e9t\u00e9 guid\u00e9 par un comit\u00e9 de suivi.<\/strong> Un groupe dans lequel des habitant(e)s, des forces de l\u2019ordre et des organismes (Crous, Strasbourg \u00e0 v\u00e9lo, Alsace nature, Osez le f\u00e9minisme) ont pu participer. \u00c0 terme, cette technologie pourrait permettre \u00e0 chacun(e) de <strong>contr\u00f4ler l\u2019\u00e9clairage via une application<\/strong> selon l\u2019\u00e9lu.<\/p>\n<p>    <img width=\"800\" height=\"450\" src=\"https:\/\/www.europesays.com\/fr\/wp-content\/uploads\/2026\/01\/img-9766-800x450.jpg\" class=\"attachment-image-size-L size-image-size-L\" alt=\"Eclairage Strasbourg t\u00e9l\u00e9gestion\" decoding=\"async\" loading=\"lazy\"  \/>         Tablette permettant une gestion \u00e0 distance des luminaires. \u00a9 Jules Scheuer \/ Pokaa <\/p>\n<p>Plus globalement, la t\u00e9l\u00e9gestion fait partie d\u2019<strong>une politique d\u2019\u00e9conomie d\u2019\u00e9nergie engag\u00e9e par la Ville<\/strong> sur le sujet de l\u2019\u00e9clairage public.<\/p>\n<p>En six ans, la transformation LED s\u2019est acc\u00e9l\u00e9r\u00e9e \u00e0 Strasbourg,<strong> passant de 13% \u00e0 60% des points lumineux<\/strong> \u00e0 l\u2019issue du premier trimestre 2026. En maintenant <strong>le cap du 100% LED d\u2019ici 2030,<\/strong> conjugu\u00e9 \u00e0 une baisse de 50% de la consommation d\u2019\u00e9nergie.<\/p>\n<p>                <a href=\"https:\/\/pokaa.fr\/2024\/10\/20\/apres-une-semaine-de-polemique-la-cathedrale-de-strasbourg-va-retrouver-ses-lumieres-apres-23h\/\" target=\"_blank\" rel=\"noopener\"><br \/>\n                    <img width=\"360\" height=\"270\" src=\"https:\/\/www.europesays.com\/fr\/wp-content\/uploads\/2026\/01\/image00023.jpeg\" class=\"attachment-card-horizontal--same-subject size-card-horizontal--same-subject wp-post-image\" alt=\"\" decoding=\"async\" loading=\"lazy\"  \/>                <\/a><\/p>\n<p><strong>PS : si vous rencontrez un d\u00e9faut avec l\u2019\u00e9clairage public dans votre quartier, vous pouvez le signaler <a href=\"https:\/\/demarches.strasbourg.eu\/interventions-signalements\/signaler-un-defaut-d-eclairage-public-1\/\" target=\"_blank\" rel=\"noopener\">en cliquant ici<\/a>.\u00a0<\/strong><\/p>\n","protected":false},"excerpt":{"rendered":"Accueil \/ Info locale \/ S\u00e9curit\u00e9 renforc\u00e9e : Strasbourg teste un nouvel \u00e9clairage nocturne dans 3 quartiers Info&hellip;\n","protected":false},"author":2,"featured_media":670717,"comment_status":"","ping_status":"","sticky":false,"template":"","format":"standard","meta":{"footnotes":""},"categories":[2820],"tags":[1111,11,15925,1777,674,1011,27,775,77036,22591,12,293,25,656,640,58524],"class_list":{"0":"post-670716","1":"post","2":"type-post","3":"status-publish","4":"format-standard","5":"has-post-thumbnail","7":"category-strasbourg","8":"tag-actu","9":"tag-actualites","10":"tag-eclairage","11":"tag-eu","12":"tag-europe","13":"tag-fr","14":"tag-france","15":"tag-grand-est","16":"tag-lampadaire","17":"tag-led","18":"tag-news","19":"tag-nuit","20":"tag-republique-francaise","21":"tag-securite","22":"tag-strasbourg","23":"tag-strasbourg-actualite"},"share_on_mastodon":{"url":"https:\/\/pubeurope.com\/@fr\/115912213146525269","error":""},"_links":{"self":[{"href":"https:\/\/www.europesays.com\/fr\/wp-json\/wp\/v2\/posts\/670716","targetHints":{"allow":["GET"]}}],"collection":[{"href":"https:\/\/www.europesays.com\/fr\/wp-json\/wp\/v2\/posts"}],"about":[{"href":"https:\/\/www.europesays.com\/fr\/wp-json\/wp\/v2\/types\/post"}],"author":[{"embeddable":true,"href":"https:\/\/www.europesays.com\/fr\/wp-json\/wp\/v2\/users\/2"}],"replies":[{"embeddable":true,"href":"https:\/\/www.europesays.com\/fr\/wp-json\/wp\/v2\/comments?post=670716"}],"version-history":[{"count":0,"href":"https:\/\/www.europesays.com\/fr\/wp-json\/wp\/v2\/posts\/670716\/revisions"}],"wp:featuredmedia":[{"embeddable":true,"href":"https:\/\/www.europesays.com\/fr\/wp-json\/wp\/v2\/media\/670717"}],"wp:attachment":[{"href":"https:\/\/www.europesays.com\/fr\/wp-json\/wp\/v2\/media?parent=670716"}],"wp:term":[{"taxonomy":"category","embeddable":true,"href":"https:\/\/www.europesays.com\/fr\/wp-json\/wp\/v2\/categories?post=670716"},{"taxonomy":"post_tag","embeddable":true,"href":"https:\/\/www.europesays.com\/fr\/wp-json\/wp\/v2\/tags?post=670716"}],"curies":[{"name":"wp","href":"https:\/\/api.w.org\/{rel}","templated":true}]}}