{"id":670726,"date":"2026-01-17T20:04:25","date_gmt":"2026-01-17T20:04:25","guid":{"rendered":"https:\/\/www.europesays.com\/fr\/670726\/"},"modified":"2026-01-17T20:04:25","modified_gmt":"2026-01-17T20:04:25","slug":"bordeaux-la-nuit-de-la-solidarite-2026-se-concentre-sur-les-femmes-sans-abri","status":"publish","type":"post","link":"https:\/\/www.europesays.com\/fr\/670726\/","title":{"rendered":"Bordeaux : la Nuit de la Solidarit\u00e9 2026 se concentre sur les femmes sans-abri"},"content":{"rendered":"\n<p data-start=\"211\" data-end=\"445\">Cette ann\u00e9e, la <strong data-start=\"227\" data-end=\"252\">Nuit de la Solidarit\u00e9<\/strong> change de format \u00e0 Bordeaux. L\u2019\u00e9dition 2026, qui se tient chaque 22 janvier, <strong data-start=\"330\" data-end=\"370\">se focalise sur les femmes sans-abri<\/strong>, une population encore trop souvent invisible dans les rues de la ville.<\/p>\n<p data-start=\"447\" data-end=\"769\">Depuis 2022, la Nuit de la Solidarit\u00e9 permet de <strong data-start=\"495\" data-end=\"531\">recenser les personnes sans-abri<\/strong>, de mieux comprendre leurs parcours et besoins, et de sensibiliser le public au sans-abrisme. Mais en 2025, moins de <strong data-start=\"649\" data-end=\"702\">10 % des personnes rencontr\u00e9es \u00e9taient des femmes<\/strong>, malgr\u00e9 leur pr\u00e9sence importante dans les dispositifs d\u2019accueil.<\/p>\n<p data-start=\"771\" data-end=\"1092\">Pour cette \u00e9dition, la Ville de Bordeaux adapte sa m\u00e9thodologie : <strong data-start=\"837\" data-end=\"893\">groupes de travail avec associations et institutions<\/strong>, entretiens individuels et questionnaires permettront de <strong data-start=\"951\" data-end=\"1010\">collecter des donn\u00e9es pr\u00e9cises sur les femmes sans-abri<\/strong>. Les r\u00e9sultats seront analys\u00e9s au deuxi\u00e8me trimestre 2026 et restitu\u00e9s en juin.<\/p>\n<p data-start=\"1094\" data-end=\"1332\">Le recensement g\u00e9n\u00e9ral habituel reviendra en janvier 2027, mais cette \u00e9dition 2026 marque une \u00e9tape cl\u00e9 pour <strong data-start=\"1203\" data-end=\"1263\">donner visibilit\u00e9 et voix aux femmes en situation de rue<\/strong>, tout en renfor\u00e7ant les actions de pr\u00e9vention et d\u2019accompagnement.<\/p>\n","protected":false},"excerpt":{"rendered":"Cette ann\u00e9e, la Nuit de la Solidarit\u00e9 change de format \u00e0 Bordeaux. L\u2019\u00e9dition 2026, qui se tient chaque&hellip;\n","protected":false},"author":2,"featured_media":670727,"comment_status":"","ping_status":"","sticky":false,"template":"","format":"standard","meta":{"footnotes":""},"categories":[2817],"tags":[1111,47,11,1997,1777,674,1011,27,1922,12,2219,25],"class_list":{"0":"post-670726","1":"post","2":"type-post","3":"status-publish","4":"format-standard","5":"has-post-thumbnail","7":"category-bordeaux","8":"tag-actu","9":"tag-actualite","10":"tag-actualites","11":"tag-bordeaux","12":"tag-eu","13":"tag-europe","14":"tag-fr","15":"tag-france","16":"tag-info","17":"tag-news","18":"tag-nouvelle-aquitaine","19":"tag-republique-francaise"},"share_on_mastodon":{"url":"https:\/\/pubeurope.com\/@fr\/115912236277957613","error":""},"_links":{"self":[{"href":"https:\/\/www.europesays.com\/fr\/wp-json\/wp\/v2\/posts\/670726","targetHints":{"allow":["GET"]}}],"collection":[{"href":"https:\/\/www.europesays.com\/fr\/wp-json\/wp\/v2\/posts"}],"about":[{"href":"https:\/\/www.europesays.com\/fr\/wp-json\/wp\/v2\/types\/post"}],"author":[{"embeddable":true,"href":"https:\/\/www.europesays.com\/fr\/wp-json\/wp\/v2\/users\/2"}],"replies":[{"embeddable":true,"href":"https:\/\/www.europesays.com\/fr\/wp-json\/wp\/v2\/comments?post=670726"}],"version-history":[{"count":0,"href":"https:\/\/www.europesays.com\/fr\/wp-json\/wp\/v2\/posts\/670726\/revisions"}],"wp:featuredmedia":[{"embeddable":true,"href":"https:\/\/www.europesays.com\/fr\/wp-json\/wp\/v2\/media\/670727"}],"wp:attachment":[{"href":"https:\/\/www.europesays.com\/fr\/wp-json\/wp\/v2\/media?parent=670726"}],"wp:term":[{"taxonomy":"category","embeddable":true,"href":"https:\/\/www.europesays.com\/fr\/wp-json\/wp\/v2\/categories?post=670726"},{"taxonomy":"post_tag","embeddable":true,"href":"https:\/\/www.europesays.com\/fr\/wp-json\/wp\/v2\/tags?post=670726"}],"curies":[{"name":"wp","href":"https:\/\/api.w.org\/{rel}","templated":true}]}}