{"id":670753,"date":"2026-01-17T20:19:23","date_gmt":"2026-01-17T20:19:23","guid":{"rendered":"https:\/\/www.europesays.com\/fr\/670753\/"},"modified":"2026-01-17T20:19:23","modified_gmt":"2026-01-17T20:19:23","slug":"la-famille-del-hacen-diarra-decede-pendant-une-garde-a-vue-porte-plainte","status":"publish","type":"post","link":"https:\/\/www.europesays.com\/fr\/670753\/","title":{"rendered":"la famille d\u2019El Hacen Diarra, d\u00e9c\u00e9d\u00e9 pendant une garde \u00e0 vue, porte plainte"},"content":{"rendered":"<p>        <img decoding=\"async\" loading=\"lazy\" src=\"https:\/\/www.europesays.com\/fr\/wp-content\/uploads\/2026\/01\/ba2c46c_upload-1-iicitdnyoc5h-afp-20260117-hl-acornu-3023273-v1-highres-francepoliceillustration.jpg\"  width=\"728\" height=\"409\" alt=\"Une photo illustrative nocturne du commissariat central du 20e arrondissement, \u00e0 Paris, o\u00f9 se sont d\u00e9roul\u00e9s les faits, prise le 16\u00a0janvier 2026.\"\/>  <\/p>\n<p>AMAURY CORNU \/ Hans Lucas via AFP<\/p>\n<p>Une photo illustrative nocturne du commissariat central du 20e arrondissement, \u00e0 Paris, o\u00f9 se sont d\u00e9roul\u00e9s les faits, prise le 16\u00a0janvier 2026.<\/p>\n<p class=\"asset asset-text\">La famille d\u2019un Mauritanien de 35\u00a0ans, El Hacen Diarra, mort dans la nuit de mercredi \u00e0 jeudi pendant sa garde \u00e0 vue dans un commissariat parisien du 20e arrondissement, d\u00e9nonce, vid\u00e9o \u00e0 l\u2019appui, des violences polici\u00e8res et demande la d\u00e9signation d\u2019un juge d\u2019instruction.<\/p>\n<p class=\"asset asset-text\">Me Yassine Bouzrou a indiqu\u00e9 ce samedi 17\u00a0janvier \u00e0 l\u2019AFP avoir port\u00e9 plainte pour \u00ab\u00a0violences volontaires ayant entra\u00een\u00e9 la mort\u00a0\u00bb. Cette plainte \u00ab\u00a0s\u2019impose face \u00e0 l\u2019absence de saisine d\u2019un juge d\u2019instruction par la procureure de la R\u00e9publique, alors que les circonstances de ce drame sont marqu\u00e9es par des preuves accablantes\u00a0\u00bb, souligne-t-il dans un communiqu\u00e9.<\/p>\n<p class=\"asset asset-text\">La d\u00e9signation d\u2019un juge d\u2019instruction est, selon lui, indispensable \u00ab\u00a0pour \u00e9tablir les responsabilit\u00e9s\u00a0\u00bb et faire \u00ab\u00a0la transparence totale sur les conditions de l\u2019interpellation, de la garde \u00e0 vue, et des soins prodigu\u00e9s\u00a0\u00bb.<\/p>\n<p class=\"asset asset-text\">\u00c0 l\u2019appui de la plainte, une vid\u00e9o, film\u00e9e de nuit par des voisins, montrant \u00ab\u00a0des violences commises sur lui lors de son interpellation\u00a0\u00bb, rel\u00e8ve Me Bouzrou. Sur ces images, on distingue deux policiers, dont l\u2019un, \u00e0 genoux, donne deux coups de poing en direction d\u2019un homme plaqu\u00e9 au sol, avant l\u2019arriv\u00e9e de leurs coll\u00e8gues en voiture, une minute plus tard.<\/p>\n<p>                     \u00ab\u00a0Mare de sang\u00a0\u00bb    <\/p>\n<p class=\"asset asset-text\">\u00ab\u00a0Des t\u00e9moins ont vu une mare de sang sur les lieux de l\u2019interpellation, attestant de la violence extr\u00eame subie par El Hacen Diarra (&#8230;). \u00c0 son arriv\u00e9e au commissariat, les policiers eux-m\u00eames ont estim\u00e9 n\u00e9cessaire une hospitalisation imm\u00e9diate\u00a0\u00bb, souligne-t-il.<\/p>\n<p class=\"asset asset-text\">\u00ab\u00a0Ces \u00e9l\u00e9ments confirment qu\u2019El Hacen Diarra a \u00e9t\u00e9 victime de violences graves lors de son interpellation, et peut-\u00eatre m\u00eame au sein du commissariat du 20\u1d49 arrondissement, connu pour diff\u00e9rentes affaires de violences et agressions sexuelles commises sur des gard\u00e9s \u00e0 vue\u00a0\u00bb, ajoute-t-il, se r\u00e9f\u00e9rant \u00e0 deux condamnations pour des faits commis entre 2019 et 2021.<\/p>\n<p class=\"asset asset-text\">Apr\u00e8s le d\u00e9c\u00e8s d\u2019El Hacen Diarra, le parquet de Paris a indiqu\u00e9 avoir confi\u00e9 une enqu\u00eate en \u00ab\u00a0recherche des causes de la mort\u00a0\u00bb \u00e0 l\u2019IGPN, la police des polices.<\/p>\n<p class=\"asset asset-text\">Selon le parquet, les policiers avaient contr\u00f4l\u00e9 El Hacen Diarra apr\u00e8s l\u2019avoir \u00ab\u00a0vu rouler un joint de cannabis\u00a0\u00bb. Selon ses proches, l\u2019homme \u00ab\u00a0buvait simplement un caf\u00e9 en bas du foyer (o\u00f9 il r\u00e9sidait) lorsque la police est venue vers lui\u00a0\u00bb.<\/p>\n<p class=\"asset asset-text\">\u00ab\u00a0Indiquant avoir \u00e9t\u00e9 confront\u00e9s au refus de se soumettre aux palpations, les policiers ont proc\u00e9d\u00e9 \u00e0 l\u2019interpellation du suspect, qui a chut\u00e9 au sol, entra\u00eenant deux policiers dans sa chute \u00e0 deux reprises. Un policier a indiqu\u00e9 avoir fait usage du taser, le touchant notamment \u00e0 la cheville\u00a0\u00bb, affirme le parquet \u00e0 l\u00a0\u00bbAFP.<\/p>\n<p class=\"asset asset-text\">\u00ab\u00a0Interpell\u00e9 \u00e0 22h45, (M. Diarra) a \u00e9t\u00e9 conduit au commissariat sans autre incident au cours du transport\u00a0\u00bb et son d\u00e9pistage d\u2019alcool\u00e9mie \u00e9tait \u00ab\u00a0n\u00e9gatif\u00a0\u00bb, pr\u00e9cise-t-il.<\/p>\n<p>                     \u00ab\u00a0R\u00e9bellion\u00a0\u00bb    <\/p>\n<p class=\"asset asset-text\">El Hacen Diarra \u00ab\u00a0\u00e9tait en possession de faux documents administratifs, et de mati\u00e8re brun\u00e2tre s\u2019apparentant \u00e0 du cannabis\u00a0\u00bb, selon le parquet et il avait \u00e9t\u00e9 plac\u00e9 en garde \u00e0 vue pour l\u2019usage de ces faux documents et la d\u00e9tention du cannabis, ainsi que pour \u00ab\u00a0r\u00e9bellion\u00a0\u00bb.<\/p>\n<p class=\"asset asset-text\">\u00ab\u00a0Son transport \u00e0 l\u2019h\u00f4pital a \u00e9t\u00e9 requis par l\u2019officier de police judiciaire en raison de la plaie qu\u2019il pr\u00e9sentait \u00e0 l\u2019arcade\u00a0\u00bb, selon la version du parquet.<\/p>\n<p class=\"asset asset-text\">\u00ab\u00a0Alors qu\u2019il \u00e9tait en attente sur un banc du commissariat, (il) a \u00e9t\u00e9 vu faire un malaise, son arr\u00eat cardio-respiratoire a \u00e9t\u00e9 constat\u00e9, et un policier a d\u00e9but\u00e9 un massage cardiaque, poursuivi par les pompiers \u00e0 leur arriv\u00e9e \u00e0 23h45. Le d\u00e9c\u00e8s de la personne a \u00e9t\u00e9 constat\u00e9 \u00e0 00h20\u00a0\u00bb, explique encore le parquet \u00e0 l\u2019AFP.<\/p>\n<p class=\"asset asset-text\">L\u2019avocat de la famille, de son c\u00f4t\u00e9, d\u00e9nonce des \u00ab\u00a0all\u00e9gations m\u00e9diatiques de la procureure de la R\u00e9publique reprenant, en toute partialit\u00e9, l\u2019unique version des policiers\u00a0\u00bb.<\/p>\n<p class=\"asset asset-text\">Le fait que les policiers n\u2019aient pas \u00e9t\u00e9 plac\u00e9s en garde \u00e0 vue ou qu\u2019un juge d\u2019instruction, ind\u00e9pendant, n\u2019ait pas \u00e9t\u00e9 saisi \u00ab\u00a0font objectivement craindre l\u2019intention de la procureure de Paris d\u2019exon\u00e9rer les policiers de toute responsabilit\u00e9\u00a0\u00bb. Sollicit\u00e9, le parquet de Paris n\u2019a pas r\u00e9agi \u00e0 cette mise en cause.<\/p>\n<p class=\"asset asset-text\">Un rassemblement d\u2019hommage \u00e0 El Hacen Diarra est organis\u00e9 ce dimanche, auquel plusieurs personnalit\u00e9s de la gauche parisienne ont appel\u00e9 \u00e0 se joindre, dont la d\u00e9put\u00e9e (ex-LFI) Danielle Simonnet, le s\u00e9nateur communiste Ian Brossat et ou la d\u00e9put\u00e9e LFI Rima Hassan.<\/p>\n","protected":false},"excerpt":{"rendered":"AMAURY CORNU \/ Hans Lucas via AFP Une photo illustrative nocturne du commissariat central du 20e arrondissement, \u00e0&hellip;\n","protected":false},"author":2,"featured_media":670754,"comment_status":"","ping_status":"","sticky":false,"template":"","format":"standard","meta":{"footnotes":""},"categories":[1888],"tags":[11,1777,674,1011,27,7774,303,12,626,1072,25],"class_list":{"0":"post-670753","1":"post","2":"type-post","3":"status-publish","4":"format-standard","5":"has-post-thumbnail","7":"category-paris","8":"tag-actualites","9":"tag-eu","10":"tag-europe","11":"tag-fr","12":"tag-france","13":"tag-garde-a-vue","14":"tag-justice","15":"tag-news","16":"tag-paris","17":"tag-police","18":"tag-republique-francaise"},"share_on_mastodon":{"url":"https:\/\/pubeurope.com\/@fr\/115912295338889953","error":""},"_links":{"self":[{"href":"https:\/\/www.europesays.com\/fr\/wp-json\/wp\/v2\/posts\/670753","targetHints":{"allow":["GET"]}}],"collection":[{"href":"https:\/\/www.europesays.com\/fr\/wp-json\/wp\/v2\/posts"}],"about":[{"href":"https:\/\/www.europesays.com\/fr\/wp-json\/wp\/v2\/types\/post"}],"author":[{"embeddable":true,"href":"https:\/\/www.europesays.com\/fr\/wp-json\/wp\/v2\/users\/2"}],"replies":[{"embeddable":true,"href":"https:\/\/www.europesays.com\/fr\/wp-json\/wp\/v2\/comments?post=670753"}],"version-history":[{"count":0,"href":"https:\/\/www.europesays.com\/fr\/wp-json\/wp\/v2\/posts\/670753\/revisions"}],"wp:featuredmedia":[{"embeddable":true,"href":"https:\/\/www.europesays.com\/fr\/wp-json\/wp\/v2\/media\/670754"}],"wp:attachment":[{"href":"https:\/\/www.europesays.com\/fr\/wp-json\/wp\/v2\/media?parent=670753"}],"wp:term":[{"taxonomy":"category","embeddable":true,"href":"https:\/\/www.europesays.com\/fr\/wp-json\/wp\/v2\/categories?post=670753"},{"taxonomy":"post_tag","embeddable":true,"href":"https:\/\/www.europesays.com\/fr\/wp-json\/wp\/v2\/tags?post=670753"}],"curies":[{"name":"wp","href":"https:\/\/api.w.org\/{rel}","templated":true}]}}