{"id":670755,"date":"2026-01-17T20:20:12","date_gmt":"2026-01-17T20:20:12","guid":{"rendered":"https:\/\/www.europesays.com\/fr\/670755\/"},"modified":"2026-01-17T20:20:12","modified_gmt":"2026-01-17T20:20:12","slug":"guerre-en-ukraine-la-bataille-de-lelectricite-cette-denree-rare-de-kiev-a-moscou-en-plein-coeur-de-lhiver","status":"publish","type":"post","link":"https:\/\/www.europesays.com\/fr\/670755\/","title":{"rendered":"Guerre en Ukraine\u00a0: la bataille de l\u2019\u00e9lectricit\u00e9, cette denr\u00e9e rare de Kiev \u00e0 Moscou en plein c\u0153ur de l\u2019hiver"},"content":{"rendered":"<p>\n                                                                L\u2019\u00e9nergie \u00e9lectrique, cible des frappes de Moscou, est rationn\u00e9e en Ukraine en ce mois de janvier hivernal, mais elle est aussi un probl\u00e8me en Russie\u2026\n                            <\/p>\n<p>Ce samedi 17\u00a0janvier en journ\u00e9e, il fait \u2013 11\u00a0\u00b0C \u00e0 Kiev sous la neige, et \u2013 17 \u00e0 Moscou, et la guerre entre Ukraine et Moscou se poursuit. Chaque jour, rapporte le m\u00e9dia d\u2019\u00c9tat ukrainien Ukrinform, plus d\u2019un millier de soldats russes sont mis hors d\u2019\u00e9tat de nuire \u00ab\u00a0tu\u00e9s ou bless\u00e9s\u00a0\u00bb. L\u2019Otan estime \u00e0 1,1\u00a0million le nombre de soldats russes tu\u00e9s ou bless\u00e9s depuis le d\u00e9but de la guette en f\u00e9vrier\u00a02022. pour sa part, Volodymyr Zelensky a reconnu 426\u00a0000 soldats ukrainiens tu\u00e9s ou bless\u00e9s\u2026 mais c\u2019\u00e9tait (d\u00e9j\u00e0) en f\u00e9vrier\u00a02025.<\/p>\n<p>Chauffage \u00e9lectrique rationn\u00e9<\/p>\n<p>Durant la journ\u00e9e du vendredi 16\u00a0janvier, l\u2019Ukraine a essuy\u00e9\u00a0677 frappes a\u00e9riennes sur 29 localit\u00e9s de la r\u00e9gion de Zaporijjia, toujours selon Ukrinform. Parmi les cibles russes, les infrastructures \u00e9nerg\u00e9tiques qui ont mis \u00e0 la di\u00e8te Kiev et d\u2019autres villes ukrainiennes, comme Odessa. En plein hiver.\u00a0Le maire de Kiev, Vitali Klitschko, a annonc\u00e9 ce vendredi 16\u00a0janvier que les \u00e9coles de la capitale ukrainienne, priv\u00e9es de chauffage, seraient ferm\u00e9es jusqu\u2019au 1er\u00a0f\u00e9vrier, \u00e0 la suite des dommages caus\u00e9s par les bombardements russes. Des coupures volontaires ont \u00e9t\u00e9 mises en place dans les foyers ukrainiens. \u00c0 Kiev o\u00f9 quelques dizaines de foyers demeurent priv\u00e9s de chauffage, ces coupures peuvent durer jusqu\u2019\u00e0 10\u00a0heures, pour 3\u00a0heures de courant continu. L\u2019\u00e9clairage ext\u00e9rieur a \u00e9galement \u00e9t\u00e9 r\u00e9duit dans les villes.<\/p>\n<p>Pour lutter contre cette p\u00e9nurie d\u2019\u00e9lectricit\u00e9, les autorit\u00e9s ukrainiennes acc\u00e9l\u00e8rent la mise en place d\u2019importations d\u2019\u00e9quipements \u00e9nerg\u00e9tiques suppl\u00e9mentaires.<\/p>\n<p>Selon un rapport des services de renseignement ukrainiens, \u00ab\u00a0la Russie envisage l\u2019option d\u2019attaquer des installations strat\u00e9giques du syst\u00e8me \u00e9nerg\u00e9tique de notre \u00c9tat\u00a0\u00bb pour pousser Kiev \u00ab\u00a0\u00e0 signer des conditions de capitulation inacceptables\u00a0\u00bb.<\/p>\n<p>Mais en Russie aussi, l\u2019\u00e9lectricit\u00e9 est sous tension. Dans la nuit du vendredi\u00a016 au samedi 17\u00a0janvier, un transformateur \u00e9lectrique a pris feu \u00e0 Serpoukhov, pr\u00e8s\u00a0de Moscou, privant de chauffage\u00a0143 immeubles, \u00ab\u00a0une \u00e9cole, trois jardins d\u2019enfants et le dispensaire de tuberculose de Malakhov\u00a0\u00bb, selon la cha\u00eene TV Astra. Les raisons de cet incendie demeurent inconnues.<\/p>\n<p>Concernant la centrale nucl\u00e9aire de Zaporijjia, enfin, la Russie et l\u2019Ukraine ont donn\u00e9 ce vendredi leur accord \u00e0 l\u2019AIEA pour la mise en \u0153uvre d\u2019un cessez-le-feu local, en vue de r\u00e9parer la derni\u00e8re ligne \u00e9lectrique de secours restante de cette centrale, endommag\u00e9e par le conflit.<\/p>\n","protected":false},"excerpt":{"rendered":"L\u2019\u00e9nergie \u00e9lectrique, cible des frappes de Moscou, est rationn\u00e9e en Ukraine en ce mois de janvier hivernal, mais&hellip;\n","protected":false},"author":2,"featured_media":670756,"comment_status":"","ping_status":"","sticky":false,"template":"","format":"standard","meta":{"footnotes":""},"categories":[1591],"tags":[1111,11,1887,131,14,12,1885,1886,132],"class_list":{"0":"post-670755","1":"post","2":"type-post","3":"status-publish","4":"format-standard","5":"has-post-thumbnail","7":"category-russie","8":"tag-actu","9":"tag-actualites","10":"tag-federation-de-russie","11":"tag-guerre-en-ukraine","12":"tag-international","13":"tag-news","14":"tag-russia","15":"tag-russian-federation","16":"tag-russie"},"share_on_mastodon":{"url":"https:\/\/pubeurope.com\/@fr\/115912299309035886","error":""},"_links":{"self":[{"href":"https:\/\/www.europesays.com\/fr\/wp-json\/wp\/v2\/posts\/670755","targetHints":{"allow":["GET"]}}],"collection":[{"href":"https:\/\/www.europesays.com\/fr\/wp-json\/wp\/v2\/posts"}],"about":[{"href":"https:\/\/www.europesays.com\/fr\/wp-json\/wp\/v2\/types\/post"}],"author":[{"embeddable":true,"href":"https:\/\/www.europesays.com\/fr\/wp-json\/wp\/v2\/users\/2"}],"replies":[{"embeddable":true,"href":"https:\/\/www.europesays.com\/fr\/wp-json\/wp\/v2\/comments?post=670755"}],"version-history":[{"count":0,"href":"https:\/\/www.europesays.com\/fr\/wp-json\/wp\/v2\/posts\/670755\/revisions"}],"wp:featuredmedia":[{"embeddable":true,"href":"https:\/\/www.europesays.com\/fr\/wp-json\/wp\/v2\/media\/670756"}],"wp:attachment":[{"href":"https:\/\/www.europesays.com\/fr\/wp-json\/wp\/v2\/media?parent=670755"}],"wp:term":[{"taxonomy":"category","embeddable":true,"href":"https:\/\/www.europesays.com\/fr\/wp-json\/wp\/v2\/categories?post=670755"},{"taxonomy":"post_tag","embeddable":true,"href":"https:\/\/www.europesays.com\/fr\/wp-json\/wp\/v2\/tags?post=670755"}],"curies":[{"name":"wp","href":"https:\/\/api.w.org\/{rel}","templated":true}]}}