{"id":670777,"date":"2026-01-17T20:33:13","date_gmt":"2026-01-17T20:33:13","guid":{"rendered":"https:\/\/www.europesays.com\/fr\/670777\/"},"modified":"2026-01-17T20:33:13","modified_gmt":"2026-01-17T20:33:13","slug":"on-espere-quune-ou-plusieurs-tetes-de-serie-seront-rapidement-eliminees-au-premier-tour-a-melbourne-lopen-doccitanie-pret-a-accueillir-les-bannis-daustrali","status":"publish","type":"post","link":"https:\/\/www.europesays.com\/fr\/670777\/","title":{"rendered":"\u00ab\u00a0On esp\u00e8re qu\u2019une ou plusieurs t\u00eates de s\u00e9rie seront rapidement \u00e9limin\u00e9es au premier tour \u00e0 Melbourne\u00a0\u00bb\u00a0: l\u2019Open d\u2019Occitanie pr\u00eat \u00e0 accueillir les bannis d\u2019Australie"},"content":{"rendered":"<p>\n                                                                L\u2019Open d\u2019Occitanie (1er-8 f\u00e9vrier) croise les doigts\u00a0: il dispose de trois invitations r\u00e9serv\u00e9es aux meilleurs mondiaux pr\u00e9matur\u00e9ment \u00e9limin\u00e9s de l\u2019Open d\u2019Australie.\u00a0A la p\u00eache au perdant\u2026\n                            <\/p>\n<p>Tennis. S\u00e9bastien Grosjean, directeur de l\u2019Open d\u2019Occitanie (1er-8 f\u00e9vrier), ne s\u2019est pas fait prier pour livrer son plus grand espoir\u00a0: \u00ab\u00a0On esp\u00e8re qu\u2019une ou plusieurs t\u00eates de s\u00e9rie seront rapidement \u00e9limin\u00e9es au premier tour \u00e0 Melbourne.\u00a0\u00bb\u00a0Derri\u00e8re la boutade, comprendre\u00a0: le tournoi montpelli\u00e9rain se fera un plaisir d\u2019accueillir les bannis d\u2019Australie en qu\u00eate de revanche.<\/p>\n<p>C\u2019est ainsi chaque saison\u00a0: coinc\u00e9 entre le Grand Chelem (18\u00a0janvier-1er\u00a0f\u00e9vrier) et le premier tour de la Coupe Davis (6-8 f\u00e9vrier), l\u2019Open d\u2019Occitanie est tributaire d\u2019un calendrier extr\u00eamement \u00e9troit pour faire venir les \u00e9toiles du tennis mondial.<\/p>\n<p>Coup de projecteur pr\u00e9cieux<\/p>\n<p>Un top 15 inscrit\u00a0en derni\u00e8re minute offrirait un inestimable coup de projecteur. Trois wild-cards sont pr\u00e9vues \u00e0 cet effet. En croisant les doigts\u2026 En attendant, la lumi\u00e8re s\u2019est \u00e9teinte pour le local de l\u2019\u00e9tape Arthur Cazaux (fissure au coude), forfait en Australie et tr\u00e8s incertain pour Montpellier.<\/p>\n<p>Reste tout de m\u00eame une belle participation avec les Arthur Fis, Stan Wawrinka, Hubert Hurkacz, Giovanni Mpetshi Perricard, Valentin Royer, Ugo Humbert\u2026 Et, qui sait, une ic\u00f4ne mondiale pr\u00eate \u00e0 tout casser en session de rattrapage.<\/p>\n","protected":false},"excerpt":{"rendered":"L\u2019Open d\u2019Occitanie (1er-8 f\u00e9vrier) croise les doigts\u00a0: il dispose de trois invitations r\u00e9serv\u00e9es aux meilleurs mondiaux pr\u00e9matur\u00e9ment \u00e9limin\u00e9s&hellip;\n","protected":false},"author":2,"featured_media":670778,"comment_status":"","ping_status":"","sticky":false,"template":"","format":"standard","meta":{"footnotes":""},"categories":[1415],"tags":[1011,27,517,60,1467],"class_list":{"0":"post-670777","1":"post","2":"type-post","3":"status-publish","4":"format-standard","5":"has-post-thumbnail","7":"category-tennis","8":"tag-fr","9":"tag-france","10":"tag-sport","11":"tag-sports","12":"tag-tennis"},"share_on_mastodon":{"url":"https:\/\/pubeurope.com\/@fr\/115912350243602258","error":""},"_links":{"self":[{"href":"https:\/\/www.europesays.com\/fr\/wp-json\/wp\/v2\/posts\/670777","targetHints":{"allow":["GET"]}}],"collection":[{"href":"https:\/\/www.europesays.com\/fr\/wp-json\/wp\/v2\/posts"}],"about":[{"href":"https:\/\/www.europesays.com\/fr\/wp-json\/wp\/v2\/types\/post"}],"author":[{"embeddable":true,"href":"https:\/\/www.europesays.com\/fr\/wp-json\/wp\/v2\/users\/2"}],"replies":[{"embeddable":true,"href":"https:\/\/www.europesays.com\/fr\/wp-json\/wp\/v2\/comments?post=670777"}],"version-history":[{"count":0,"href":"https:\/\/www.europesays.com\/fr\/wp-json\/wp\/v2\/posts\/670777\/revisions"}],"wp:featuredmedia":[{"embeddable":true,"href":"https:\/\/www.europesays.com\/fr\/wp-json\/wp\/v2\/media\/670778"}],"wp:attachment":[{"href":"https:\/\/www.europesays.com\/fr\/wp-json\/wp\/v2\/media?parent=670777"}],"wp:term":[{"taxonomy":"category","embeddable":true,"href":"https:\/\/www.europesays.com\/fr\/wp-json\/wp\/v2\/categories?post=670777"},{"taxonomy":"post_tag","embeddable":true,"href":"https:\/\/www.europesays.com\/fr\/wp-json\/wp\/v2\/tags?post=670777"}],"curies":[{"name":"wp","href":"https:\/\/api.w.org\/{rel}","templated":true}]}}