{"id":670781,"date":"2026-01-17T20:43:12","date_gmt":"2026-01-17T20:43:12","guid":{"rendered":"https:\/\/www.europesays.com\/fr\/670781\/"},"modified":"2026-01-17T20:43:12","modified_gmt":"2026-01-17T20:43:12","slug":"le-chanteur-andrew-mccarthy-ex-membre-du-boys-band-g-squad-a-ete-retrouve-mort-a-son-domicile","status":"publish","type":"post","link":"https:\/\/www.europesays.com\/fr\/670781\/","title":{"rendered":"Le chanteur Andrew McCarthy, ex-membre du boys band G-Squad, a \u00e9t\u00e9 retrouv\u00e9 mort \u00e0 son domicile"},"content":{"rendered":"<p class=\"article-p mdl\">L&rsquo;ancien chanteur du boys band fran\u00e7ais G\u2011Squad, Andrew McCarthy, de son vrai nom Olivier Robert, est mort. Le corps de l&rsquo;homme de 52 ans a \u00e9t\u00e9 retrouv\u00e9 \u00e0 son domicile de\u00a0<a class=\"link\" href=\"https:\/\/www.rtl.fr\/actu\/justice-faits-divers\/drancy-deux-personnes-entendues-par-le-juge-d-instruction-pour-les-violences-sur-les-policiers-7900501207\" title=\"Drancy : deux personnes entendues par le juge d&#039;instruction pour les violences sur les policiers\" target=\"_blank\" rel=\"noopener\">Drancy<\/a>, en Seine-Saint-Denis, jeudi 15 janvier, par les forces de l&rsquo;ordre.<\/p>\n<p class=\"article-p mdl\">L&rsquo;information a \u00e9t\u00e9 partag\u00e9e en d\u00e9but de journ\u00e9e par diff\u00e9rents blogs people, avant d&rsquo;\u00eatre confirm\u00e9e par une source polici\u00e8re au Parisien, dans la soir\u00e9e.<\/p>\n<p class=\"article-p mdl\">G\u00e9rald Jean-Laurent, lui aussi ex-membre du groupe, a rendu hommage \u00e0 son ancien camarade en partageant un montage de photos de jeunesse sur Instagram avec la mention \u00ab\u00a0Rest in peace\u00a0\u00bb.<\/p>\n<p class=\"article-p mdl\">Les enqu\u00eateurs ont \u00e9t\u00e9 alert\u00e9s par la famille du chanteur, qui \u00e9tait sans nouvelles de lui depuis plusieurs jours. Selon les premiers \u00e9l\u00e9ments de l&rsquo;enqu\u00eate, la <strong>piste du suicide est privil\u00e9gi\u00e9e<\/strong>. En effet, ce dernier, retrouv\u00e9 inanim\u00e9 chez lui jeudi 15 janvier, aurait aval\u00e9 une grande quantit\u00e9 de m\u00e9dicaments.\u00a0<\/p>\n<p>            Populaire dans le milieu des ann\u00e9es 1990<\/p>\n<p class=\"article-p mdl\">Le groupe G\u2011Squad, tr\u00e8s populaire dans les ann\u00e9es 1996\u20111998, \u00e9tait compos\u00e9 de Marlon, G\u00e9rald Jean-Laurent, Mika, Chris Keller et Andrew McCarthy. Les cinq membres ont connu un succ\u00e8s assez rapide, propuls\u00e9s par des titres embl\u00e9matiques comme Raide dingue au monde, B\u00e9b\u00e9, ou encore Touch\u00e9 en plein c\u0153ur\u00a0et\u00a0Aucune fille au monde.\u00a0<\/p>\n<p class=\"article-p mdl\">Le groupe a commenc\u00e9 \u00e0 s&rsquo;effriter apr\u00e8s son premier album. Andrew et G\u00e9rald l&rsquo;ont quitt\u00e9 pour se lancer dans des carri\u00e8res solo. Les trois autres ont poursuivi en sortant un deuxi\u00e8me album qui n&rsquo;a pas rencontr\u00e9 pas le succ\u00e8s esp\u00e9r\u00e9, avant de se s\u00e9parer en 1998.<\/p>\n<p>    La r\u00e9daction vous recommande<\/p>\n<p class=\"s-newsletter__title\">\n                L\u2019actualit\u00e9 par la r\u00e9daction de RTL dans votre bo\u00eete mail.\n            <\/p>\n<p class=\"s-newsletter__subtitle\">\n                Gr\u00e2ce \u00e0 votre compte RTL abonnez-vous \u00e0 la newsletter RTL info pour suivre toute l&rsquo;actualit\u00e9 au quotidien\n            <\/p>\n<p>\n                                    Lire la suite\n                                <\/p>\n","protected":false},"excerpt":{"rendered":"L&rsquo;ancien chanteur du boys band fran\u00e7ais G\u2011Squad, Andrew McCarthy, de son vrai nom Olivier Robert, est mort. Le&hellip;\n","protected":false},"author":2,"featured_media":670782,"comment_status":"","ping_status":"","sticky":false,"template":"","format":"standard","meta":{"footnotes":""},"categories":[1359],"tags":[3983,58,59,2414,107,1011,27,18,973],"class_list":{"0":"post-670781","1":"post","2":"type-post","3":"status-publish","4":"format-standard","5":"has-post-thumbnail","7":"category-people","8":"tag-deces","9":"tag-divertissement","10":"tag-entertainment","11":"tag-fil-culture","12":"tag-fil-info","13":"tag-fr","14":"tag-france","15":"tag-mort","16":"tag-people"},"share_on_mastodon":{"url":"","error":""},"_links":{"self":[{"href":"https:\/\/www.europesays.com\/fr\/wp-json\/wp\/v2\/posts\/670781","targetHints":{"allow":["GET"]}}],"collection":[{"href":"https:\/\/www.europesays.com\/fr\/wp-json\/wp\/v2\/posts"}],"about":[{"href":"https:\/\/www.europesays.com\/fr\/wp-json\/wp\/v2\/types\/post"}],"author":[{"embeddable":true,"href":"https:\/\/www.europesays.com\/fr\/wp-json\/wp\/v2\/users\/2"}],"replies":[{"embeddable":true,"href":"https:\/\/www.europesays.com\/fr\/wp-json\/wp\/v2\/comments?post=670781"}],"version-history":[{"count":0,"href":"https:\/\/www.europesays.com\/fr\/wp-json\/wp\/v2\/posts\/670781\/revisions"}],"wp:featuredmedia":[{"embeddable":true,"href":"https:\/\/www.europesays.com\/fr\/wp-json\/wp\/v2\/media\/670782"}],"wp:attachment":[{"href":"https:\/\/www.europesays.com\/fr\/wp-json\/wp\/v2\/media?parent=670781"}],"wp:term":[{"taxonomy":"category","embeddable":true,"href":"https:\/\/www.europesays.com\/fr\/wp-json\/wp\/v2\/categories?post=670781"},{"taxonomy":"post_tag","embeddable":true,"href":"https:\/\/www.europesays.com\/fr\/wp-json\/wp\/v2\/tags?post=670781"}],"curies":[{"name":"wp","href":"https:\/\/api.w.org\/{rel}","templated":true}]}}