{"id":670787,"date":"2026-01-17T20:46:19","date_gmt":"2026-01-17T20:46:19","guid":{"rendered":"https:\/\/www.europesays.com\/fr\/670787\/"},"modified":"2026-01-17T20:46:19","modified_gmt":"2026-01-17T20:46:19","slug":"en-direct-star-academy-qui-va-quitter-laventure-aux-portes-des-demi-finales","status":"publish","type":"post","link":"https:\/\/www.europesays.com\/fr\/670787\/","title":{"rendered":"EN DIRECT &#8211; \u00ab\u00a0Star Academy\u00a0\u00bb : qui va quitter l&rsquo;aventure aux portes des demi-finales ?"},"content":{"rendered":"<ul class=\"jsx-862013697 ArticleChapo__List\">\n<li class=\"jsx-862013697 ArticleChapo__List_Item flex\">Plus que quelques heures avant de d\u00e9couvrir le dernier carr\u00e9 de la \u00ab\u00a0Star Academy 2025\u00a0\u00bb.<\/li>\n<li class=\"jsx-862013697 ArticleChapo__List_Item flex\">L\u00e9a d\u00e9j\u00e0 qualifi\u00e9e, Ambre, Victor, Sarah et Bastiaan s&rsquo;affrontent pour les trois derni\u00e8res places en demi-finales.<\/li>\n<li class=\"jsx-862013697 ArticleChapo__List_Item flex\">Une soir\u00e9e cruciale \u00e0 vivre en direct sur TF1, TF1+ et en direct comment\u00e9 sur TF1info \u00e0 partir de 21h10.<\/li>\n<\/ul>\n<p>Minute par minuteAMBRE ET BASTIAAN EN DUO21:35<\/p>\n<p>Apr\u00e8s les solos de Victor et Sarah, Ambre et Bastiaan se produisent en duo sur \u00ab\u00a0Aussi libre que moi\u00a0\u00bb de Calogero. De part et d&rsquo;autre d&rsquo;un grillage, les deux \u00e9l\u00e8ves font parler leur puissance, dans des registres diff\u00e9rents&#8230; et convaincants ?<\/p>\n<p>SARAH EN SOLO21:28<\/p>\n<p>Pour convaincre les t\u00e9l\u00e9spectateurs de l&rsquo;envoyer en demi-finale, Sarah a choisi d&rsquo;interpr\u00e9ter \u00ab\u00a0I Want To Dance With Somebody\u00a0\u00bb de Whitney Houston pour sa performance solo. Apr\u00e8s une intro toute en douceur, elle fait le show comme d&rsquo;habitude. \u00ab\u00a0C&rsquo;est une diva au bon sens du terme\u00a0\u00bb, dit le prof de danse Jonathan Jenvrin.<\/p>\n<p>VICTOR EN SOLO21:22<\/p>\n<p>Les candidats vont se produire en solo puis en duo. On commence avec Victor sur \u00ab\u00a0All\u00f4 Maman bobo\u00a0\u00bb d&rsquo;Alain Souchon. Sauv\u00e9 au d\u00e9triment d&rsquo;Anouk samedi dernier, le flamboyant candidat parisien va-t-il se hisser en demi-finale ? Entour\u00e9 d&rsquo;une troupe de danseurs qui l&rsquo;enlacent au fil de la chanson, Victor livre une performance \u00e0 fleur de peau de toute beaut\u00e9. \u00ab\u00a0Victor met sa sensibilit\u00e9 au service de la chanson\u00a0\u00bb, savoure Papy, le prof de th\u00e9\u00e2tre.<\/p>\n<p>QUATRE POUR TROIS PLACES21:19<\/p>\n<p>L\u00e9a d\u00e9j\u00e0 qualifi\u00e9e, Ambre, Victor, Sarah et Bastiaan s&rsquo;affrontent pour les trois autres places en demi-finale. Trois qualifi\u00e9s au fur et \u00e0 mesure de la soir\u00e9e. Les votes sont ouverts depuis samedi dernier&#8230; Mais rien n&rsquo;est d\u00e9finitif !<\/p>\n<p>C&rsquo;EST PARTI !21:14<\/p>\n<p>Ce prime d\u00e9cisif d\u00e9marre sur les accords de \u00ab\u00a0We will rock you\u00a0\u00bb de Queen. Ambre, Victor, Bastiaan et Sarah font le show avant de s&rsquo;affronter pour les trois derni\u00e8res places en demi-finale ! D\u00e9j\u00e0 qualifi\u00e9e, L\u00e9a met le feu sur \u00ab\u00a0Let Me Entertain You\u00a0\u00bb de Robbie Williams.<\/p>\n<p>L&rsquo;\u00c9MOTION DE BASTIAAN18:52<\/p>\n<p>Quand Bastiaan se livre devant Marl\u00e8ne Schaaf et Alexandra Lamy, \u00e7a donne l&rsquo;un des plus beaux moments d&rsquo;\u00e9motion de la semaine au Ch\u00e2teau&#8230;<\/p>\n<p>Star Academy 2025 &#8211; \u00ab L\u2019\u00e9cole de la vie ou l\u2019\u00e9cole de la survie \u00bb : Bastiaan \u00e9meut Marl\u00e8ne aux larmesSource : Star Academy<\/p>\n<p><img decoding=\"async\" src=\"https:\/\/www.europesays.com\/fr\/wp-content\/uploads\/2026\/01\/lecole-de-la-vie-ou-lecole-de-la-survie-bastiaan-emeut-marlene-aux-larmes-ac0663-5a1b5d-0@1x.jpg\" alt=\"Star Academy 2025 - \u00ab L\u2019\u00e9cole de la vie ou l\u2019\u00e9cole de la survie \u00bb : Bastiaan \u00e9meut Marl\u00e8ne aux larmes\" loading=\"lazy\" class=\"jsx-d0de44c05fe3042c PlayerLazyload__Image\"\/><img decoding=\"async\" src=\"https:\/\/www.tf1info.fr\/images\/icons\/player-logo-play.svg\" alt=\"Logo lecture\" class=\"jsx-d0de44c05fe3042c PlayerLazyload__Play\"\/>UN CLASSIQUE POUR SARAH18:50<\/p>\n<p>Apr\u00e8s avoir r\u00e9alis\u00e9 la meilleure \u00e9valuation de la semaine, Sarah a choisi d&rsquo;interpr\u00e9ter \u00ab\u00a0Il est mort le soleil\u00a0\u00bb de Nicoletta, un classique de la chanson fran\u00e7aise&#8230;<\/p>\n<p>Star Academy 2025 &#8211; Sarah r\u00e9p\u00e8te \u00ab Il est mort le soleil \u00bbSource : Star Academy<\/p>\n<p><img decoding=\"async\" src=\"https:\/\/photos.tf1info.fr\/images\/383\/215\/sarah-repete-il-est-mort-le-soleil-fe19bc-c28f4c-0@1x.jpeg\" alt=\"Star Academy 2025 - Sarah r\u00e9p\u00e8te \u00ab Il est mort le soleil \u00bb\" loading=\"lazy\" importance=\"low\" fetchpriority=\"low\" class=\"\"\/><img decoding=\"async\" src=\"https:\/\/www.tf1info.fr\/images\/icons\/player-logo-play.svg\" alt=\"Logo lecture\" class=\"jsx-d0de44c05fe3042c PlayerLazyload__Play\"\/>L&rsquo;ENVIE DE VICTOR18:49<\/p>\n<p>Sauv\u00e9 par les t\u00e9l\u00e9spectateurs samedi dernier, Victor interpr\u00e9tera \u00ab\u00a0L&rsquo;Envie d&rsquo;aimer\u00a0\u00bb de Daniel L\u00e9vi.<\/p>\n<p>Star Academy 2025 &#8211; Victor r\u00e9p\u00e8te \u00ab\u00a0L\u2019Envie d&rsquo;aimer\u00a0\u00bbSource : Star Academy<\/p>\n<p><img decoding=\"async\" src=\"https:\/\/photos.tf1info.fr\/images\/383\/215\/victor-repete-lenvie-daimer-f1e274-82f785-0@1x.jpeg\" alt=\"Star Academy 2025 - Victor r\u00e9p\u00e8te &quot;L\u2019Envie d'aimer&quot;\" loading=\"lazy\" importance=\"low\" fetchpriority=\"low\" class=\"\"\/><img decoding=\"async\" src=\"https:\/\/www.tf1info.fr\/images\/icons\/player-logo-play.svg\" alt=\"Logo lecture\" class=\"jsx-d0de44c05fe3042c PlayerLazyload__Play\"\/>AMBRE STUDIEUSE18:47<\/p>\n<p>En danger ce soir, Ambre d\u00e9fendra ses chances sur \u00ab\u00a0Aussi libre que toi\u00a0\u00bb de Calogero. D\u00e9couvrez ses r\u00e9p\u00e9titions avec Lucie Bernardoni&#8230;<\/p>\n<p>Star Academy 2025 &#8211; En route pour le prime ! Ambre r\u00e9p\u00e8te \u00ab Aussi libre que moi \u00bb de CalogeroSource : Star Academy<\/p>\n<p><img decoding=\"async\" src=\"https:\/\/www.europesays.com\/fr\/wp-content\/uploads\/2026\/01\/a-10f5aa-f13fc4-0@1x.jpg\" alt=\"Star Academy 2025 - En route pour le prime ! Ambre r\u00e9p\u00e8te \u00ab Aussi libre que moi \u00bb de Calogero\" loading=\"lazy\" class=\"jsx-d0de44c05fe3042c PlayerLazyload__Image\"\/><img decoding=\"async\" src=\"https:\/\/www.tf1info.fr\/images\/icons\/player-logo-play.svg\" alt=\"Logo lecture\" class=\"jsx-d0de44c05fe3042c PlayerLazyload__Play\"\/><\/p>\n<p data-module=\"article-paragraph\" class=\"jsx-157965717 Paragraph Paragraph__End\">C\u2019est souvent le prime le plus cruel de la saison. Aux portes des demi-finales de la \u00ab\u00a0Star Academy 2025\u00a0\u00bb, l\u2019un des cinq \u00e9l\u00e8ves encore en lice pour la victoire va devoir faire ses valises, ce soir en direct sur TF1 et TF1+ \u00e0 partir de 21h10. <a href=\"https:\/\/www.tf1info.fr\/culture\/programme-tv-tf1-star-academy-lea-deja-qualifiee-comment-vont-etre-designe-les-trois-autres-demi-finaliste-on-vous-explique-2418161.html\" target=\"_blank\" rel=\"noopener\">L\u00e9a d\u00e9j\u00e0 qualifi\u00e9e<\/a> apr\u00e8s avoir remport\u00e9 le d\u00e9fi des professeurs samedi dernier, ils ne sont que quatre \u00e0 \u00eatre en danger : Ambre, Victor, Sarah et Bastiaan.<\/p>\n<p data-module=\"article-paragraph\" class=\"jsx-157965717 Paragraph Paragraph__End\">\u00c0 l\u2019issue d\u2019un premier round entre les quatre \u00e9l\u00e8ves, Nikos Aliagas d\u00e9voilera le r\u00e9sultat d\u2019un premier vote qui r\u00e9v\u00e9lera le deuxi\u00e8me demi-finaliste. Un deuxi\u00e8me round \u00e0 trois d\u00e9cidera du troisi\u00e8me demi-finaliste. Avant que les deux derniers \u00e9l\u00e8ves s\u2019affrontent pour la derni\u00e8re place en demi-finale. Mais le suspense ne s\u2019arr\u00eatera pas l\u00e0 !<\/p>\n<p><a href=\"https:\/\/www.tf1info.fr\/culture\/programme-tv-tf1-star-academy-lea-deja-qualifiee-comment-vont-etre-designe-les-trois-autres-demi-finaliste-on-vous-explique-2418161.html\" rel=\"noopener\" class=\"jsx-3308031228 Link flex\" target=\"_blank\"><img decoding=\"async\" src=\"https:\/\/www.europesays.com\/fr\/wp-content\/uploads\/2026\/01\/star-academy-2025-top-5-81e530-0@1x.jpeg\" alt=\"TF1\" loading=\"lazy\" importance=\"low\" fetchpriority=\"low\" class=\"\" aria-hidden=\"true\"\/><\/p>\n<p class=\"jsx-3657663356 ReadMoreArticle__Title\">Lire aussi<\/p>\n<p class=\"jsx-3657663356\">\u00ab\u00a0Star Academy\u00a0\u00bb : L\u00e9a d\u00e9j\u00e0 qualifi\u00e9e, comment sera d\u00e9cid\u00e9e l\u2019affiche des demi-finales ? On vous explique<\/p>\n<p><\/a><\/p>\n<p data-module=\"article-paragraph\" class=\"jsx-157965717 Paragraph Paragraph__End\">Au Ch\u00e2teau, <a href=\"https:\/\/www.tf1info.fr\/culture\/programme-tv-tf1-star-academy-qui-a-remporte-l-ultime-evaluation-et-le-choix-des-demi-finales-2418696.html\" target=\"_blank\" rel=\"noopener\">Sarah est arriv\u00e9e en t\u00eate du classement de l\u2019ultime \u00e9valuation<\/a> cette semaine. Une premi\u00e8re place qui lui offre le droit de choisir son adversaire en demi-finale, et donc l\u2019affiche de l\u2019autre demi-finale\u2026 \u00e0 condition que les t\u00e9l\u00e9spectateurs d\u00e9cident de ne pas l\u2019\u00e9liminer ! Dans ce cas c\u2019est Ambre, deuxi\u00e8me du classement, qui h\u00e9ritera de ce privil\u00e8ge.<\/p>\n<p data-module=\"article-paragraph\" class=\"jsx-157965717 Paragraph Paragraph__End\">Auparavant, les \u00e9l\u00e8ves auront eu l\u2019occasion de partager la sc\u00e8ne avec des invit\u00e9s prestigieux comme Pascal Obispo, pour un medley de ses chansons. L\u00e9a partagera elle plusieurs duos avec Ad\u00e8le Castillon, Laura Pausini ou encore Charles Dor\u00e9, demi-finaliste de la derni\u00e8re saison. Une grande soir\u00e9e \u00e0 suivre en direct comment\u00e9 sur TF1info&#8230;<\/p>\n<p>J.V.<\/p>\n","protected":false},"excerpt":{"rendered":"Plus que quelques heures avant de d\u00e9couvrir le dernier carr\u00e9 de la \u00ab\u00a0Star Academy 2025\u00a0\u00bb. L\u00e9a d\u00e9j\u00e0 qualifi\u00e9e,&hellip;\n","protected":false},"author":2,"featured_media":670788,"comment_status":"","ping_status":"","sticky":false,"template":"","format":"standard","meta":{"footnotes":""},"categories":[1356],"tags":[1111,11,1921,58,59,1011,27,1922,500,2041,873,5095,59699,252,199,1364,133,2040],"class_list":{"0":"post-670787","1":"post","2":"type-post","3":"status-publish","4":"format-standard","5":"has-post-thumbnail","7":"category-television","8":"tag-actu","9":"tag-actualites","10":"tag-article-video","11":"tag-divertissement","12":"tag-entertainment","13":"tag-fr","14":"tag-france","15":"tag-info","16":"tag-medias","17":"tag-medias-et-divertissement","18":"tag-musique","19":"tag-star-academy","20":"tag-star-academy-2025","21":"tag-television","22":"tag-tf1","23":"tag-tv","24":"tag-video","25":"tag-video-culture"},"share_on_mastodon":{"url":"https:\/\/pubeurope.com\/@fr\/115912401914721395","error":""},"_links":{"self":[{"href":"https:\/\/www.europesays.com\/fr\/wp-json\/wp\/v2\/posts\/670787","targetHints":{"allow":["GET"]}}],"collection":[{"href":"https:\/\/www.europesays.com\/fr\/wp-json\/wp\/v2\/posts"}],"about":[{"href":"https:\/\/www.europesays.com\/fr\/wp-json\/wp\/v2\/types\/post"}],"author":[{"embeddable":true,"href":"https:\/\/www.europesays.com\/fr\/wp-json\/wp\/v2\/users\/2"}],"replies":[{"embeddable":true,"href":"https:\/\/www.europesays.com\/fr\/wp-json\/wp\/v2\/comments?post=670787"}],"version-history":[{"count":0,"href":"https:\/\/www.europesays.com\/fr\/wp-json\/wp\/v2\/posts\/670787\/revisions"}],"wp:featuredmedia":[{"embeddable":true,"href":"https:\/\/www.europesays.com\/fr\/wp-json\/wp\/v2\/media\/670788"}],"wp:attachment":[{"href":"https:\/\/www.europesays.com\/fr\/wp-json\/wp\/v2\/media?parent=670787"}],"wp:term":[{"taxonomy":"category","embeddable":true,"href":"https:\/\/www.europesays.com\/fr\/wp-json\/wp\/v2\/categories?post=670787"},{"taxonomy":"post_tag","embeddable":true,"href":"https:\/\/www.europesays.com\/fr\/wp-json\/wp\/v2\/tags?post=670787"}],"curies":[{"name":"wp","href":"https:\/\/api.w.org\/{rel}","templated":true}]}}