{"id":670801,"date":"2026-01-17T20:53:10","date_gmt":"2026-01-17T20:53:10","guid":{"rendered":"https:\/\/www.europesays.com\/fr\/670801\/"},"modified":"2026-01-17T20:53:10","modified_gmt":"2026-01-17T20:53:10","slug":"epargnez-vous-plus-ou-moins-que-la-moyenne-voici-les-chiffres-officiels","status":"publish","type":"post","link":"https:\/\/www.europesays.com\/fr\/670801\/","title":{"rendered":"\u00e9pargnez-vous plus ou moins que la moyenne\u00a0? Voici les chiffres officiels"},"content":{"rendered":"<p>Quelle est l\u2019\u00e9pargne moyenne des Fran\u00e7ais\u00a0? Pour r\u00e9pondre \u00e0 cette question passionnante et qui fait l\u2019objet de nombreux fantasmes, la fintech Green-Got vient de publier une \u00e9tude qui est relay\u00e9e par nos confr\u00e8res de BFM.<\/p>\n<p>On y apprend en premier lieu que chaque Fran\u00e7ais \u00e9pargne en moyenne 5650 euros par an. Mais ce chiffre pris isol\u00e9ment ne veut pas dire grand-chose et il cache d\u2019importantes fractures territoriales.<\/p>\n<p> Des \u00e9carts r\u00e9gionaux importants <\/p>\n<p>Ainsi, les auteurs de ce rapport notent un \u00e9cart de 70\u00a0% entre \u00ab\u00a0les montants \u00e9pargn\u00e9s dans les m\u00e9tropoles de ceux des zones rurales, r\u00e9v\u00e9lant une fracture face \u00e0 l\u2019impact de l\u2019inflation selon les territoires\u00a0\u00bb.<\/p>\n<p>Le texte rentre ensuite dans le d\u00e9tail et indique notamment que les habitants des m\u00e9tropoles \u00e9pargnent 7173 euros par an en moyenne, contre 4155 euros dans les zones rurales. De m\u00eame, certaines r\u00e9gions s\u2019illustrent par le dynamisme de l\u2019\u00e9pargne, \u00e0 l\u2019image de l\u2019\u00cele-de-France (7500 euros), l\u2019Auvergne\u2013Rh\u00f4ne-Alpes (5500 euros) et PACA (5500 euros).<\/p>\n<p>D\u2019autres r\u00e9gions sont plus \u00e0 la tra\u00eene, c\u2019est le cas du Centre-Val de Loire (4200 euros ), de la Bourgogne-Franche-Comt\u00e9 (4300 euros) et aussi de la Normandie (4200 euros), comme le soulignent nos confr\u00e8res.<\/p>\n<p>Et Green-Got d\u2019en conclure\u00a0: \u00ab\u00a0Ces \u00e9carts ne s\u2019expliquent pas seulement par les niveaux de revenus, mais aussi par les comportements financiers. Les r\u00e9gions urbaines adoptent davantage les outils num\u00e9riques et les pratiques d\u2019\u00e9pargne r\u00e9guli\u00e8res, tandis que les zones rurales pr\u00e9sentent des comportements plus irr\u00e9guliers et des montants plus faibles\u00a0\u00bb.<\/p>\n<p> Quels placements font les Fran\u00e7ais\u00a0? <\/p>\n<p>Pour rappel, l\u2019\u00e9pargne des m\u00e9nages fran\u00e7ais a atteint <a href=\"https:\/\/www.presse-citron.net\/6477-milliards-de-lepargne-des-francais-bat-tous-les-records-ou-placent-ils-leur-argent\/\" target=\"_blank\" rel=\"false noopener\">6477 milliards d\u2019euros fin juin 2025<\/a>, selon la Banque de France. Elle devrait m\u00eame monter \u00e0 6596 milliards au deuxi\u00e8me trimestre 2025.<\/p>\n<p>L\u2019\u00e9pargne r\u00e9glement\u00e9e p\u00e8se 15% du patrimoine financier total. Dans le d\u00e9tail, <a href=\"https:\/\/www.presse-citron.net\/mauvaise-nouvelle-pour-le-livret-a-le-nouveau-taux-est-devoile\/\" target=\"_blank\" rel=\"false noopener\">le Livret A<\/a> et le LDDS cumulent 603 milliards d\u2019euros, dont 438,9 pour le Livret A. Les PEL atteignent 220 \u00e0 222 milliards et <a href=\"https:\/\/www.presse-citron.net\/livret-a-lep-pel-combien-dinterets-allez-vous-toucher-avec-vos-livrets-depargne-le-1er-janvier-2025\/\" target=\"_blank\" rel=\"false noopener\">le LEP<\/a> 82,2 milliards.<\/p>\n<p>L\u2019assurance-vie domine avec 2106 milliards d\u2019euros fin novembre et 20 millions de souscripteurs. Le taux moyen des fonds euros atteints 2,65% en 2025, bien sup\u00e9rieur au Livret A qui sera fix\u00e9 \u00e0 1,5\u00a0% le 1er f\u00e9vrier prochain. Enfin, les PEA et PEA-PME s\u00e9duisent avec plus de 120 milliards d\u2019encours, tout comme les PER qui d\u00e9passent les 100 milliards. Il s\u2019agit de placements plus risqu\u00e9s, mais potentiellement plus juteux en conjoncture favorable.<\/p>\n<p>\u00cates-vous surpris par ces diff\u00e9rents chiffres\u00a0? N\u2019h\u00e9sitez pas \u00e0 partager votre point de vue dans les commentaires.<\/p>\n<p>Ce qu\u2019il faut retenir\u00a0:<\/p>\n<ul class=\"tldr\">\n<li>Les Fran\u00e7ais \u00e9pargnent 5650 euros par an en moyenne<\/li>\n<li>Ce chiffre cache de fortes disparit\u00e9s territoriales<\/li>\n<li>Les Fran\u00e7ais privil\u00e9gient l\u2019\u00e9pargne r\u00e9glement\u00e9e et l\u2019Assurance vie pour leurs placements<\/li>\n<\/ul>\n<blockquote>\n<p class=\"text-base text-neutral-700 dark:text-neutral-300\">\ud83d\udccd Pour ne manquer aucune actualit\u00e9 de Presse-citron, suivez-nous sur <a href=\"https:\/\/news.google.com\/publications\/CAAqBggKMIPiNTC70wU?hl=fr&amp;gl=FR&amp;ceid=FR%3Afr\" target=\"_blank\" rel=\"noopener\">Google Actualit\u00e9s<\/a> et <a href=\"https:\/\/whatsapp.com\/channel\/0029VaCkGuz4NViitBXbEr0b\" target=\"_blank\" rel=\"noopener\">WhatsApp<\/a>.<\/p>\n<\/blockquote>\n","protected":false},"excerpt":{"rendered":"Quelle est l\u2019\u00e9pargne moyenne des Fran\u00e7ais\u00a0? Pour r\u00e9pondre \u00e0 cette question passionnante et qui fait l\u2019objet de nombreux&hellip;\n","protected":false},"author":2,"featured_media":670802,"comment_status":"","ping_status":"","sticky":false,"template":"","format":"standard","meta":{"footnotes":""},"categories":[6],"tags":[1261,35,33,34,589,1011,27,365],"class_list":{"0":"post-670801","1":"post","2":"type-post","3":"status-publish","4":"format-standard","5":"has-post-thumbnail","7":"category-economie","8":"tag-argent","9":"tag-business","10":"tag-economie","11":"tag-economy","12":"tag-epargne","13":"tag-fr","14":"tag-france","15":"tag-livret-a"},"share_on_mastodon":{"url":"https:\/\/pubeurope.com\/@fr\/115912429026149192","error":""},"_links":{"self":[{"href":"https:\/\/www.europesays.com\/fr\/wp-json\/wp\/v2\/posts\/670801","targetHints":{"allow":["GET"]}}],"collection":[{"href":"https:\/\/www.europesays.com\/fr\/wp-json\/wp\/v2\/posts"}],"about":[{"href":"https:\/\/www.europesays.com\/fr\/wp-json\/wp\/v2\/types\/post"}],"author":[{"embeddable":true,"href":"https:\/\/www.europesays.com\/fr\/wp-json\/wp\/v2\/users\/2"}],"replies":[{"embeddable":true,"href":"https:\/\/www.europesays.com\/fr\/wp-json\/wp\/v2\/comments?post=670801"}],"version-history":[{"count":0,"href":"https:\/\/www.europesays.com\/fr\/wp-json\/wp\/v2\/posts\/670801\/revisions"}],"wp:featuredmedia":[{"embeddable":true,"href":"https:\/\/www.europesays.com\/fr\/wp-json\/wp\/v2\/media\/670802"}],"wp:attachment":[{"href":"https:\/\/www.europesays.com\/fr\/wp-json\/wp\/v2\/media?parent=670801"}],"wp:term":[{"taxonomy":"category","embeddable":true,"href":"https:\/\/www.europesays.com\/fr\/wp-json\/wp\/v2\/categories?post=670801"},{"taxonomy":"post_tag","embeddable":true,"href":"https:\/\/www.europesays.com\/fr\/wp-json\/wp\/v2\/tags?post=670801"}],"curies":[{"name":"wp","href":"https:\/\/api.w.org\/{rel}","templated":true}]}}