{"id":670803,"date":"2026-01-17T20:54:16","date_gmt":"2026-01-17T20:54:16","guid":{"rendered":"https:\/\/www.europesays.com\/fr\/670803\/"},"modified":"2026-01-17T20:54:16","modified_gmt":"2026-01-17T20:54:16","slug":"je-voulais-que-la-verite-eclate-une-jeune-fille-au-pair-revele-le-sombre-plan-de-son-ex-amant-et-patron-pour-tuer-sa-femme","status":"publish","type":"post","link":"https:\/\/www.europesays.com\/fr\/670803\/","title":{"rendered":"\u00ab\u00a0Je voulais que la v\u00e9rit\u00e9 \u00e9clate\u00a0\u00bb\u00a0: une jeune fille au pair r\u00e9v\u00e8le le sombre plan de son ex-amant et patron pour tuer sa femme"},"content":{"rendered":"<p class=\"paragraph text_align_left lp-f-body-02\">Une ancienne jeune fille au pair br\u00e9silienne a livr\u00e9 un t\u00e9moignage mercredi dans lequel elle se retourne contre son ancien patron et ex-amant qu\u2019elle accuse d\u2019\u00eatre l\u2019auteur d\u2019un complot <a href=\"https:\/\/www.leparisien.fr\/faits-divers\/bois-colombes-un-homme-soupconne-davoir-tue-sa-femme-et-blesse-sa-fille-a-larme-blanche-07-01-2026-WOQ73DAY4BB57NTU6RNNDZZO7Y.php\" target=\"_blank\" rel=\"noreferrer noopener\">contre sa femme<\/a> et d\u2019un double homicide en f\u00e9vrier 2023.<\/p>\n<p class=\"\">Incarc\u00e9r\u00e9e depuis plus de deux ans pour homicide involontaire, Juliana Peres Magalh\u00e3es a fait des r\u00e9v\u00e9lations en affirmant aux autorit\u00e9s que Brendan Banfield, avec qui elle entretenait une relation extraconjugale, est l\u2019auteur des meurtres de son ex-femme Christine Banfield et de Joseph Ryan, un homme victime d\u2019un coup mont\u00e9 via un faux profil sur un r\u00e9seau social.<\/p>\n<p class=\"\">Devant le tribunal, l\u2019ancienne <a href=\"https:\/\/www.leparisien.fr\/etudiant\/jobs-stages\/au-pair-je-bossais-non-stop-le-soir-des-que-jetais-libre-javais-un-couvre-feu-VKJ26OP4AFC4RIXBX4PMZNYNFU.php\" target=\"_blank\" rel=\"noreferrer noopener\">jeune fille au pair<\/a> raconte avoir cr\u00e9\u00e9 un compte avec Brendan Banfield au nom de Christine Banfield sur un site de rencontre <a href=\"https:\/\/www.leparisien.fr\/intime\/mathilde-fetichiste-des-orteils-je-ressens-beaucoup-dexcitation-a-lidee-quon-puisse-desirer-mes-pieds-19-08-2023-KU3REPOMAFHRRPFYKSHO2QM4DY.php\" target=\"_blank\" rel=\"noreferrer noopener\">f\u00e9tichiste<\/a> pour attirer Joseph Ryan chez eux, \u00e0 Fairfax County (\u00c9tats-Unis), en Virginie. Ils l\u2019auraient ensuite abattu avant de r\u00e9aliser une mise en sc\u00e8ne pour faire croire qu\u2019il \u00e9tait un pr\u00e9dateur ayant poignard\u00e9 Christine Banfield.<\/p>\n<p><img decoding=\"async\" class=\"image \" loading=\"lazy\" src=\"https:\/\/www.europesays.com\/fr\/wp-content\/uploads\/2026\/01\/Q3ALHPEEOREFPCCC4RRJVMC5PY.png\" alt=\"La police a trouv\u00e9 une photo de Juliana et Brendan dans une commode. Police du comt\u00e9 de Fairfax\" align=\"\" data-rubrique-principale=\"\" data-article-type=\"\" fetchpriority=\"auto\"\/>La police a trouv\u00e9 une photo de Juliana et Brendan dans une commode. Police du comt\u00e9 de Fairfax<\/p>\n<p class=\"\">Selon elle, son ancien patron et amant pr\u00e9parait un plan machiav\u00e9lique depuis plusieurs mois pour passer le restant de ses jours avec elle. \u00ab Je ne pouvais plus garder pour moi ce sentiment de honte, de culpabilit\u00e9 et de tristesse \u00bb, a-t-elle d\u00e9clar\u00e9 face au tribunal. L\u2019ancienne jeune fille au pair avait initialement \u00e9t\u00e9 inculp\u00e9e de meurtre au second degr\u00e9 pour le meurtre de Joseph Ryan, mais a depuis plaid\u00e9 coupable d\u2019homicide involontaire.<\/p>\n<p class=\"lp-card-podcast-highlighting__title  lp-f-subtitle-05\">[1\/2] Le juge Borrel, mort \u00e0 Djibouti : suicide ou meurtre ?  <\/p>\n<p><a class=\"lp-card-podcast-highlighting__call-to-action\" data-page-type=\"HP\" data-block-name=\"podcast-highlight\">\u00c9couter<\/a>La petite fille de 4 ans pr\u00e9sente lors du double meurtre<\/p>\n<p class=\"\">Interrog\u00e9e par l\u2019avocat de son ex-amant sur la personne \u00e0 l\u2019initiative de la cr\u00e9ation du faux profil sur l\u2019application de rencontre et sur l\u2019endroit o\u00f9 le couple se trouvait le jour de sa cr\u00e9ation, Juliana Peres Magalh\u00e3es est rest\u00e9e vague et affirme ne pas se souvenir de ces d\u00e9tails. \u00c9galement questionn\u00e9e sur un message en particulier envoy\u00e9 \u00e0 la victime la jeune br\u00e9silienne a assur\u00e9 ne pas se rappeler qui \u00e9tait son \u00e9metteur.<\/p>\n<p class=\"\">En pleine <a href=\"https:\/\/www.leparisien.fr\/societe\/sante\/sante-mentale-un-quart-des-jeunes-francais-seraient-atteints-de-depression-02-09-2025-6MK2F63ZZFATDJXREVQP2NOX7I.php\" target=\"_blank\" rel=\"noreferrer noopener\">d\u00e9pression<\/a> en prison, l\u2019ex-jeune fille au pair affirme que c\u2019est son \u00e9tat de sant\u00e9 et l\u2019isolement qui l\u2019ont pouss\u00e9e \u00e0 se retourner contre son ex-amant. Pr\u00e9sent au tribunal, Brendan Banfield a lev\u00e9 les yeux au ciel \u00e0 plusieurs reprises pendant le t\u00e9moignage de son ex-employ\u00e9e, selon <a href=\"https:\/\/apnews.com\/article\/banfield-husband-wife-killing-au-pair-6da7a508faac98642cc2cce449a1015b\" target=\"_blank\" rel=\"noreferrer noopener\">Associated Press<\/a>.<\/p>\n<p class=\"\">Esp\u00e9rant une remise de peine gr\u00e2ce \u00e0 ce t\u00e9moignage Juliana Peres Magalh\u00e3es sera condamn\u00e9e \u00e0 l\u2019issue du proc\u00e8s de Brendan Banfield. Selon ses avocats, elle pourrait \u00eatre condamn\u00e9e \u00e0 une peine \u00e9quivalente \u00e0 celle qu\u2019elle a d\u00e9j\u00e0 purg\u00e9e depuis le mois d\u2019octobre 2023. Brendan Banfield, dont la fille de 4 ans se trouvait au domicile le matin du double meurtre, est \u00e9galement accus\u00e9 de maltraitance et de cruaut\u00e9 envers un enfant.<\/p>\n","protected":false},"excerpt":{"rendered":"Une ancienne jeune fille au pair br\u00e9silienne a livr\u00e9 un t\u00e9moignage mercredi dans lequel elle se retourne contre&hellip;\n","protected":false},"author":2,"featured_media":670804,"comment_status":"","ping_status":"","sticky":false,"template":"","format":"standard","meta":{"footnotes":""},"categories":[5],"tags":[11,118,1011,27,14,12,28],"class_list":{"0":"post-670803","1":"post","2":"type-post","3":"status-publish","4":"format-standard","5":"has-post-thumbnail","7":"category-international","8":"tag-actualites","9":"tag-faits-divers","10":"tag-fr","11":"tag-france","12":"tag-international","13":"tag-news","14":"tag-world"},"share_on_mastodon":{"url":"https:\/\/pubeurope.com\/@fr\/115912433069825392","error":""},"_links":{"self":[{"href":"https:\/\/www.europesays.com\/fr\/wp-json\/wp\/v2\/posts\/670803","targetHints":{"allow":["GET"]}}],"collection":[{"href":"https:\/\/www.europesays.com\/fr\/wp-json\/wp\/v2\/posts"}],"about":[{"href":"https:\/\/www.europesays.com\/fr\/wp-json\/wp\/v2\/types\/post"}],"author":[{"embeddable":true,"href":"https:\/\/www.europesays.com\/fr\/wp-json\/wp\/v2\/users\/2"}],"replies":[{"embeddable":true,"href":"https:\/\/www.europesays.com\/fr\/wp-json\/wp\/v2\/comments?post=670803"}],"version-history":[{"count":0,"href":"https:\/\/www.europesays.com\/fr\/wp-json\/wp\/v2\/posts\/670803\/revisions"}],"wp:featuredmedia":[{"embeddable":true,"href":"https:\/\/www.europesays.com\/fr\/wp-json\/wp\/v2\/media\/670804"}],"wp:attachment":[{"href":"https:\/\/www.europesays.com\/fr\/wp-json\/wp\/v2\/media?parent=670803"}],"wp:term":[{"taxonomy":"category","embeddable":true,"href":"https:\/\/www.europesays.com\/fr\/wp-json\/wp\/v2\/categories?post=670803"},{"taxonomy":"post_tag","embeddable":true,"href":"https:\/\/www.europesays.com\/fr\/wp-json\/wp\/v2\/tags?post=670803"}],"curies":[{"name":"wp","href":"https:\/\/api.w.org\/{rel}","templated":true}]}}