{"id":670808,"date":"2026-01-17T20:57:22","date_gmt":"2026-01-17T20:57:22","guid":{"rendered":"https:\/\/www.europesays.com\/fr\/670808\/"},"modified":"2026-01-17T20:57:22","modified_gmt":"2026-01-17T20:57:22","slug":"firminy-le-dry-january-na-que-peu-dimpact-dans-les-bars-de-la-ville","status":"publish","type":"post","link":"https:\/\/www.europesays.com\/fr\/670808\/","title":{"rendered":"Firminy. Le Dry January n\u2019a que peu d\u2019impact dans les bars de la ville"},"content":{"rendered":"<p>Si l\u2019id\u00e9e du mois sans alcool fait son chemin dans tout le pays, il semble que le Dry January ne connaisse pas encore un grand succ\u00e8s dans l\u2019Ondaine.<\/p>\n<p>\u00ab\u00a0Une fa\u00e7on de promouvoir de nouveaux produits sans alcool\u00a0\u00bb<\/p>\n<p>Au Flaubert, Val\u00e9rie Kayabalian reconna\u00eet que l\u2019id\u00e9e n\u2019est pas mauvaise mais \u00ab\u00a0on est dans une r\u00e9gion o\u00f9 les gens consomment de l\u2019alcool et \u00e7a ne prend pas beaucoup. Parfois, les gens qui boivent un sirop plaisantent en disant que c\u2019est pour le Dry January mais \u00e7a ne les emp\u00eache pas quelques minutes plus tard de boire une bi\u00e8re ou un verre de vin. Le Dry January, c\u2019est une fa\u00e7on de promouvoir de nouveaux produits sans alcool\u00a0\u00bb.<\/p>\n<p>Son mari, Micha\u00ebl, d\u00e9clare qu\u2019il n\u2019a \u00ab\u00a0pas vu de diff\u00e9rence. Personne ne m\u2019a dit qu\u2019il ne buvait pas d\u2019alcool ce mois-ci mais c\u2019est possible que&#8230;<\/p>\n","protected":false},"excerpt":{"rendered":"Si l\u2019id\u00e9e du mois sans alcool fait son chemin dans tout le pays, il semble que le Dry&hellip;\n","protected":false},"author":2,"featured_media":670809,"comment_status":"","ping_status":"","sticky":false,"template":"","format":"standard","meta":{"footnotes":""},"categories":[9653],"tags":[1111,11,2430,7539,1777,674,10282,10283,1011,27,12,25,4001,104],"class_list":{"0":"post-670808","1":"post","2":"type-post","3":"status-publish","4":"format-standard","5":"has-post-thumbnail","7":"category-saint-etienne","8":"tag-actu","9":"tag-actualites","10":"tag-auvergne-rhone-alpes","11":"tag-edition-loire-sud","12":"tag-eu","13":"tag-europe","14":"tag-firminy","15":"tag-firminy-ville","16":"tag-fr","17":"tag-france","18":"tag-news","19":"tag-republique-francaise","20":"tag-saint-etienne","21":"tag-societe"},"share_on_mastodon":{"url":"https:\/\/pubeurope.com\/@fr\/115912444721697872","error":""},"_links":{"self":[{"href":"https:\/\/www.europesays.com\/fr\/wp-json\/wp\/v2\/posts\/670808","targetHints":{"allow":["GET"]}}],"collection":[{"href":"https:\/\/www.europesays.com\/fr\/wp-json\/wp\/v2\/posts"}],"about":[{"href":"https:\/\/www.europesays.com\/fr\/wp-json\/wp\/v2\/types\/post"}],"author":[{"embeddable":true,"href":"https:\/\/www.europesays.com\/fr\/wp-json\/wp\/v2\/users\/2"}],"replies":[{"embeddable":true,"href":"https:\/\/www.europesays.com\/fr\/wp-json\/wp\/v2\/comments?post=670808"}],"version-history":[{"count":0,"href":"https:\/\/www.europesays.com\/fr\/wp-json\/wp\/v2\/posts\/670808\/revisions"}],"wp:featuredmedia":[{"embeddable":true,"href":"https:\/\/www.europesays.com\/fr\/wp-json\/wp\/v2\/media\/670809"}],"wp:attachment":[{"href":"https:\/\/www.europesays.com\/fr\/wp-json\/wp\/v2\/media?parent=670808"}],"wp:term":[{"taxonomy":"category","embeddable":true,"href":"https:\/\/www.europesays.com\/fr\/wp-json\/wp\/v2\/categories?post=670808"},{"taxonomy":"post_tag","embeddable":true,"href":"https:\/\/www.europesays.com\/fr\/wp-json\/wp\/v2\/tags?post=670808"}],"curies":[{"name":"wp","href":"https:\/\/api.w.org\/{rel}","templated":true}]}}