{"id":670854,"date":"2026-01-17T21:24:27","date_gmt":"2026-01-17T21:24:27","guid":{"rendered":"https:\/\/www.europesays.com\/fr\/670854\/"},"modified":"2026-01-17T21:24:27","modified_gmt":"2026-01-17T21:24:27","slug":"un-groupe-denfants-percute-par-un-fourgon-de-livraison-lors-dune-sortie-scolaire-a-marseille","status":"publish","type":"post","link":"https:\/\/www.europesays.com\/fr\/670854\/","title":{"rendered":"Un groupe d\u2019enfants percut\u00e9 par un fourgon de livraison lors d\u2019une sortie scolaire \u00e0 Marseille"},"content":{"rendered":"<p>Il \u00e9tait 15h45 ce vendredi 16\u00a0janvier 2026, lorsque l\u2019accident s\u2019est produit avenue de Colgate, dans le 9e arrondissement de <a href=\"https:\/\/www.laprovence.com\/region\/Edition-marseille\" target=\"_blank\" rel=\"noopener\">Marseille<\/a>. Un groupe d\u2019une vingtaine d\u2019enfants et trois adultes sortie scolaire a \u00e9t\u00e9 percut\u00e9 par un fourgon de livraison dont les freins semblaient avoir l\u00e2ch\u00e9.<\/p>\n<p>Pas de pronostic vital engag\u00e9<\/p>\n<p>Le v\u00e9hicule en marche arri\u00e8re dans la pente l\u00e9g\u00e8re de l\u2019avenue, o\u00f9 se trouve par ailleurs une \u00e9cole, a touch\u00e9 plusieurs enfants et deux adultes qui attendaient leur bus dans le cadre d\u2019une sortie scolaire dans le secteur. Selon un bilan final en fin de de journ\u00e9e, neuf enfants \u00e2g\u00e9s de 8 \u00e0 11 ans et un adulte ont n\u00e9cessit\u00e9 une hospitalisation, transport\u00e9s \u00e0 l\u2019h\u00f4pital de la <a href=\"https:\/\/www.laprovence.com\/article\/region\/37419913504522\/ap-hm-d-ici-2028-plus-de-42-000-m-vacants-a-la-timone-et-la-conception\" target=\"_blank\" rel=\"noopener\">Timone <\/a>et \u00e0 Saint-Joseph afin d&rsquo;y subir des examens approfondis. Le pronostic vital des victimes n\u2019\u00e9tait toutefois pas engag\u00e9 &#8211; un gar\u00e7on de 8 ans a cependant \u00e9t\u00e9 plus s\u00e9rieusement bless\u00e9 avec une suspicion de fracture.<\/p>\n<p>Un p\u00e9rim\u00e8tre de s\u00e9curit\u00e9 a \u00e9t\u00e9 \u00e9tabli par la police municipale, dont une patrouille, post\u00e9e \u00e0 la sortie de l\u2019\u00e9cole voisine de la Baume, a pris en compte les premi\u00e8res victimes lors de l\u2019accident. Les fonctionnaires de la division Sud ont d\u00e9but\u00e9 les investigations sur place. Le parquet de Marseille confirme l\u2019ouverture une enqu\u00eate du chef de blessures involontaires.<\/p>\n<p>Le <a href=\"https:\/\/www.laprovence.com\/article\/faits-divers-justice\/2694450811873214\/mort-suspecte-d-un-chauffeur-livreur-a-marseille-la-piste-de-l-accident-du-travail-privilegiee\" target=\"_blank\" rel=\"noopener\">chauffeur livreur<\/a> a fait l\u2019objet de tests de d\u00e9pistage et d\u2019usage devait \u00eatre entendu par la police. Selon les premiers \u00e9l\u00e9ments, les freins de son v\u00e9hicule, qui \u00e9tait en r\u00e8gle, pourraient avoir c\u00e9d\u00e9 alors qu\u2019il effectuait une livraison hors de son camion.<\/p>\n<p>La municipalit\u00e9 devait affr\u00e9ter un <a href=\"https:\/\/www.laprovence.com\/article\/societe\/59202483308836\/agression-au-couteau-dans-un-bus-a-avignon-deux-mineurs-en-garde-a-vue\" target=\"_blank\" rel=\"noopener\">bus <\/a>afin de ramener le reste du groupe qui comptait 24 \u00e9l\u00e8ves de l\u2019\u00e9cole Raymond-Teisseire, dans le 8e arrondissement de Marseille, o\u00f9 la maire de secteur, Olivia Fortin s\u2019est rendue aupr\u00e8s des parents d\u2019\u00e9l\u00e8ves en fin d\u2019apr\u00e8s-midi, tandis que l\u2019adjoint au maire en charge de l\u2019\u00e9ducation, Pierre Huguet se trouvait sur les lieux de l\u2019accident.<\/p>\n<p>Une cellule de soutien psychologique a \u00e9t\u00e9 activ\u00e9e par les services de l\u2019\u00c9tat et la municipalit\u00e9 mettra en place une cellule compl\u00e9mentaire \u00e0 la r\u00e9ouverture des \u00e9coles, lundi, \u00e0 destination des agents concern\u00e9s.<\/p>\n","protected":false},"excerpt":{"rendered":"Il \u00e9tait 15h45 ce vendredi 16\u00a0janvier 2026, lorsque l\u2019accident s\u2019est produit avenue de Colgate, dans le 9e arrondissement&hellip;\n","protected":false},"author":2,"featured_media":670855,"comment_status":"","ping_status":"","sticky":false,"template":"","format":"standard","meta":{"footnotes":""},"categories":[2814],"tags":[5734,1111,11,1102,33237,1777,674,274,52261,1011,27,2705,7032,7826,884,12,5912,77043,882,25],"class_list":{"0":"post-670854","1":"post","2":"type-post","3":"status-publish","4":"format-standard","5":"has-post-thumbnail","7":"category-marseille","8":"tag-5734","9":"tag-actu","10":"tag-actualites","11":"tag-breakingnews","12":"tag-denfants","13":"tag-eu","14":"tag-europe","15":"tag-faits-divers-justice","16":"tag-fourgon","17":"tag-fr","18":"tag-france","19":"tag-groupe","20":"tag-livraison","21":"tag-lors","22":"tag-marseille","23":"tag-news","24":"tag-par","25":"tag-percutes","26":"tag-provence-alpes-cote-dazur","27":"tag-republique-francaise"},"share_on_mastodon":{"url":"https:\/\/pubeurope.com\/@fr\/115912550950180854","error":""},"_links":{"self":[{"href":"https:\/\/www.europesays.com\/fr\/wp-json\/wp\/v2\/posts\/670854","targetHints":{"allow":["GET"]}}],"collection":[{"href":"https:\/\/www.europesays.com\/fr\/wp-json\/wp\/v2\/posts"}],"about":[{"href":"https:\/\/www.europesays.com\/fr\/wp-json\/wp\/v2\/types\/post"}],"author":[{"embeddable":true,"href":"https:\/\/www.europesays.com\/fr\/wp-json\/wp\/v2\/users\/2"}],"replies":[{"embeddable":true,"href":"https:\/\/www.europesays.com\/fr\/wp-json\/wp\/v2\/comments?post=670854"}],"version-history":[{"count":0,"href":"https:\/\/www.europesays.com\/fr\/wp-json\/wp\/v2\/posts\/670854\/revisions"}],"wp:featuredmedia":[{"embeddable":true,"href":"https:\/\/www.europesays.com\/fr\/wp-json\/wp\/v2\/media\/670855"}],"wp:attachment":[{"href":"https:\/\/www.europesays.com\/fr\/wp-json\/wp\/v2\/media?parent=670854"}],"wp:term":[{"taxonomy":"category","embeddable":true,"href":"https:\/\/www.europesays.com\/fr\/wp-json\/wp\/v2\/categories?post=670854"},{"taxonomy":"post_tag","embeddable":true,"href":"https:\/\/www.europesays.com\/fr\/wp-json\/wp\/v2\/tags?post=670854"}],"curies":[{"name":"wp","href":"https:\/\/api.w.org\/{rel}","templated":true}]}}