{"id":670865,"date":"2026-01-17T21:31:21","date_gmt":"2026-01-17T21:31:21","guid":{"rendered":"https:\/\/www.europesays.com\/fr\/670865\/"},"modified":"2026-01-17T21:31:21","modified_gmt":"2026-01-17T21:31:21","slug":"muji-va-installer-son-nouveau-concept-de-flagship-sur-2-500-metres-carres-rue-de-rivoli-a-paris-4","status":"publish","type":"post","link":"https:\/\/www.europesays.com\/fr\/670865\/","title":{"rendered":"Muji va installer son nouveau concept de flagship sur 2.500 m\u00e8tres carr\u00e9s rue de Rivoli \u00e0 Paris"},"content":{"rendered":"<p>\n                                    <b>Publi\u00e9 le<\/b><br \/>\n                                    <\/p>\n<p>                                        17 janvier 2026<\/p>\n<p class=\"article-content col-md-8 offset-md-1\">\n                                Le successeur de <a class=\"fnwAddLinks\" href=\"https:\/\/be.fashionnetwork.com\/tags-c-a\" title=\"C&amp;A\" target=\"_blank\" rel=\"noopener\">C&amp;A<\/a> au 126, rue de Rivoli est enfin connu. Apr\u00e8s plus de deux ans de travaux pour r\u00e9habiliter le b\u00e2timent historique qui a accueilli pendant de nombreuses ann\u00e9es le navire amiral\u00a0de l\u2019enseigne de pr\u00eat-\u00e0-porter n\u00e9erlandaise, Redevco a annonc\u00e9 ce 16 janvier que c\u2019est un autre acteur de la mode internationale qui installera dans le projet baptis\u00e9 BPM son flagship fran\u00e7ais fin 2026.<\/p>\n<p><img decoding=\"async\" class=\"news-image\" style=\"width:100%;max-width:768px;\" src=\"https:\/\/www.europesays.com\/fr\/wp-content\/uploads\/2026\/01\/88bf.jpg\" alt=\"Perspective du b\u00e2timent du 126 rue de Rivoli apr\u00e8s les travaux\" loading=\"lazy\"\/>Perspective du b\u00e2timent du 126 rue de Rivoli apr\u00e8s les travaux &#8211; Redevco<\/p>\n<p>En pr\u00e9parant une ouverture sur 2.700 m\u00e8tres carr\u00e9s, Muji prouve qu\u2019<a class=\"fnwAddLinks\" href=\"https:\/\/be.fashionnetwork.com\/tags-uniqlo\" title=\"Uniqlo\" target=\"_blank\" rel=\"noopener\">Uniqlo<\/a> n\u2019est pas la seule enseigne japonaise ambitieuse en France et en Europe. Le ma\u00eetre nippon du \u00ab\u00a0no brand\u00a0\u00bb (Mujirushi Ryohin) a jet\u00e9 son d\u00e9volu sur l&rsquo;un des axes les plus passants de la capitale fran\u00e7aise. Ce point de vente deviendra l\u2019un des plus vastes du Vieux Continent, \u00e9clipsant le format d\u00e9j\u00e0 g\u00e9n\u00e9reux du <a class=\"fnwAddLinks\" href=\"https:\/\/be.fashionnetwork.com\/tags-forum-des-halles\" title=\"Forum des Halles\" target=\"_blank\" rel=\"noopener\">Forum des Halles<\/a>.<\/p>\n<p>Il s\u2019agit donc d\u2019un cap pour Muji qui a d\u00e9but\u00e9 son histoire avec Paris d\u00e8s 1998, quand l&rsquo;enseigne faisait ses premiers pas avec discr\u00e9tion rue Saint-Sulpice, s\u00e9duisant alors une client\u00e8le d&rsquo;initi\u00e9s rive gauche. En pr\u00e8s de trente ans, la marque a essaim\u00e9 dans le Marais, \u00e0 <a class=\"fnwAddLinks\" href=\"https:\/\/be.fashionnetwork.com\/tags-saint-lazare\" title=\"Saint-Lazare\" target=\"_blank\" rel=\"noopener\">Saint-Lazare<\/a> ou Bastille, avec six points de vente. Mais le futur magasin de Rivoli avec son emplacement en son format XXL sur trois niveaux marque un changement d\u2019approche, sur une art\u00e8re comptant quelque pr\u00e8s de 15 millions de visiteurs par an.<\/p>\n<p class=\"col-md-10 exergue\">Muji va \u00e9tendre son offre en Europe<\/p>\n<p>\u00ab\u00a0La future boutique va s&rsquo;\u00e9tendre sur 2.500 m\u00e8tres carr\u00e9s de surface de vente et trois niveaux (-1, rez-de-chauss\u00e9e et +1). Pour la marque c&rsquo;est une v\u00e9ritable relance \u00e0 Paris et ensuite \u00e0 Londres avant de d\u00e9velopper cette proposition sur l&rsquo;Europe, explique \u00e0 FashionNetwork.com Uriel Karsenti, directeur Europe de l&rsquo;enseigne. Notre strat\u00e9gie est d&rsquo;arriver \u00e0 mettre en phase l&rsquo;image de Muji au niveau global. La volont\u00e9 est de d\u00e9velopper la surface de vente pour pr\u00e9senter une offre beaucoup plus d\u00e9velopp\u00e9e\u00a0\u00bb. Aujourd&rsquo;hui, Muji propose \u00e0 peine la moiti\u00e9 de l&rsquo;offre pr\u00e9sente dans ses magasins au Japon. Dans son nouveau flagship, l&rsquo;enseigne pourra pr\u00e9senter environ 85% de l&rsquo;offre nippone, avec la collection de v\u00eatements pour enfants, mais aussi des soins pour la peau, et une offre beaucoup plus forte sur les accessoires et objets pour la maison et l&rsquo;\u00e9lectronique.<\/p>\n<p><img decoding=\"async\" class=\"news-image\" style=\"width:100%;\" src=\"https:\/\/www.europesays.com\/fr\/wp-content\/uploads\/2026\/01\/4973.jpg\" alt=\"Dans son futur flagship, Muji va renforcer le nombre de cat\u00e9gories de produits pr\u00e9sent\u00e9es, pour se rapprocher de son concept japonais\" loading=\"lazy\"\/>Dans son futur flagship, Muji va renforcer le nombre de cat\u00e9gories de produits pr\u00e9sent\u00e9es, pour se rapprocher de son concept japonais &#8211; Muji<\/p>\n<p>\u00ab\u00a0Ce magasin sera notre plus grand en Europe, apr\u00e8s notre magasin finlandais mais qui a la sp\u00e9cificit\u00e9 d&rsquo;avoir un restaurant. Nous cherchons actuellement un emplacement \u00e0 Londres dans le quartier d&rsquo;Oxford Street o\u00f9 nous avons d\u00e9j\u00e0 une boutique, explique le dirigeant qui esp\u00e8re une ouverture en grand dans la capitale anglaise pour 2027. Le flagship est important pour la direction du groupe, car c&rsquo;est un projet phare qui va permettre de tester le potentiel d&rsquo;expansion de Muji \u00e0 l&rsquo;international, un relais de croissance important pour la direction japonaise.\u00a0\u00bb<\/p>\n<p>Le magasin, dont le concept a \u00e9t\u00e9 confi\u00e9 \u00e0 l&rsquo;agence Atelier Tsuyoshi Tane Architects (At-ta), devrait ouvrir en octobre dans un b\u00e2timent totalement refait \u00e0 neuf par le propri\u00e9taire.<\/p>\n<p>Le lieu n&rsquo;est pas neutre et C&amp;A y a attir\u00e9 des g\u00e9n\u00e9rations de clients avant de baisser le rideau en 2023. Le propri\u00e9taire, Redevco, a initi\u00e9 une refonte compl\u00e8te du b\u00e2timent pour redonner vie \u00e0 cet ensemble de 13.000 m\u00e8tres carr\u00e9s. Baptis\u00e9 BPM (pour Beats Per Minute), le projet confi\u00e9 \u00e0 l\u2019architecte Franklin Azzi est un chantier qui va au-del\u00e0 de la simple r\u00e9novation de fa\u00e7ade. Le futur flagship Muji se d\u00e9ploiera sur trois niveaux, mais il ne sera pas la seule nouveaut\u00e9: le b\u00e2timent accueillera \u00e9galement un h\u00f4tel Radisson Collection de 57 chambres, des bureaux de standing (le groupe <a class=\"fnwAddLinks\" href=\"https:\/\/be.fashionnetwork.com\/tags-lvmh\" title=\"LVMH\" target=\"_blank\" rel=\"noopener\">LVMH<\/a> serait sur les rangs pour une partie des surfaces) et, plus surprenant, un p\u00f4le de logistique urbaine en sous-sol. Redevco explique avoir \u00e9galement tenu \u00e0 pr\u00e9server l&rsquo;\u00e2me du lieu en conservant une crypte class\u00e9e du XIIIe si\u00e8cle et en ouvrant un rooftop v\u00e9g\u00e9talis\u00e9 accessible au public, offrant une vue plongeante sur les toits parisiens.<\/p>\n<p>Alors qu\u2019une autre enseigne de mode doit encore \u00eatre d\u00e9voil\u00e9e, Muji, dont la maison-m\u00e8re Ryohin Keikaku a cl\u00f4tur\u00e9 fin ao\u00fbt son exercice 2024-25 avec un chiffre d&rsquo;affaires global de 785 milliards de yens (environ 4,3 milliards d&rsquo;euros) avec quelque 1.450 magasins dans le monde, apporte la totalit\u00e9 de son concept hybride entre mode et maison sur un axe parisien qui se r\u00e9invente. La direction de Muji, pour qui les march\u00e9s nord-am\u00e9ricain et europ\u00e9en repr\u00e9sentent 5% de l&rsquo;activit\u00e9, entend acc\u00e9l\u00e9rer sa bonne dynamique, elle qui annon\u00e7ait des croissances \u00e0 deux chiffres en Europe lors de son premier trimestre 2025-26 et s&rsquo;appuie sur une trentaine de magasins dans neuf march\u00e9s.<\/p>\n<p>Une offre que l&rsquo;enseigne va \u00e9galement progressivement d\u00e9ployer sur son site internet la saison prochaine. L&rsquo;\u00e9volution est majeure et pourrait \u00e9galement inciter Muji \u00e0 revoir son parc fran\u00e7ais actuel compos\u00e9 de cinq magasins parisiens et une boutique lyonnaise. Apr\u00e8s l&rsquo;ouverture de son flagship Muji pourrait rechercher de nouveaux espaces plus importants dans les ann\u00e9es \u00e0 venir.\n                            <\/p>\n<p>\n                                Tous droits de reproduction et de repr\u00e9sentation r\u00e9serv\u00e9s.<br \/>\u00a9 2026 FashionNetwork.com\n                            <\/p>\n","protected":false},"excerpt":{"rendered":"Publi\u00e9 le 17 janvier 2026 Le successeur de C&amp;A au 126, rue de Rivoli est enfin connu. Apr\u00e8s&hellip;\n","protected":false},"author":2,"featured_media":669852,"comment_status":"","ping_status":"","sticky":false,"template":"","format":"standard","meta":{"footnotes":""},"categories":[1888],"tags":[1111,1928,11,1927,2424,1433,537,2423,1777,674,49951,1011,27,2425,7484,985,12,1926,2298,626,1925,2426,2427,25,2421,76951,2422,8826],"class_list":{"0":"post-670865","1":"post","2":"type-post","3":"status-publish","4":"format-standard","5":"has-post-thumbnail","7":"category-paris","8":"tag-actu","9":"tag-actu-paris","10":"tag-actualites","11":"tag-actualites-paris","12":"tag-beaute","13":"tag-ca","14":"tag-contact","15":"tag-cosmetiques","16":"tag-eu","17":"tag-europe","18":"tag-forum-des-halles","19":"tag-fr","20":"tag-france","21":"tag-luxe","22":"tag-lvmh","23":"tag-mode","24":"tag-news","25":"tag-news-paris","26":"tag-parfum","27":"tag-paris","28":"tag-paris-news","29":"tag-professionnel","30":"tag-professionnels","31":"tag-republique-francaise","32":"tag-reseau","33":"tag-saint-lazare","34":"tag-textile","35":"tag-uniqlo"},"share_on_mastodon":{"url":"https:\/\/pubeurope.com\/@fr\/115912578543649233","error":""},"_links":{"self":[{"href":"https:\/\/www.europesays.com\/fr\/wp-json\/wp\/v2\/posts\/670865","targetHints":{"allow":["GET"]}}],"collection":[{"href":"https:\/\/www.europesays.com\/fr\/wp-json\/wp\/v2\/posts"}],"about":[{"href":"https:\/\/www.europesays.com\/fr\/wp-json\/wp\/v2\/types\/post"}],"author":[{"embeddable":true,"href":"https:\/\/www.europesays.com\/fr\/wp-json\/wp\/v2\/users\/2"}],"replies":[{"embeddable":true,"href":"https:\/\/www.europesays.com\/fr\/wp-json\/wp\/v2\/comments?post=670865"}],"version-history":[{"count":0,"href":"https:\/\/www.europesays.com\/fr\/wp-json\/wp\/v2\/posts\/670865\/revisions"}],"wp:featuredmedia":[{"embeddable":true,"href":"https:\/\/www.europesays.com\/fr\/wp-json\/wp\/v2\/media\/669852"}],"wp:attachment":[{"href":"https:\/\/www.europesays.com\/fr\/wp-json\/wp\/v2\/media?parent=670865"}],"wp:term":[{"taxonomy":"category","embeddable":true,"href":"https:\/\/www.europesays.com\/fr\/wp-json\/wp\/v2\/categories?post=670865"},{"taxonomy":"post_tag","embeddable":true,"href":"https:\/\/www.europesays.com\/fr\/wp-json\/wp\/v2\/tags?post=670865"}],"curies":[{"name":"wp","href":"https:\/\/api.w.org\/{rel}","templated":true}]}}