{"id":67087,"date":"2025-05-01T14:31:08","date_gmt":"2025-05-01T14:31:08","guid":{"rendered":"https:\/\/www.europesays.com\/fr\/67087\/"},"modified":"2025-05-01T14:31:08","modified_gmt":"2025-05-01T14:31:08","slug":"quelles-sont-vos-idees-pour-ameliorer-le-quartier-de-la-belle-de-mai","status":"publish","type":"post","link":"https:\/\/www.europesays.com\/fr\/67087\/","title":{"rendered":"quelles sont vos id\u00e9es pour am\u00e9liorer le quartier de la Belle-de-Mai ?"},"content":{"rendered":"<p>Depuis le d\u00e9but du mois de mars, <a href=\"https:\/\/www.laprovence.com\/\" target=\"_blank\" rel=\"noopener\">La Provence<\/a> investit un quartier de Marseille chaque semaine. Lundi 5 mai, ce focus sera consacr\u00e9 \u00e0 <strong>la Belle-de-Mai (3e)<\/strong>.<\/p>\n<p>Souvent d\u00e9crit comme <a href=\"https:\/\/www.laprovence.com\/article\/region\/1516946624107315\/a-la-belle-de-mai-a-marseille-la-misere-terreau-de-la-violence\" target=\"_blank\" rel=\"noopener\">\u00ab\u00a0le quartier le plus pauvre de France\u00a0\u00bb<\/a>, le secteur doit profiter de la construction de nouvelles \u00e9coles, d&rsquo;une <a href=\"https:\/\/www.laprovence.com\/article\/region\/1596354088516715\/a-la-belle-de-mai-a-marseille-la-plus-belle-mediatheque-de-la-ville-se-devoile\" target=\"_blank\" rel=\"noopener\">m\u00e9diath\u00e8que<\/a> et de l&rsquo;extension du tramway&#8230; \u00a0Cet engagement des institutions suffira-t-il \u00e0 r\u00e9soudre les probl\u00e9matiques de la Belle-de-Mai, toujours marqu\u00e9e par le ch\u00f4mage, le logement indigne, les probl\u00e8mes de s\u00e9curit\u00e9 et le d\u00e9part des services publics ?<\/p>\n<p>Dynamisme commercial, <a href=\"https:\/\/www.laprovence.com\/article\/region\/2012079823486215\/tramway-de-la-belle-de-mai-a-marseille-des-etudes-pour-limiter-l-impact-foncier-sur-le-quartier\" target=\"_blank\" rel=\"noopener\">embouteillages<\/a>, s\u00e9curit\u00e9, immobilier, \u00e9quipements publics et lieux culturels, \u00e9tablissements scolaires&#8230; Quels sont les atouts et les manques de votre quartier ? Et quels projets pourraient participer \u00e0 am\u00e9liorer votre cadre de vie ?<\/p>\n<p><strong>Vous habitez ou travaillez \u00e0 la Belle-de-Mai<\/strong> et avez des id\u00e9es pour am\u00e9liorer votre quartier ? Faites-nous en part ! Ecrivez-nous \u00e0 l&rsquo;adresse suivante: <strong><a href=\"https:\/\/www.laprovence.com\/cdn-cgi\/l\/email-protection\" class=\"__cf_email__\" data-cfemail=\"dfadbabbbebcabb6b0b1b2beadacbab6b3b3ba9fb3beafadb0a9bab1bcbaf1bcb0b2\" target=\"_blank\" rel=\"noopener\">[email\u00a0protected]<\/a><\/strong><\/p>\n","protected":false},"excerpt":{"rendered":"Depuis le d\u00e9but du mois de mars, La Provence investit un quartier de Marseille chaque semaine. Lundi 5&hellip;\n","protected":false},"author":2,"featured_media":67088,"comment_status":"","ping_status":"","sticky":false,"template":"","format":"standard","meta":{"footnotes":""},"categories":[2814],"tags":[17,1111,11,1007,1777,674,1011,27,4021,884,12,866,882,4022,16,25,3333,4023],"class_list":{"0":"post-67087","1":"post","2":"type-post","3":"status-publish","4":"format-standard","5":"has-post-thumbnail","7":"category-marseille","8":"tag-17","9":"tag-actu","10":"tag-actualites","11":"tag-aux","12":"tag-eu","13":"tag-europe","14":"tag-fr","15":"tag-france","16":"tag-habitants","17":"tag-marseille","18":"tag-news","19":"tag-parole","20":"tag-provence-alpes-cote-dazur","21":"tag-quelles","22":"tag-region","23":"tag-republique-francaise","24":"tag-sont","25":"tag-vos"},"share_on_mastodon":{"url":"https:\/\/pubeurope.com\/@fr\/114433063844999594","error":""},"_links":{"self":[{"href":"https:\/\/www.europesays.com\/fr\/wp-json\/wp\/v2\/posts\/67087","targetHints":{"allow":["GET"]}}],"collection":[{"href":"https:\/\/www.europesays.com\/fr\/wp-json\/wp\/v2\/posts"}],"about":[{"href":"https:\/\/www.europesays.com\/fr\/wp-json\/wp\/v2\/types\/post"}],"author":[{"embeddable":true,"href":"https:\/\/www.europesays.com\/fr\/wp-json\/wp\/v2\/users\/2"}],"replies":[{"embeddable":true,"href":"https:\/\/www.europesays.com\/fr\/wp-json\/wp\/v2\/comments?post=67087"}],"version-history":[{"count":0,"href":"https:\/\/www.europesays.com\/fr\/wp-json\/wp\/v2\/posts\/67087\/revisions"}],"wp:featuredmedia":[{"embeddable":true,"href":"https:\/\/www.europesays.com\/fr\/wp-json\/wp\/v2\/media\/67088"}],"wp:attachment":[{"href":"https:\/\/www.europesays.com\/fr\/wp-json\/wp\/v2\/media?parent=67087"}],"wp:term":[{"taxonomy":"category","embeddable":true,"href":"https:\/\/www.europesays.com\/fr\/wp-json\/wp\/v2\/categories?post=67087"},{"taxonomy":"post_tag","embeddable":true,"href":"https:\/\/www.europesays.com\/fr\/wp-json\/wp\/v2\/tags?post=67087"}],"curies":[{"name":"wp","href":"https:\/\/api.w.org\/{rel}","templated":true}]}}