{"id":670896,"date":"2026-01-17T21:51:11","date_gmt":"2026-01-17T21:51:11","guid":{"rendered":"https:\/\/www.europesays.com\/fr\/670896\/"},"modified":"2026-01-17T21:51:11","modified_gmt":"2026-01-17T21:51:11","slug":"bryan-coquard-la-vuelta-un-challenge-qui-me-botte-bien-actualite","status":"publish","type":"post","link":"https:\/\/www.europesays.com\/fr\/670896\/","title":{"rendered":"Bryan Coquard : \u00ab La Vuelta, un challenge qui me botte bien \u00bb &#8211; Actualit\u00e9"},"content":{"rendered":"<p dir=\"ltr\">Comme son \u00e9quipe redescendue en ProTeam, <strong><a href=\"https:\/\/www.directvelo.com\/coureur\/3005\/bryan-coquard\" target=\"_blank\" rel=\"noopener\">Bryan Coquard<\/a><\/strong> n\u2019est pas pr\u00e9sent cette semaine en Australie pour s\u2019appr\u00eater \u00e0 disputer le Tour Down Under. C\u2019est du c\u00f4t\u00e9 d\u2019Ondara, au nord de Calpe (Espagne), qu\u2019il pr\u00e9pare sa quatorzi\u00e8me saison chez les professionnels. \u201cDe toute fa\u00e7on, je n\u2019avais pr\u00e9vu d\u2019aller en Australie cette ann\u00e9e\u201d, confie \u00e0 DirectVelo le coureur de Cofidis, vainqueur d\u2019une \u00e9tape en 2023 et en 2025. <\/p>\n<p dir=\"ltr\"><strong>UN PASSAGE PAR LA GR\u00c8CE<\/strong><\/p>\n<p>Il lancera sa saison tout de m\u00eame tr\u00e8s t\u00f4t, les 24 et 25 janvier, avec une participation aux courses de Castellon et de Valence o\u00f9 il avait fini 2e derri\u00e8re Dylan Groenewegen il y a deux ans. Puis il sera pr\u00e9sent sur la premi\u00e8re \u00e9preuve pro de la saison en France, le Grand Prix La Marseillaise, avant d\u2019encha\u00eener la Muscat Classic et le Tour d\u2019Oman o\u00f9 il avait fini 2e et 3e d\u2019\u00e9tapes en 2024.\u00a0 Avant Paris-Nice et Milan-San Remo, il va d\u00e9couvrir deux Classe 1, en Gr\u00e8ce, le Visit South Aegean GP et le R\u00e9gion on Dodecanese GP. <\/p>\n<p>La pr\u00e9paration de la Fl\u00e8che Braban\u00e7onne et de l\u2019Amstel Gold Race passera par un calendrier fran\u00e7ais. Il sera au d\u00e9part de certaines courses d&rsquo;un jour, \u00e0 choisir parmi la Roue Tourangelle, la Classic V\u00e9lox-Ad\u00e9lie de Vitr\u00e9, Paris-Camembert et Cholet-Pays de la Loire avant peut-\u00eatre le Pays de la Loire Tour. \u201cC\u2019est la partie floue de mon programme\u201d, dit-il. En mai, il sera engag\u00e9 sur les 4 jours de Dunkerque, avant d\u2019aller en juin au Tour Auvergne-Rh\u00f4ne-Alpes et au Championnat de France. \u201cEnsuite, ce sont les vacances\u201d, sourit-il. <\/p>\n<p>Bryan Coquard ne participera pas en effet \u00e0 son neuvi\u00e8me Tour de France en juillet prochain. La ProTeam fran\u00e7aise comptera pour les sprints sur Milan Fretin qui aura une garde rapproch\u00e9e autour de lui. Le Nantais de 33 ans n\u2019\u00e9tait pas contre en faire partie pour lancer le Belge mais ce n\u2019\u00e9tait pas le souhait du staff de Cofidis. \u201cJ\u2019\u00e9tais pr\u00eat \u00e0 me mettre \u00e0 son service pendant cette saison, ce n\u2019\u00e9tait pas du tout un probl\u00e8me pour moi. Mais l\u2019\u00e9quipe n\u2019a pas envie que je me mette dans un r\u00f4le de poisson-pilote, m\u00eame si ce n\u2019est pas p\u00e9joratif de l\u2019\u00eatre. On peut faire une grande carri\u00e8re dans ce position-l\u00e0\u201d.<\/p>\n<p><strong>PR\u00c9PARER LA VUELTA<\/strong><\/p>\n<p>Il participera en revanche au Tour d\u2019Espagne pour la cinqui\u00e8me fois de rang, mais elle sera abord\u00e9e de mani\u00e8re diff\u00e9rente.\u00a0\u201cJe vais pouvoir faire la Vuelta avec une pr\u00e9paration, ce qui n\u2019\u00e9tait pas le cas par le pass\u00e9 en raison du Tour juste avant ou du Covid. Je veux pr\u00e9parer la Vuelta comme je le faisais pour le Tour avec l\u2019id\u00e9e d\u2019enfin gagner une \u00e9tape sur un Grand Tour. C\u2019est clairement l\u2019objectif de l\u2019ann\u00e9e\u201d. Il ignore encore sur quelles courses il ira pr\u00e9parer l\u2019\u00e9v\u00e8nement mais une participation \u00e0 Hambourg n\u2019est pas \u00e0 exclure.\u00a0<\/p>\n<p>Le parcours de la Vuelta sera une nouvelle fois tr\u00e8s difficile, ce qui ne l\u2019effraie gu\u00e8re. \u201cJe ne vais pas gagner en montagne mais \u00e7a permettra de fatiguer les sprinteurs. En esp\u00e9rant que je le sois moins qu\u2019eux. La Vuelta, c&rsquo;est un challenge qui me botte bien\u201d. <\/p>\n<p><strong>Le programme 2026 de Bryan Coquard :<\/strong> <br \/>24\/01 : Gran Premio Castell\u00f3n<br \/>25\/01 : Cl\u00e0ssica Comunitat Valenciana-Gran Premi Val\u00e8ncia<br \/>01\/02 : Grand Prix La Marseillaise<br \/>06\/02 : Muscat Classic<br \/>07 au 11\/02 : Tour d\u2019Oman<br \/>28\/02 : Visit South Aegean GP<br \/>01\/03 : R\u00e9gion on Dodecanese GP<br \/>08 au 15\/03 : Paris-Nice<br \/>21\/03 : Milan-San Remo<br \/>29\/03 : Route Tourangelle ?<br \/>31\/03 : Paris-Camembert ?<br \/>03\/04 : Classic Velox-Ad\u00e9lie de Vitr\u00e9 ?<br \/>06\/04 : Cholet-Pays de la Loire ? <br \/>07 au 10\/04 : R\u00e9gion Pays de la Loire ?<br \/>17\/04 : Fl\u00e8che Braban\u00e7onne<br \/>19\/04 : Amstel Gold Race<br \/>20 au 24\/05 : 4 jours de Dunkerque<br \/>07 au 14\/06 : Tour Auvergne-Rh\u00f4ne-Alpes<br \/>27\/06 : Championnat de France<br \/>22\/08 au 13\/09 : Tour d\u2019Espagne\u00a0<strong id=\"docs-internal-guid-be3d0440-7fff-59be-ab5a-3fef5eb50064\"><br \/><\/strong><\/p>\n","protected":false},"excerpt":{"rendered":"Comme son \u00e9quipe redescendue en ProTeam, Bryan Coquard n\u2019est pas pr\u00e9sent cette semaine en Australie pour s\u2019appr\u00eater \u00e0&hellip;\n","protected":false},"author":2,"featured_media":670897,"comment_status":"","ping_status":"","sticky":false,"template":"","format":"standard","meta":{"footnotes":""},"categories":[1411],"tags":[834,828,836,829,837,827,83,826,824,823,1154,207,814,817,815,816,822,821,832,211,839,1011,27,820,818,819,835,831,830,833,838,60,212,208,825],"class_list":{"0":"post-670896","1":"post","2":"type-post","3":"status-publish","4":"format-standard","5":"has-post-thumbnail","7":"category-cyclisme","8":"tag-attaque","9":"tag-belgique","10":"tag-braquet","11":"tag-bretagne","12":"tag-chute","13":"tag-competition","14":"tag-coupe-de-france","15":"tag-coureur","16":"tag-course-cyclisme","17":"tag-course-cycliste","18":"tag-cycling","19":"tag-cyclisme","20":"tag-direct","21":"tag-direct-velo","22":"tag-directvelo","23":"tag-directvelo-com","24":"tag-epreuve","25":"tag-epreuve-cycliste","26":"tag-federation-francaise-de-cyclisme","27":"tag-ffc","28":"tag-flandres","29":"tag-fr","30":"tag-france","31":"tag-live","32":"tag-live-course","33":"tag-live-epreuve","34":"tag-peloton","35":"tag-radio-peloton","36":"tag-radio-tour","37":"tag-ravitaillement","38":"tag-relance","39":"tag-sports","40":"tag-uci","41":"tag-velo","42":"tag-velos"},"share_on_mastodon":{"url":"https:\/\/pubeurope.com\/@fr\/115912657039116638","error":""},"_links":{"self":[{"href":"https:\/\/www.europesays.com\/fr\/wp-json\/wp\/v2\/posts\/670896","targetHints":{"allow":["GET"]}}],"collection":[{"href":"https:\/\/www.europesays.com\/fr\/wp-json\/wp\/v2\/posts"}],"about":[{"href":"https:\/\/www.europesays.com\/fr\/wp-json\/wp\/v2\/types\/post"}],"author":[{"embeddable":true,"href":"https:\/\/www.europesays.com\/fr\/wp-json\/wp\/v2\/users\/2"}],"replies":[{"embeddable":true,"href":"https:\/\/www.europesays.com\/fr\/wp-json\/wp\/v2\/comments?post=670896"}],"version-history":[{"count":0,"href":"https:\/\/www.europesays.com\/fr\/wp-json\/wp\/v2\/posts\/670896\/revisions"}],"wp:featuredmedia":[{"embeddable":true,"href":"https:\/\/www.europesays.com\/fr\/wp-json\/wp\/v2\/media\/670897"}],"wp:attachment":[{"href":"https:\/\/www.europesays.com\/fr\/wp-json\/wp\/v2\/media?parent=670896"}],"wp:term":[{"taxonomy":"category","embeddable":true,"href":"https:\/\/www.europesays.com\/fr\/wp-json\/wp\/v2\/categories?post=670896"},{"taxonomy":"post_tag","embeddable":true,"href":"https:\/\/www.europesays.com\/fr\/wp-json\/wp\/v2\/tags?post=670896"}],"curies":[{"name":"wp","href":"https:\/\/api.w.org\/{rel}","templated":true}]}}