{"id":670918,"date":"2026-01-17T22:04:11","date_gmt":"2026-01-17T22:04:11","guid":{"rendered":"https:\/\/www.europesays.com\/fr\/670918\/"},"modified":"2026-01-17T22:04:11","modified_gmt":"2026-01-17T22:04:11","slug":"un-important-arsenal-de-missiles-pouvant-etre-utilises-pour-frapper-liran-larmee-americaine-deploie-une-puissance-militaire-renforcee-au-moyen-orient","status":"publish","type":"post","link":"https:\/\/www.europesays.com\/fr\/670918\/","title":{"rendered":"\u00ab\u00a0Un important arsenal de missiles pouvant \u00eatre utilis\u00e9s pour frapper l\u2019Iran\u00a0\u00bb\u2026 L\u2019arm\u00e9e am\u00e9ricaine d\u00e9ploie une puissance militaire renforc\u00e9e au Moyen-Orient"},"content":{"rendered":"<p>\n                                                                Des mouvements de b\u00e2timents militaires am\u00e9ricains mais aussi britanniques, allemands et fran\u00e7ais ont \u00e9t\u00e9 enregistr\u00e9s ces derni\u00e8res heures. Avec l\u2019Iran pour objectif\u00a0?\n                            <\/p>\n<p>Ce sont des signaux enregistr\u00e9s ces derni\u00e8res heures qui semblent annoncer une prochaine mont\u00e9e en puissance des capacit\u00e9s militaires des Am\u00e9ricains au Moyen-Orient alors que Donald Trump aurait annul\u00e9 in extremis une intervention en Iran durant la semaine.<\/p>\n<p>Selon le site sp\u00e9cialis\u00e9, The WarZone, les \u00c9tats-Unis d\u00e9ploieraient ainsi au moins un, voire plusieurs groupes a\u00e9ronavals au Moyen-Orient, en pr\u00e9vision d\u2019une \u00e9ventuelle attaque contre l\u2019Iran.<\/p>\n<p>Le site s\u2019appuie sur \u00ab\u00a0des sources ouvertes\u00a0\u00bb qui semblent indiquer que \u00ab\u00a0certains moyens a\u00e9riens am\u00e9ricains pourraient \u00e9galement se diriger vers cette zone\u00a0\u00bb. Dans le pass\u00e9, \u00ab\u00a0l\u2019afflux massif de vols cargo et de chasseurs, ainsi que d\u2019autres a\u00e9ronefs, dans la r\u00e9gion est un ph\u00e9nom\u00e8ne qui a pu \u00eatre observ\u00e9 couramment en p\u00e9riode de crise\u00a0\u00bb alors que \u00ab\u00a0ces derni\u00e8res ann\u00e9es ont \u00e9t\u00e9 marqu\u00e9es par de nombreuses crises de ce type\u00a0\u00bb.<\/p>\n<p>Les \u00c9tats-Unis d\u00e9ploieraient ainsi le groupe a\u00e9ronaval Abraham Lincoln dans la r\u00e9gion. Une arriv\u00e9e qui renforcera consid\u00e9rablement \u00ab\u00a0la puissance de frappe am\u00e9ricaine d\u00e8s son arriv\u00e9e, probablement la semaine prochaine\u00a0\u00bb.<\/p>\n<p>Le groupe a\u00e9rien embarqu\u00e9 par l\u2019Abraham Lincoln comprend \u00ab\u00a0huit escadrons \u00e9quip\u00e9s de F-35C Lightning II, de F\/A-18E\/F Super Hornet, d\u2019EA-18G Growler, d\u2019E-2D Hawkeye, de CMV-22B Osprey et de MH-60R\/S Sea Hawk\u00a0\u00bb. Par ailleurs, \u00ab\u00a0ses navires d\u2019escorte, le croiseur lance-missiles de classe Ticonderoga USS Mobile Bay et les destroyers lance-missiles de classe Arleigh Burke de l\u2019escadron de destroyers (DESRON) 21, disposent d\u2019un important arsenal de missiles pouvant \u00eatre utilis\u00e9s pour frapper l\u2019Iran. Ces b\u00e2timents pourraient \u00e9galement servir \u00e0 la d\u00e9fense des cibles am\u00e9ricaines et de celles de leurs alli\u00e9s en cas de repr\u00e9sailles\u00a0\u00bb.<\/p>\n<p><strong>Un autre groupe a\u00e9ronaval r\u00e9orient\u00e9 vers le Moyen-Orient\u00a0?<\/strong><\/p>\n<p>Mais le groupe a\u00e9ronaval Abraham Lincoln ne serait pas le seul \u00e0 circuler en direction du Moyen-Orient puisque <a href=\"https:\/\/www.twz.com\/news-features\/signs-emerge-of-u-s-navy-air-force-push-to-middle-east\" target=\"_self\" rel=\"noopener\">The WarZone<\/a> \u00e9voquait des rumeurs concernant le groupe a\u00e9ronaval George H.W. Bush qui se dirigerait lui aussi vers la r\u00e9gion, \u00ab\u00a0ce qui renforcerait consid\u00e9rablement les capacit\u00e9s de la zone\u00a0\u00bb. Le porte-avions a quitt\u00e9 son port d\u2019attache de Norfolk le 13\u00a0janvier.<\/p>\n<p><strong>Une intervention militaire en Iran annul\u00e9e au dernier moment<\/strong><\/p>\n<p>Mais pour les sp\u00e9cialistes, le renoncement d\u2019une intervention en Iran, durant la semaine, par Donald Trump, serait intimement li\u00e9 aux capacit\u00e9s limit\u00e9es de r\u00e9ponses des Am\u00e9ricains et de leurs alli\u00e9s dans la zone si les objectifs n\u2019\u00e9taient pas totalement atteints. Le Premier ministre isra\u00e9lien, Benyamin Netanyahu a ainsi insist\u00e9 lourdement aupr\u00e8s du pr\u00e9sident am\u00e9ricain pour ne pas mener de frappes contre le r\u00e9gime de T\u00e9h\u00e9ran malgr\u00e9 la forte r\u00e9pression subie par le peuple iranien et qui aurait fait 3\u00a0000 victimes ces derniers jours.<\/p>\n<p>L\u2019arriv\u00e9e de plusieurs groupes a\u00e9ronavals dans la zone pourrait changer la donne et rendre Donald Trump moins flexible sur sa r\u00e9ponse aux mollahs iraniens.<\/p>\n<p>Un d\u00e9ploiement qui pourrait \u00e9galement concerner des alli\u00e9s am\u00e9ricains puisqu\u2019un afflux d\u2019avions militaires europ\u00e9ens a \u00e9galement \u00e9t\u00e9 observ\u00e9 dans la r\u00e9gion. Les services de suivi des vols en ligne indiquaient ainsi que des moyens britanniques, allemands et fran\u00e7ais se rapprocheraient de la zone sans savoir s\u2019il s\u2019agissait de man\u0153uvres programm\u00e9es ou autre\u2026<\/p>\n","protected":false},"excerpt":{"rendered":"Des mouvements de b\u00e2timents militaires am\u00e9ricains mais aussi britanniques, allemands et fran\u00e7ais ont \u00e9t\u00e9 enregistr\u00e9s ces derni\u00e8res heures.&hellip;\n","protected":false},"author":2,"featured_media":670919,"comment_status":"","ping_status":"","sticky":false,"template":"","format":"standard","meta":{"footnotes":""},"categories":[5],"tags":[1111,11,69001,1011,27,14,12,28],"class_list":{"0":"post-670918","1":"post","2":"type-post","3":"status-publish","4":"format-standard","5":"has-post-thumbnail","7":"category-international","8":"tag-actu","9":"tag-actualites","10":"tag-du00e9fense-armu00e9e","11":"tag-fr","12":"tag-france","13":"tag-international","14":"tag-news","15":"tag-world"},"share_on_mastodon":{"url":"https:\/\/pubeurope.com\/@fr\/115912708165583009","error":""},"_links":{"self":[{"href":"https:\/\/www.europesays.com\/fr\/wp-json\/wp\/v2\/posts\/670918","targetHints":{"allow":["GET"]}}],"collection":[{"href":"https:\/\/www.europesays.com\/fr\/wp-json\/wp\/v2\/posts"}],"about":[{"href":"https:\/\/www.europesays.com\/fr\/wp-json\/wp\/v2\/types\/post"}],"author":[{"embeddable":true,"href":"https:\/\/www.europesays.com\/fr\/wp-json\/wp\/v2\/users\/2"}],"replies":[{"embeddable":true,"href":"https:\/\/www.europesays.com\/fr\/wp-json\/wp\/v2\/comments?post=670918"}],"version-history":[{"count":0,"href":"https:\/\/www.europesays.com\/fr\/wp-json\/wp\/v2\/posts\/670918\/revisions"}],"wp:featuredmedia":[{"embeddable":true,"href":"https:\/\/www.europesays.com\/fr\/wp-json\/wp\/v2\/media\/670919"}],"wp:attachment":[{"href":"https:\/\/www.europesays.com\/fr\/wp-json\/wp\/v2\/media?parent=670918"}],"wp:term":[{"taxonomy":"category","embeddable":true,"href":"https:\/\/www.europesays.com\/fr\/wp-json\/wp\/v2\/categories?post=670918"},{"taxonomy":"post_tag","embeddable":true,"href":"https:\/\/www.europesays.com\/fr\/wp-json\/wp\/v2\/tags?post=670918"}],"curies":[{"name":"wp","href":"https:\/\/api.w.org\/{rel}","templated":true}]}}