{"id":670948,"date":"2026-01-17T22:25:16","date_gmt":"2026-01-17T22:25:16","guid":{"rendered":"https:\/\/www.europesays.com\/fr\/670948\/"},"modified":"2026-01-17T22:25:16","modified_gmt":"2026-01-17T22:25:16","slug":"une-sortie-maitrisee-pour-le-strasbourg-ath-contre-clermont","status":"publish","type":"post","link":"https:\/\/www.europesays.com\/fr\/670948\/","title":{"rendered":"une sortie ma\u00eetris\u00e9e pour le Strasbourg ATH contre Clermont"},"content":{"rendered":"<p>L\u2019affiche de ce deuxi\u00e8me match de la semaine des \u201cPiraths\u201d \u00e0 Truchtersheim n\u2019a, d\u2019embl\u00e9e, vraiment pas la m\u00eame saveur que celui de mercredi remport\u00e9 contre Saint-Maur en D1 (26-22). Moins de tension, moins d\u2019engagement, moins d\u2019enjeu surtout.<\/p>\n<p>Cette derni\u00e8re rencontre de la phase de poules de la Coupe de France n\u2019en avait aucun pour les deux \u00e9quipes qui vont quitter la comp\u00e9tition, mais elle rev\u00eatait n\u00e9anmoins une importance un peu plus que symbolique&#8230;.<\/p>\n","protected":false},"excerpt":{"rendered":"L\u2019affiche de ce deuxi\u00e8me match de la semaine des \u201cPiraths\u201d \u00e0 Truchtersheim n\u2019a, d\u2019embl\u00e9e, vraiment pas la m\u00eame&hellip;\n","protected":false},"author":2,"featured_media":670949,"comment_status":"","ping_status":"","sticky":false,"template":"","format":"standard","meta":{"footnotes":""},"categories":[2820],"tags":[1111,11,2649,1777,674,107,1011,27,775,1792,12,25,517,640,12904,18463],"class_list":{"0":"post-670948","1":"post","2":"type-post","3":"status-publish","4":"format-standard","5":"has-post-thumbnail","7":"category-strasbourg","8":"tag-actu","9":"tag-actualites","10":"tag-bas-rhin","11":"tag-eu","12":"tag-europe","13":"tag-fil-info","14":"tag-fr","15":"tag-france","16":"tag-grand-est","17":"tag-handball","18":"tag-news","19":"tag-republique-francaise","20":"tag-sport","21":"tag-strasbourg","22":"tag-strasbourg-ath","23":"tag-truchtersheim"},"share_on_mastodon":{"url":"https:\/\/pubeurope.com\/@fr\/115912790678952380","error":""},"_links":{"self":[{"href":"https:\/\/www.europesays.com\/fr\/wp-json\/wp\/v2\/posts\/670948","targetHints":{"allow":["GET"]}}],"collection":[{"href":"https:\/\/www.europesays.com\/fr\/wp-json\/wp\/v2\/posts"}],"about":[{"href":"https:\/\/www.europesays.com\/fr\/wp-json\/wp\/v2\/types\/post"}],"author":[{"embeddable":true,"href":"https:\/\/www.europesays.com\/fr\/wp-json\/wp\/v2\/users\/2"}],"replies":[{"embeddable":true,"href":"https:\/\/www.europesays.com\/fr\/wp-json\/wp\/v2\/comments?post=670948"}],"version-history":[{"count":0,"href":"https:\/\/www.europesays.com\/fr\/wp-json\/wp\/v2\/posts\/670948\/revisions"}],"wp:featuredmedia":[{"embeddable":true,"href":"https:\/\/www.europesays.com\/fr\/wp-json\/wp\/v2\/media\/670949"}],"wp:attachment":[{"href":"https:\/\/www.europesays.com\/fr\/wp-json\/wp\/v2\/media?parent=670948"}],"wp:term":[{"taxonomy":"category","embeddable":true,"href":"https:\/\/www.europesays.com\/fr\/wp-json\/wp\/v2\/categories?post=670948"},{"taxonomy":"post_tag","embeddable":true,"href":"https:\/\/www.europesays.com\/fr\/wp-json\/wp\/v2\/tags?post=670948"}],"curies":[{"name":"wp","href":"https:\/\/api.w.org\/{rel}","templated":true}]}}