{"id":670964,"date":"2026-01-17T22:36:11","date_gmt":"2026-01-17T22:36:11","guid":{"rendered":"https:\/\/www.europesays.com\/fr\/670964\/"},"modified":"2026-01-17T22:36:11","modified_gmt":"2026-01-17T22:36:11","slug":"marine-le-pen-fait-de-marseille-le-marchepied-pour-lelysee","status":"publish","type":"post","link":"https:\/\/www.europesays.com\/fr\/670964\/","title":{"rendered":"Marine Le\u00a0Pen fait de Marseille le marchepied pour l\u2019\u00c9lys\u00e9e"},"content":{"rendered":"<p>Marseille aux couleurs du parti \u00e0 la flamme\u00a0? Enhardi par les derniers sondages qui placent Franck Allisio et Beno\u00eet Payan \u00e0 \u00e9galit\u00e9 au 1er tour \u00e0 30% (Ipsos\/BVA d\u00e9but janvier dans La Marseillaise) ou 31% (Opinion Way ce dimanche dans Le JDD), le RN y croit chaque jour un peu plus. Pour preuve, c\u2019est dans la cit\u00e9 phoc\u00e9enne que Marine Le\u00a0Pen a d\u00e9cid\u00e9 de faire son premier d\u00e9placement en Province.<\/p>\n<p>Vendredi soir, en d\u00e9pit d\u2019un calendrier bouscul\u00e9 par le <a href=\"https:\/\/www.laprovence.com\/article\/faits-divers-justice\/11408389505188\/proces-de-marine-le-pen-la-presidente-rn-assure-navoir-aucun-sentiment-davoir-commis-le-moindre-delit\" target=\"_blank\" rel=\"noopener\">proc\u00e8s en appel<\/a> de sa condamnation \u00e0 quatre ans de prison, dont deux ferme, et \u00e0 cinq ans d\u2019in\u00e9ligibilit\u00e9 dans l\u2019affaire des assistants parlementaires, la cheffe de file de l\u2019extr\u00eame droite a pris le temps d\u2019assister en invit\u00e9 d\u2019honneur aux <a href=\"https:\/\/www.laprovence.com\/article\/politique\/94434309143426\/1-200-personnes-presentes-au-parc-chanot-marine-le-pen-fait-le-plein-de-decus-de-la-droite\" target=\"_blank\" rel=\"noopener\">v\u0153ux de Franck Allisio au Parc Chanot<\/a>, avant de tenir le lendemain matin \u00e0 ses c\u00f4t\u00e9s une conf\u00e9rence de presse.<\/p>\n<p>Car si en\u00a02020 Marine Le\u00a0Pen se prenait d\u00e9j\u00e0 \u00e0 r\u00eaver aux c\u00f4t\u00e9s de St\u00e9phane Ravier (il fera 20,30% au 2e tour) d\u2019une \u00ab\u00a0victoire du RN \u00e0 Marseille\u00a0\u00bb qui \u00ab\u00a0constituera un tremblement de terre jusqu\u2019\u00e0 Paris et fera trembler l\u2019\u00c9lys\u00e9e\u00a0\u00bb, le r\u00eave n&rsquo;a jamais sembl\u00e9 autant \u00e0 port\u00e9e de main. \u00ab\u00a0Franck Allisio est l\u2019homme qu\u2019il faut pour Marseille, estime celle qui le conna\u00eet bien puisqu\u2019il \u00e9tait charg\u00e9 des ar&#8230;<\/p>\n","protected":false},"excerpt":{"rendered":"Marseille aux couleurs du parti \u00e0 la flamme\u00a0? Enhardi par les derniers sondages qui placent Franck Allisio et&hellip;\n","protected":false},"author":2,"featured_media":670965,"comment_status":"","ping_status":"","sticky":false,"template":"","format":"standard","meta":{"footnotes":""},"categories":[2814],"tags":[5734,1111,11,1777,674,21,1011,27,509,17985,77049,6128,884,12,471,882,16,25],"class_list":{"0":"post-670964","1":"post","2":"type-post","3":"status-publish","4":"format-standard","5":"has-post-thumbnail","7":"category-marseille","8":"tag-5734","9":"tag-actu","10":"tag-actualites","11":"tag-eu","12":"tag-europe","13":"tag-fait","14":"tag-fr","15":"tag-france","16":"tag-lelysee","17":"tag-le-pen","18":"tag-marchepied","19":"tag-marine","20":"tag-marseille","21":"tag-news","22":"tag-pour","23":"tag-provence-alpes-cote-dazur","24":"tag-region","25":"tag-republique-francaise"},"share_on_mastodon":{"url":"https:\/\/pubeurope.com\/@fr\/115912834023016356","error":""},"_links":{"self":[{"href":"https:\/\/www.europesays.com\/fr\/wp-json\/wp\/v2\/posts\/670964","targetHints":{"allow":["GET"]}}],"collection":[{"href":"https:\/\/www.europesays.com\/fr\/wp-json\/wp\/v2\/posts"}],"about":[{"href":"https:\/\/www.europesays.com\/fr\/wp-json\/wp\/v2\/types\/post"}],"author":[{"embeddable":true,"href":"https:\/\/www.europesays.com\/fr\/wp-json\/wp\/v2\/users\/2"}],"replies":[{"embeddable":true,"href":"https:\/\/www.europesays.com\/fr\/wp-json\/wp\/v2\/comments?post=670964"}],"version-history":[{"count":0,"href":"https:\/\/www.europesays.com\/fr\/wp-json\/wp\/v2\/posts\/670964\/revisions"}],"wp:featuredmedia":[{"embeddable":true,"href":"https:\/\/www.europesays.com\/fr\/wp-json\/wp\/v2\/media\/670965"}],"wp:attachment":[{"href":"https:\/\/www.europesays.com\/fr\/wp-json\/wp\/v2\/media?parent=670964"}],"wp:term":[{"taxonomy":"category","embeddable":true,"href":"https:\/\/www.europesays.com\/fr\/wp-json\/wp\/v2\/categories?post=670964"},{"taxonomy":"post_tag","embeddable":true,"href":"https:\/\/www.europesays.com\/fr\/wp-json\/wp\/v2\/tags?post=670964"}],"curies":[{"name":"wp","href":"https:\/\/api.w.org\/{rel}","templated":true}]}}