{"id":670997,"date":"2026-01-17T22:54:11","date_gmt":"2026-01-17T22:54:11","guid":{"rendered":"https:\/\/www.europesays.com\/fr\/670997\/"},"modified":"2026-01-17T22:54:11","modified_gmt":"2026-01-17T22:54:11","slug":"lex-membre-du-boys-band-g-squad-andrew-mc-carthy-retrouve-mort-a-son-domicile","status":"publish","type":"post","link":"https:\/\/www.europesays.com\/fr\/670997\/","title":{"rendered":"L\u2019ex-membre du boys band \u00ab\u00a0G-Squad\u00a0\u00bb Andrew Mc Carthy retrouv\u00e9 mort \u00e0 son domicile"},"content":{"rendered":"<p>Ils avaient inond\u00e9 la France en\u00a01996 avec leurs tubes Aucune fille au monde et <a href=\"https:\/\/www.youtube.com\/watch?v=wtwublQJceQ\" rel=\"nofollow noopener\" target=\"_blank\" class=\"c-link c-link--is-underlined\">Raide dingue de toi<\/a>. Le c\u00e9l\u00e8bre et \u00e9ph\u00e9m\u00e8re <a href=\"https:\/\/www.20minutes.fr\/dossier\/boys_band\" class=\"c-link c-link--is-underlined\" target=\"_blank\" rel=\"noopener\">boys band<\/a> fran\u00e7ais G-Squad a perdu cette semaine l\u2019un de ses anciens membres\u00a0: Andrew McCarthy, de son vrai nom Olivier Robert, est mort \u00e0 52 ans. <a href=\"https:\/\/www.leparisien.fr\/culture-loisirs\/musique\/mort-a-52-ans-dandrew-mc-carthy-ancien-chanteur-de-g-squad-17-01-2026-ET2ABVY54BBNRG3VU7QUURYKWY.php\" rel=\"nofollow noopener\" target=\"_blank\" class=\"c-link c-link--is-underlined\">Selon Le Parisien<\/a>, son corps a \u00e9t\u00e9 retrouv\u00e9 chez lui \u00e0 Drancy (<a href=\"https:\/\/www.20minutes.fr\/societe\/seine-saint-denis\/\" class=\"c-link c-link--is-underlined\" target=\"_blank\" rel=\"noopener\">Seine-Saint-Denis<\/a>) jeudi dernier par la police.<\/p>\n<p>Les premiers \u00e9l\u00e9ments de l\u2019enqu\u00eate laisseraient \u00e0 penser qu\u2019Olivier Robert se serait donn\u00e9 la mort.<\/p>\n<p>Chris, G\u00e9rald, Marlon, Mika et Andrew<\/p>\n<p>Le groupe G\u2011Squad, qui avait surf\u00e9 sur la mode des boys band \u00e0 la fin des ann\u00e9es\u00a01990, avait cr\u00e9\u00e9 l\u2019hyst\u00e9rie dans l\u2019Hexagone gr\u00e2ce \u00e0 ses cinq membres\u00a0: Chris, G\u00e9rald, Marlon, Mika et Andrew, donc.<\/p>\n<p>Leur succ\u00e8s a dur\u00e9 deux ans et pour l\u2019anecdote, G-Squad en fran\u00e7ais \u00e7a donnait\u00a0: \u00ab\u00a0L\u2019Escadron du Groove\u00a0\u00bb.<\/p>\n","protected":false},"excerpt":{"rendered":"Ils avaient inond\u00e9 la France en\u00a01996 avec leurs tubes Aucune fille au monde et Raide dingue de toi.&hellip;\n","protected":false},"author":2,"featured_media":670998,"comment_status":"","ping_status":"","sticky":false,"template":"","format":"standard","meta":{"footnotes":""},"categories":[2],"tags":[11,3037,3983,58,17445,1011,27,662,12,973,25,1945],"class_list":{"0":"post-670997","1":"post","2":"type-post","3":"status-publish","4":"format-standard","5":"has-post-thumbnail","7":"category-actualites","8":"tag-actualites","9":"tag-boys-band","10":"tag-deces","11":"tag-divertissement","12":"tag-drancy","13":"tag-fr","14":"tag-france","15":"tag-ile-de-france","16":"tag-news","17":"tag-people","18":"tag-republique-francaise","19":"tag-seine-saint-denis"},"share_on_mastodon":{"url":"https:\/\/pubeurope.com\/@fr\/115912904827212571","error":""},"_links":{"self":[{"href":"https:\/\/www.europesays.com\/fr\/wp-json\/wp\/v2\/posts\/670997","targetHints":{"allow":["GET"]}}],"collection":[{"href":"https:\/\/www.europesays.com\/fr\/wp-json\/wp\/v2\/posts"}],"about":[{"href":"https:\/\/www.europesays.com\/fr\/wp-json\/wp\/v2\/types\/post"}],"author":[{"embeddable":true,"href":"https:\/\/www.europesays.com\/fr\/wp-json\/wp\/v2\/users\/2"}],"replies":[{"embeddable":true,"href":"https:\/\/www.europesays.com\/fr\/wp-json\/wp\/v2\/comments?post=670997"}],"version-history":[{"count":0,"href":"https:\/\/www.europesays.com\/fr\/wp-json\/wp\/v2\/posts\/670997\/revisions"}],"wp:featuredmedia":[{"embeddable":true,"href":"https:\/\/www.europesays.com\/fr\/wp-json\/wp\/v2\/media\/670998"}],"wp:attachment":[{"href":"https:\/\/www.europesays.com\/fr\/wp-json\/wp\/v2\/media?parent=670997"}],"wp:term":[{"taxonomy":"category","embeddable":true,"href":"https:\/\/www.europesays.com\/fr\/wp-json\/wp\/v2\/categories?post=670997"},{"taxonomy":"post_tag","embeddable":true,"href":"https:\/\/www.europesays.com\/fr\/wp-json\/wp\/v2\/tags?post=670997"}],"curies":[{"name":"wp","href":"https:\/\/api.w.org\/{rel}","templated":true}]}}