{"id":670999,"date":"2026-01-17T22:55:12","date_gmt":"2026-01-17T22:55:12","guid":{"rendered":"https:\/\/www.europesays.com\/fr\/670999\/"},"modified":"2026-01-17T22:55:12","modified_gmt":"2026-01-17T22:55:12","slug":"maxence-broville-ancien-tennisman-professionnel-et-mister-auvergne-sacre","status":"publish","type":"post","link":"https:\/\/www.europesays.com\/fr\/670999\/","title":{"rendered":"Maxence Broville\u0301, ancien tennisman professionnel et Mister Auvergne, sacr\u00e9"},"content":{"rendered":"<p class=\"article-p mdl\">Quelques semaines apr\u00e8s le concours Miss France, son \u00e9quivalent masculin s&rsquo;est d\u00e9roul\u00e9 ce samedi 17 janvier\u00a0\u00e0 Reuil-Malmaison (Hauts-de-Seine) pour \u00e9lire Mister France 2026. Parmi les 29 pr\u00e9tendants, c&rsquo;est Maxence Brovill\u00e9, 26 ans et Mister Auvergne, qui a \u00e9t\u00e9 sacr\u00e9. Il succ\u00e8de \u00e0\u00a0Mathieu Bedini.<\/p>\n<p class=\"article-p mdl\">N\u00e9 en Martinique, il est Auvergnat d&rsquo;adoption. Il a longtemps pratiqu\u00e9 le tennis, jusqu&rsquo;\u00e0 devenir joueur professionnel, class\u00e9 autour du 700e rang mondial. Mais en 2024, il avait \u00e9t\u00e9 suspendu pour sept ann\u00e9es par\u00a0par l&rsquo;Agence internationale d&rsquo;int\u00e9grit\u00e9 du tennis (ITIA) apr\u00e8s un trucage de matchs et un \u00ab\u00a0refus de coop\u00e9rer durant l&rsquo;investigation\u00a0\u00bb.<\/p>\n<p class=\"article-p mdl\">Il avait \u00e9galement \u00e9t\u00e9 condamn\u00e9 \u00e0 5.000 dollars d&rsquo;amende. Sa suspension doit prendre fin le 19 juin 2030.\u00a0Maxence Brovill\u00e9 a toujours ni\u00e9 ces accusations.<\/p>\n<p class=\"article-p mdl\">Si, comme pour son \u00e9quivalent f\u00e9minin, le concours ne se veut pas enti\u00e8rement bas\u00e9 sur le physique, les candidats doivent tout de m\u00eame remplir quelques crit\u00e8res : avoir entre 18 et 30 ans, mesurer au moins 1,75m, \u00eatre c\u00e9libataire, sans enfants et de nationalit\u00e9 fran\u00e7aise.<\/p>\n<p>    La r\u00e9daction vous recommande<\/p>\n<p class=\"s-newsletter__title\">\n                L\u2019actualit\u00e9 par la r\u00e9daction de RTL dans votre bo\u00eete mail.\n            <\/p>\n<p class=\"s-newsletter__subtitle\">\n                Gr\u00e2ce \u00e0 votre compte RTL abonnez-vous \u00e0 la newsletter RTL info pour suivre toute l&rsquo;actualit\u00e9 au quotidien\n            <\/p>\n<p>\n                                    Lire la suite\n                                <\/p>\n","protected":false},"excerpt":{"rendered":"Quelques semaines apr\u00e8s le concours Miss France, son \u00e9quivalent masculin s&rsquo;est d\u00e9roul\u00e9 ce samedi 17 janvier\u00a0\u00e0 Reuil-Malmaison (Hauts-de-Seine)&hellip;\n","protected":false},"author":2,"featured_media":671000,"comment_status":"","ping_status":"","sticky":false,"template":"","format":"standard","meta":{"footnotes":""},"categories":[4],"tags":[11,903,107,1011,27,12,25,1467],"class_list":{"0":"post-670999","1":"post","2":"type-post","3":"status-publish","4":"format-standard","5":"has-post-thumbnail","7":"category-france","8":"tag-actualites","9":"tag-concours","10":"tag-fil-info","11":"tag-fr","12":"tag-france","13":"tag-news","14":"tag-republique-francaise","15":"tag-tennis"},"share_on_mastodon":{"url":"https:\/\/pubeurope.com\/@fr\/115912908692406766","error":""},"_links":{"self":[{"href":"https:\/\/www.europesays.com\/fr\/wp-json\/wp\/v2\/posts\/670999","targetHints":{"allow":["GET"]}}],"collection":[{"href":"https:\/\/www.europesays.com\/fr\/wp-json\/wp\/v2\/posts"}],"about":[{"href":"https:\/\/www.europesays.com\/fr\/wp-json\/wp\/v2\/types\/post"}],"author":[{"embeddable":true,"href":"https:\/\/www.europesays.com\/fr\/wp-json\/wp\/v2\/users\/2"}],"replies":[{"embeddable":true,"href":"https:\/\/www.europesays.com\/fr\/wp-json\/wp\/v2\/comments?post=670999"}],"version-history":[{"count":0,"href":"https:\/\/www.europesays.com\/fr\/wp-json\/wp\/v2\/posts\/670999\/revisions"}],"wp:featuredmedia":[{"embeddable":true,"href":"https:\/\/www.europesays.com\/fr\/wp-json\/wp\/v2\/media\/671000"}],"wp:attachment":[{"href":"https:\/\/www.europesays.com\/fr\/wp-json\/wp\/v2\/media?parent=670999"}],"wp:term":[{"taxonomy":"category","embeddable":true,"href":"https:\/\/www.europesays.com\/fr\/wp-json\/wp\/v2\/categories?post=670999"},{"taxonomy":"post_tag","embeddable":true,"href":"https:\/\/www.europesays.com\/fr\/wp-json\/wp\/v2\/tags?post=670999"}],"curies":[{"name":"wp","href":"https:\/\/api.w.org\/{rel}","templated":true}]}}