{"id":671005,"date":"2026-01-17T23:07:11","date_gmt":"2026-01-17T23:07:11","guid":{"rendered":"https:\/\/www.europesays.com\/fr\/671005\/"},"modified":"2026-01-17T23:07:11","modified_gmt":"2026-01-17T23:07:11","slug":"piste-championnat-de-france-elite-j2-classements-actualite","status":"publish","type":"post","link":"https:\/\/www.europesays.com\/fr\/671005\/","title":{"rendered":"Piste &#8211; Championnat de France &#8211; \u00c9lite &#8211; J2 : Classements &#8211; Actualit\u00e9"},"content":{"rendered":"<p style=\"text-align: justify;\">Le Championnat de France sur Piste \u00c9lite se dispute du vendredi 16 au dimanche 18 janvier au V\u00e9lodrome du CREPS R\u00e9gion Centre-Val de Loire de Bourges (Cher). Retrouvez ci-dessous les classements de la deuxi\u00e8me journ\u00e9e.<\/p>\n<p style=\"text-align: justify;\"><strong>Classements :<\/strong><br \/><strong>Hommes :<\/strong><br \/><strong>Poursuite Individuelle<br \/><\/strong>1. BESNIER Erwan LC53 Temps Serie : 04&rsquo;13\u00a0\u00bb730 Temps Finale : 04&rsquo;13\u00a0\u00bb674<br \/>2. RIBEIRO DA CRUZ Mathias VVB Temps Serie : 04&rsquo;14\u00a0\u00bb500 Temps Finale : 04&rsquo;14\u00a0\u00bb835<br \/>3. ROYER Luc BRET Temps Serie : 04&rsquo;15\u00a0\u00bb537 Temps Finale : 04&rsquo;14\u00a0\u00bb494<br \/>4. POMMELET Hugo KPS Temps Serie : 04&rsquo;20\u00a0\u00bb862 rejoint \u00e0 3,2 km<br \/>5. CARREAU Dorian BMCY Temps Serie : 04&rsquo;21\u00a0\u00bb045<br \/>6. MONMASSON Guillaume ACBB Temps Serie : 04&rsquo;23\u00a0\u00bb206<br \/>7. MENANTEAU Lucas VDU Temps Serie : 04&rsquo;25\u00a0\u00bb182\u00a0<br \/>8. DUPE Mathieu LC53 Temps Serie : 04&rsquo;25\u00a0\u00bb559\u00a0<br \/>9. MARCOUX Nathan UCPLP Temps Serie : 04&rsquo;27\u00a0\u00bb504\u00a0<br \/>10. LE NORMAND LUCAS Z\u00e9phirin BRET Temps Serie : 04&rsquo;27\u00a0\u00bb812<br \/>11. FRIOT Jules ISC Temps Serie : 04&rsquo;29\u00a0\u00bb504<br \/>12. GAYANT Lancelot TULH Temps Serie : 04&rsquo;30\u00a0\u00bb326<br \/>13. NILSSON JULIEN Oscar AIX Temps Serie : 04&rsquo;33\u00a0\u00bb036<br \/>14. GUEMY Lucas EHTPM Temps Serie : 04&rsquo;36\u00a0\u00bb720<br \/>15. LANDERNEAU Melvin KPS Temps Serie : 04&rsquo;39\u00a0\u00bb893<br \/>16. ROLLAND Yan IDFR Temps Serie : 04&rsquo;45\u00a0\u00bb236<br \/>17. BARON Adrien CCP Temps Serie : 04&rsquo;47\u00a0\u00bb476<br \/><strong><br \/><\/strong><strong>Course aux points<br \/><\/strong>1. NILSSON JULIEN Oscar AIX les 30 km en 33&rsquo;56\u00a0\u00bb (moy. 53,045 km\/h) 73 Pts<br \/>2. CARREAU Dorian BMC 53 Pts<br \/>3. RIBEIRO DA CRUZ Mathias VVB 52 Pts<br \/>4. POUVREAULT Gregory VCT 50 Pts<br \/>5. TABELLION Valentin AIX 50 Pts<br \/>6. MAURY Adrien TBT 45 Pts<br \/>7. PETIT Cl\u00e9ment VCR 39 Pts<br \/>8. BOUTRON Nathana\u00ebl ACB 37 Pts<br \/>9. KEROUEDAN Quentin BRE 25 Pts<br \/>10. DAVY Cl\u00e9ment NMC 8 Pts<br \/>11. GAYANT Lancelot TULH -15 Pts<br \/>12. MONMASSON Guillaume ACB -15 Pts<br \/>13. SAGNIER Karl CGF -20 Pts<br \/>14. ROULOT No\u00e9 TTBL -36 Pts<\/p>\n<p><strong>Abandons :<\/strong><br \/>PERLEAUX Dorian UCC<br \/>FOULON Dorian COC<br \/>BARON Mathis MPV<br \/>BRIOUX Christophe TBT<br \/>TESSON Jason TEN<br \/>POMMELET Hugo KPS<\/p>\n<p><strong>Keirin<br \/><\/strong>1. DERACHE Tom VC ROUBAIX LILLE METROPOLE\u00a0<br \/>2. HELAL Rayan SALON CYCLOSPORT\u00a0<br \/>3. VIGIER S\u00e9bastien US CRETEIL CYCLISME\u00a0<br \/>4. SYLVANISE Matthias US CRETEIL CYCLISME U23<br \/>5. CARON Oscar VC ROUBAIX LILLE METROPOLE\u00a0<br \/>6. OLIVIERO Etienne US CRETEIL CYCLISME U23<br \/>&#8230;<br \/>7. GRENGBO Florian CYCLING TEAM 01\u00a0<br \/>8. LECLERC Enzo KRONOS PARIS-SACLAY U23<br \/>9. GILLION Timmy VC ELANCOURT ST QUENTIN EN\u00a0<br \/>10. LAUGIER Nicolas US CRETEIL CYCLISME U23<br \/>11. SALAUN Herve KRONOS PARIS-SACLAY U23<br \/>12. GROS Cl\u00e9ment SALON CYCLOSPORT U23<br \/>&#8230;<br \/>13. FUHRMANN Louis KRONOS PARIS-SACLAY U23<br \/>\u00a0\u00bb COLSENET Mat\u00e9o VC ROUBAIX LILLE METROPOLE\u00a0<br \/>\u00a0\u00bb LABBE Lucas CYCLING TEAM 01\u00a0<br \/>\u00a0\u00bb DUBLE Arnaud EKOI NTT\u00a0<br \/>17. POTEAU Alexandre TEAM TRACK ELITE BLB MF DOLTCINI\u00a0<br \/>\u00a0\u00bb CAMERON Tom TEAM TRACK ELITE BLB MF DOLTCINI U23<br \/>\u00a0\u00bb LYONNET Maxence CYCLING TEAM 01 U23<br \/>\u00a0\u00bb GERNIGON Erwan KRONOS PARIS-SACLAY\u00a0<br \/>21. RABOURDIN Cameron VC PITHIVIERS U23<br \/>\u00a0\u00bb BEAUCART Jean-Philippe TEAM TRACK ELITE BLB MF DOLTCINI<br \/><strong><br \/>F\u00e9minines :<\/strong><br \/><strong>Scratch<br \/><\/strong>1. DEMAY Coralie BRETAGNE les 10 km en 12&rsquo;14\u00a0\u00bb (moy. 49,046 km\/h)<br \/>2. GOERGEN Oc\u00e9ane VEND\u00c9E F\u00c9MININES-RVC\u00a0<br \/>3. BOULAIS Flavie VEND\u00c9E F\u00c9MININES-RVC\u00a0<br \/>4. DUPIN M\u00e9lanie TEAM TRACK ELITE BLB MF DOLTCINI\u00a0<br \/>5. MARCHAND Constance VC ELANCOURT ST QUENTIN EN YVELINES\u00a0<br \/>6. ROUAT Ilona MA PETITE ENTREPRISE\u00a0<br \/>7. CABOT Elina EKOI NTT\u00a0<br \/>8. PHILIPPE Eva SPRINTEUR CLUB FEMININ\u00a0<br \/>9. ROUAT Jessica BRETAGNE\u00a0<br \/>10. TABU L\u00e9ane TEAM ABADIE MAGNAN\u00a0<br \/>11. DEMAY Violette CHAMBERY C. COMPETITION\u00a0<br \/>12. POMARES Cindy O\u2019SHEA REDCHILLI BIKES\u00a0<br \/>13. CASSIER Claire VC ELANCOURT ST QUENTIN EN YVELINES\u00a0<br \/>14. TESSIER Cl\u00e9mentine TEAM AVESNOIS\u00a0<br \/>15. MAHIEU L\u00e9onie LANESTER WOMEN MORBIHAN<br \/>16. LALLEMANT Lara KRONOS PARIS-SACLAY\u00a0<br \/>17. LEVITE Myriam V.C. PRAZ SUR ARLY\u00a0<br \/>18. ROBIC Angelina TEAM ELLES <strong\/><\/p>\n<p>Abandon : \u00a0<br \/>VASSEUR P\u00e9rine SPRINTEUR CLUB FEMININ<strong\/><\/p>\n<p><strong>\u00c9limination<br \/><\/strong>1. DUPIN M\u00e9lanie TEAM TRACK ELITE BLB MF DOLTCINI<br \/>2. GOERGEN Oc\u00e9ane VEND\u00c9E F\u00c9MININES-RVC\u00a0<br \/>3. TABU L\u00e9ane TEAM ABADIE MAGNAN<br \/>4. MAHIEU L\u00e9onie LANESTER WOMEN MORBIHAN<br \/>5. ROUAT Ilona MA PETITE ENTREPRISE<br \/>6. LEVITE Myriam V.C. PRAZ SUR ARLY<br \/>7. DEMAY Coralie BRETAGNE<br \/>8. DEMAY Violette CHAMBERY C. COMPETITION<br \/>9. ROBIC Angelina TEAM ELLES<br \/>10. BIHAN Zo\u00e9 BRETAGNE<br \/>11. SIMON Il\u00e9na BRETAGNE<br \/>12. MARCHAND Constance VC ELANCOURT ST QUENTIN EN<br \/>13. BOULAIS Flavie VEND\u00c9E F\u00c9MININES-RVC\u00a0<br \/>14. CASSIER Claire VC ELANCOURT ST QUENTIN EN<br \/>15. KARPP Romane SPRINTEUR CLUB FEMININ<br \/>16. POMARES Cindy O\u2019SHEA REDCHILLI BIKES<br \/>17. ROUAT Jessica BRETAGNE<br \/>18. VERREAUX Lucie SPRINTEUR CLUB FEMININ<br \/>19. PHILIPPE Eva SPRINTEUR CLUB FEMININ<br \/><strong><br \/><\/strong><strong>Am\u00e9ricaine<br \/><\/strong>1. BRETAGNE-1 les 20 km en 24&rsquo;27&rsquo; (moy. 49,080 km\/h) 63 Pts<br \/>ROUAT Ilona &#8211; ROUAT Jessica<br \/>2. BRETAGNE-2 48 Pts<br \/>DEMAY Coralie &#8211; CHEREAU Cl\u00e9mence<br \/>3. VEND\u00c9E F\u00c9MININES-RVC 21 Pts<br \/>BOULAIS Flavie &#8211; GOERGEN Oc\u00e9ane<br \/>4. ILE-DE-FRANCE 5 Pts<br \/>LALLEMANT Lara &#8211; MARCHAND Constance<br \/>5. SPRINTEUR CLUB FEMININ -76 Pts<br \/>KARPP Romane &#8211; PHILIPPE Eva<strong><br \/><\/strong><\/p>\n<p>Source : <a href=\"https:\/\/les5e-resultats.fr\/\" target=\"_blank\" rel=\"noopener\">les5e-resultats.fr<\/a><\/p>\n","protected":false},"excerpt":{"rendered":"Le Championnat de France sur Piste \u00c9lite se dispute du vendredi 16 au dimanche 18 janvier au V\u00e9lodrome&hellip;\n","protected":false},"author":2,"featured_media":671006,"comment_status":"","ping_status":"","sticky":false,"template":"","format":"standard","meta":{"footnotes":""},"categories":[1411],"tags":[834,828,836,829,837,827,83,826,824,823,1154,207,814,817,815,816,822,821,832,211,839,1011,27,820,818,819,835,831,830,833,838,60,212,208,825],"class_list":{"0":"post-671005","1":"post","2":"type-post","3":"status-publish","4":"format-standard","5":"has-post-thumbnail","7":"category-cyclisme","8":"tag-attaque","9":"tag-belgique","10":"tag-braquet","11":"tag-bretagne","12":"tag-chute","13":"tag-competition","14":"tag-coupe-de-france","15":"tag-coureur","16":"tag-course-cyclisme","17":"tag-course-cycliste","18":"tag-cycling","19":"tag-cyclisme","20":"tag-direct","21":"tag-direct-velo","22":"tag-directvelo","23":"tag-directvelo-com","24":"tag-epreuve","25":"tag-epreuve-cycliste","26":"tag-federation-francaise-de-cyclisme","27":"tag-ffc","28":"tag-flandres","29":"tag-fr","30":"tag-france","31":"tag-live","32":"tag-live-course","33":"tag-live-epreuve","34":"tag-peloton","35":"tag-radio-peloton","36":"tag-radio-tour","37":"tag-ravitaillement","38":"tag-relance","39":"tag-sports","40":"tag-uci","41":"tag-velo","42":"tag-velos"},"share_on_mastodon":{"url":"https:\/\/pubeurope.com\/@fr\/115912956062992156","error":""},"_links":{"self":[{"href":"https:\/\/www.europesays.com\/fr\/wp-json\/wp\/v2\/posts\/671005","targetHints":{"allow":["GET"]}}],"collection":[{"href":"https:\/\/www.europesays.com\/fr\/wp-json\/wp\/v2\/posts"}],"about":[{"href":"https:\/\/www.europesays.com\/fr\/wp-json\/wp\/v2\/types\/post"}],"author":[{"embeddable":true,"href":"https:\/\/www.europesays.com\/fr\/wp-json\/wp\/v2\/users\/2"}],"replies":[{"embeddable":true,"href":"https:\/\/www.europesays.com\/fr\/wp-json\/wp\/v2\/comments?post=671005"}],"version-history":[{"count":0,"href":"https:\/\/www.europesays.com\/fr\/wp-json\/wp\/v2\/posts\/671005\/revisions"}],"wp:featuredmedia":[{"embeddable":true,"href":"https:\/\/www.europesays.com\/fr\/wp-json\/wp\/v2\/media\/671006"}],"wp:attachment":[{"href":"https:\/\/www.europesays.com\/fr\/wp-json\/wp\/v2\/media?parent=671005"}],"wp:term":[{"taxonomy":"category","embeddable":true,"href":"https:\/\/www.europesays.com\/fr\/wp-json\/wp\/v2\/categories?post=671005"},{"taxonomy":"post_tag","embeddable":true,"href":"https:\/\/www.europesays.com\/fr\/wp-json\/wp\/v2\/tags?post=671005"}],"curies":[{"name":"wp","href":"https:\/\/api.w.org\/{rel}","templated":true}]}}