{"id":671013,"date":"2026-01-17T23:12:11","date_gmt":"2026-01-17T23:12:11","guid":{"rendered":"https:\/\/www.europesays.com\/fr\/671013\/"},"modified":"2026-01-17T23:12:11","modified_gmt":"2026-01-17T23:12:11","slug":"tf1-defend-sa-mission-de-cohesion-nationale-face-aux-medias-bollore","status":"publish","type":"post","link":"https:\/\/www.europesays.com\/fr\/671013\/","title":{"rendered":"TF1 d\u00e9fend sa mission de \u00ab coh\u00e9sion nationale \u00bb face aux m\u00e9dias Bollor\u00e9"},"content":{"rendered":"<p class=\"paragraph text_align_left lp-f-body-02\">\u00ab Nous ne sommes au service d\u2019aucun homme, d\u2019aucun parti. \u00bb Le patron de TF1 <a href=\"https:\/\/www.leparisien.fr\/culture-loisirs\/tv\/tf1-qui-est-rodolphe-belmer-le-nouveau-patron-du-groupe-23-09-2022-INMMVZDLQJEMJGKYZ2U7XJV54A.php\" target=\"_self\" rel=\"noopener\">Rodolphe Belmer<\/a> d\u00e9fend un \u00ab positionnement \u00e9ditorial (\u2026) tr\u00e8s diff\u00e9rent \u00bb des m\u00e9dias de la <a href=\"https:\/\/www.leparisien.fr\/culture-loisirs\/tv\/aucun-precedent-comparable-cinq-minutes-pour-comprendre-la-guerre-entre-le-service-public-et-les-medias-bollore-18-09-2025-TQ266NY4MZEE5NQFO2EJUJWDXQ.php\" target=\"_self\" rel=\"noopener\">galaxie Bollor\u00e9<\/a>, dans un entretien paru samedi sur <a href=\"https:\/\/programmetv.ouest-france.fr\/chaines\/programme-tv-tf1-192\/entretien-arrivee-sur-netflix-succes-de-star-academy-tensions-dans-laudiovisuel-le-pdg-de-tf1-detaille-sa-strategie-3ed62d06-f188-11f0-977d-9ddad21d78c7\" target=\"_blank\" rel=\"noreferrer noopener\">le site de Ouest-France<\/a>.<\/p>\n<p class=\"\">\u00ab Le positionnement \u00e9ditorial des m\u00e9dias du groupe Bollor\u00e9 est tr\u00e8s diff\u00e9rent du n\u00f4tre. La mission sociale de TF1, c\u2019est d\u2019informer et de contribuer au bon fonctionnement d\u00e9mocratique. Mais aussi d\u2019\u00eatre un acteur de la coh\u00e9sion nationale \u00bb, affirme le PDG du groupe priv\u00e9 dans cette interview.<\/p>\n<p class=\"\">\u00ab Nous ne sommes au service d\u2019aucun homme, d\u2019aucun parti, d\u2019aucune id\u00e9ologie et nous ne cherchons pas \u00e0 fa\u00e7onner l\u2019opinion (\u2026) Nous, on ne souhaite pas attiser les tensions ou souffler sur les braises \u00bb, ajoute-t-il.<\/p>\n<p>\u00ab Au service de tous les Fran\u00e7ais \u00bb<\/p>\n<p class=\"\">Selon lui, \u00ab le d\u00e9bat est clos \u00bb sur le fait de savoir si <a href=\"https:\/\/www.leparisien.fr\/culture-loisirs\/tv\/cest-indefendable-et-honteux-le-maintien-de-jean-marc-morandini-a-lantenne-fait-grincer-des-dents-chez-cnews-15-01-2026-7VTRWYXEVRC6HLMJYQ5X5TAQM4.php\" target=\"_self\" rel=\"noopener\">CNews<\/a> est une \u00ab cha\u00eene d\u2019opinion \u00bb \u2014 ce que la loi interdit \u2014 car \u00ab le Conseil d\u2019\u00c9tat, dans un jugement r\u00e9cent, a consid\u00e9r\u00e9 que ce n\u2019\u00e9tait pas une cha\u00eene d\u2019opinion \u00bb. \u00ab Disons qu\u2019il s\u2019agit d\u2019un projet \u00e9ditorial engag\u00e9, ex\u00e9cut\u00e9 dans les clous de la l\u00e9galit\u00e9 \u00bb, poursuit-il.<\/p>\n<p class=\"\">Les r\u00e8gles interdisant les cha\u00eenes d\u2019opinion \u00ab datent de 1986 et sont totalement obsol\u00e8tes \u00bb, juge-t-il par ailleurs, en faisant valoir que \u00ab des journaux de presse \u00e9crite ont des couleurs politiques \u00bb.<\/p>\n<p class=\"\">\u00ab C\u2019est d\u2019un autre \u00e2ge d\u2019imposer aux cha\u00eenes de t\u00e9l\u00e9vision de ne pas avoir de penchant id\u00e9ologique. Mais, si tel est le cas, il faut l\u2019afficher clairement, dit-il. TF1 n\u2019en a pas, sauf d\u2019\u00eatre au service de tous les Fran\u00e7ais. \u00bb<\/p>\n","protected":false},"excerpt":{"rendered":"\u00ab Nous ne sommes au service d\u2019aucun homme, d\u2019aucun parti. \u00bb Le patron de TF1 Rodolphe Belmer d\u00e9fend&hellip;\n","protected":false},"author":2,"featured_media":671014,"comment_status":"","ping_status":"","sticky":false,"template":"","format":"standard","meta":{"footnotes":""},"categories":[1356],"tags":[872,58,59,1011,27,252,2205,1364],"class_list":{"0":"post-671013","1":"post","2":"type-post","3":"status-publish","4":"format-standard","5":"has-post-thumbnail","7":"category-television","8":"tag-culture-et-loisirs","9":"tag-divertissement","10":"tag-entertainment","11":"tag-fr","12":"tag-france","13":"tag-television","14":"tag-television-medias","15":"tag-tv"},"share_on_mastodon":{"url":"https:\/\/pubeurope.com\/@fr\/115912975717963593","error":""},"_links":{"self":[{"href":"https:\/\/www.europesays.com\/fr\/wp-json\/wp\/v2\/posts\/671013","targetHints":{"allow":["GET"]}}],"collection":[{"href":"https:\/\/www.europesays.com\/fr\/wp-json\/wp\/v2\/posts"}],"about":[{"href":"https:\/\/www.europesays.com\/fr\/wp-json\/wp\/v2\/types\/post"}],"author":[{"embeddable":true,"href":"https:\/\/www.europesays.com\/fr\/wp-json\/wp\/v2\/users\/2"}],"replies":[{"embeddable":true,"href":"https:\/\/www.europesays.com\/fr\/wp-json\/wp\/v2\/comments?post=671013"}],"version-history":[{"count":0,"href":"https:\/\/www.europesays.com\/fr\/wp-json\/wp\/v2\/posts\/671013\/revisions"}],"wp:featuredmedia":[{"embeddable":true,"href":"https:\/\/www.europesays.com\/fr\/wp-json\/wp\/v2\/media\/671014"}],"wp:attachment":[{"href":"https:\/\/www.europesays.com\/fr\/wp-json\/wp\/v2\/media?parent=671013"}],"wp:term":[{"taxonomy":"category","embeddable":true,"href":"https:\/\/www.europesays.com\/fr\/wp-json\/wp\/v2\/categories?post=671013"},{"taxonomy":"post_tag","embeddable":true,"href":"https:\/\/www.europesays.com\/fr\/wp-json\/wp\/v2\/tags?post=671013"}],"curies":[{"name":"wp","href":"https:\/\/api.w.org\/{rel}","templated":true}]}}