{"id":671052,"date":"2026-01-17T23:38:26","date_gmt":"2026-01-17T23:38:26","guid":{"rendered":"https:\/\/www.europesays.com\/fr\/671052\/"},"modified":"2026-01-17T23:38:26","modified_gmt":"2026-01-17T23:38:26","slug":"replay-j16-nationale-rennes-massy-revivez-la-rencontre","status":"publish","type":"post","link":"https:\/\/www.europesays.com\/fr\/671052\/","title":{"rendered":"REPLAY. J16 Nationale. Rennes &#8211; Massy : revivez la rencontre"},"content":{"rendered":"<p>\n                Bonjour et bienvenue sur Rugbyrama pour revivre en vid\u00e9o le match de la 16\u00e8me journ\u00e9e de Nationale entre Rennes et Massy.\n            <\/p>\n<p>Il y a eu du suspense au V\u00e9lodrome de Rennes ce samedi ! Dans un match rendu compliqu\u00e9 par la pluie et dans lequel la d\u00e9bauche d&rsquo;\u00e9nergie a \u00e9t\u00e9 tr\u00e8s importante, ce sont bien les Massicois qui ont r\u00e9alis\u00e9 le gros coup en s&rsquo;imposant apr\u00e8s un final haletant (10-14). Devant au score d\u00e8s la 2e minute de jeu gr\u00e2ce \u00e0 un essai en force de Nolan Piennar\u00a0apr\u00e8s\u00a0jeu au pied de d\u00e9gagement contr\u00e9, les Massicois ont vu les locaux revenir \u00e0 la 27e minute, avec un joli essai de Martin Bertrand.\u00a0<\/p>\n<p>Une d\u00e9fense de fer<\/p>\n<p>Mais juste avant la mi-temps, c&rsquo;est Pierre Trassoudaine qui a donn\u00e9 un avantage d\u00e9cisif aux siens, avec la transformation d&rsquo;Anselme Cellier. Malgr\u00e9 une p\u00e9nalit\u00e9 de Quentin Lalarme, le\u00a0REC ne parvenait jamais \u00e0 revenir, se heurtant \u00e0 la grosse d\u00e9fense des Essonnais. Un dernier en-avant sonnait le glas de leurs espoirs. Avec ce succ\u00e8s pr\u00e9cieux, Massy se retrouve quatri\u00e8me du championnat. Rennes glisse \u00e0 la onzi\u00e8me place et voit la zone rouge de rapprocher.<\/p>\n","protected":false},"excerpt":{"rendered":"Bonjour et bienvenue sur Rugbyrama pour revivre en vid\u00e9o le match de la 16\u00e8me journ\u00e9e de Nationale entre&hellip;\n","protected":false},"author":2,"featured_media":671053,"comment_status":"","ping_status":"","sticky":false,"template":"","format":"standard","meta":{"footnotes":""},"categories":[2821],"tags":[1111,11,829,1777,674,1011,27,4361,12,584,25,68796],"class_list":{"0":"post-671052","1":"post","2":"type-post","3":"status-publish","4":"format-standard","5":"has-post-thumbnail","7":"category-rennes","8":"tag-actu","9":"tag-actualites","10":"tag-bretagne","11":"tag-eu","12":"tag-europe","13":"tag-fr","14":"tag-france","15":"tag-nationale","16":"tag-news","17":"tag-rennes","18":"tag-republique-francaise","19":"tag-rugby-u00e0-xv"},"share_on_mastodon":{"url":"https:\/\/pubeurope.com\/@fr\/115913077850621356","error":""},"_links":{"self":[{"href":"https:\/\/www.europesays.com\/fr\/wp-json\/wp\/v2\/posts\/671052","targetHints":{"allow":["GET"]}}],"collection":[{"href":"https:\/\/www.europesays.com\/fr\/wp-json\/wp\/v2\/posts"}],"about":[{"href":"https:\/\/www.europesays.com\/fr\/wp-json\/wp\/v2\/types\/post"}],"author":[{"embeddable":true,"href":"https:\/\/www.europesays.com\/fr\/wp-json\/wp\/v2\/users\/2"}],"replies":[{"embeddable":true,"href":"https:\/\/www.europesays.com\/fr\/wp-json\/wp\/v2\/comments?post=671052"}],"version-history":[{"count":0,"href":"https:\/\/www.europesays.com\/fr\/wp-json\/wp\/v2\/posts\/671052\/revisions"}],"wp:featuredmedia":[{"embeddable":true,"href":"https:\/\/www.europesays.com\/fr\/wp-json\/wp\/v2\/media\/671053"}],"wp:attachment":[{"href":"https:\/\/www.europesays.com\/fr\/wp-json\/wp\/v2\/media?parent=671052"}],"wp:term":[{"taxonomy":"category","embeddable":true,"href":"https:\/\/www.europesays.com\/fr\/wp-json\/wp\/v2\/categories?post=671052"},{"taxonomy":"post_tag","embeddable":true,"href":"https:\/\/www.europesays.com\/fr\/wp-json\/wp\/v2\/tags?post=671052"}],"curies":[{"name":"wp","href":"https:\/\/api.w.org\/{rel}","templated":true}]}}