{"id":671100,"date":"2026-01-18T00:07:11","date_gmt":"2026-01-18T00:07:11","guid":{"rendered":"https:\/\/www.europesays.com\/fr\/671100\/"},"modified":"2026-01-18T00:07:11","modified_gmt":"2026-01-18T00:07:11","slug":"il-y-a-eu-un-declic-chez-tout-le-monde-estime-hamed-traore-apres-la-victoire","status":"publish","type":"post","link":"https:\/\/www.europesays.com\/fr\/671100\/","title":{"rendered":"\u00ab\u00a0Il y a eu un d\u00e9clic chez tout le monde\u00a0\u00bb, estime Hamed Traor\u00e9 apr\u00e8s la victoire"},"content":{"rendered":"<p>Hamed Traor\u00e9<\/p>\n<p>\u00ab\u00a0\u00c7a fait du bien de marquer et de gagner, on est content. <a href=\"https:\/\/www.laprovence.com\/article\/om\/3683585544249714\/angers-om-2-5-impressionnants-face-aux-angevins-les-olympiens-sortent-du-brouillard\" target=\"_blank\" rel=\"noopener\">La victoire nous tenait \u00e0 c\u0153ur<\/a> pour faire un nouveau d\u00e9part. \u00c7a s&rsquo;est pass\u00e9 comme on le voulait, il faut juste continuer. Personnellement, je suis content d&rsquo;\u00eatre revenu de blessure, je commence \u00e0 retrouver le rythme.<\/p>\n<p><a href=\"https:\/\/www.laprovence.com\/article\/om\/15421417554406\/angers-om-2-5-gouiri-greenwood-traore-et-weah-les-4-fantastiques-olympiens-decouvrez-les-notes\" target=\"_blank\" rel=\"noopener\">Je suis content de mon but, de la victoire<\/a> et, surtout, de la prestation de l&rsquo;\u00e9quipe. Il y a eu un d\u00e9clic chez tout le monde, cette \u00e9quipe a une qualit\u00e9 \u00e9norme, elle peut faire des choses qu&rsquo;on ne soup\u00e7onne m\u00eame pas. On doit continuer \u00e0 travailler.\u00a0\u00bb<\/p>\n","protected":false},"excerpt":{"rendered":"Hamed Traor\u00e9 \u00ab\u00a0\u00c7a fait du bien de marquer et de gagner, on est content. La victoire nous tenait&hellip;\n","protected":false},"author":2,"featured_media":671101,"comment_status":"","ping_status":"","sticky":false,"template":"","format":"standard","meta":{"footnotes":""},"categories":[1586],"tags":[77072,5734,11,77071,3530,77073,1777,674,1779,1011,27,3707,74,12,149,25,3585,1778,364],"class_list":{"0":"post-671100","1":"post","2":"type-post","3":"status-publish","4":"format-standard","5":"has-post-thumbnail","7":"category-europe","8":"tag-2-5","9":"tag-5734","10":"tag-actualites","11":"tag-angers-om","12":"tag-chez","13":"tag-declic","14":"tag-eu","15":"tag-europe","16":"tag-european-union","17":"tag-fr","18":"tag-france","19":"tag-il","20":"tag-monde","21":"tag-news","22":"tag-om","23":"tag-republique-francaise","24":"tag-tout","25":"tag-ue","26":"tag-union-europeenne"},"share_on_mastodon":{"url":"https:\/\/pubeurope.com\/@fr\/115913191788903366","error":""},"_links":{"self":[{"href":"https:\/\/www.europesays.com\/fr\/wp-json\/wp\/v2\/posts\/671100","targetHints":{"allow":["GET"]}}],"collection":[{"href":"https:\/\/www.europesays.com\/fr\/wp-json\/wp\/v2\/posts"}],"about":[{"href":"https:\/\/www.europesays.com\/fr\/wp-json\/wp\/v2\/types\/post"}],"author":[{"embeddable":true,"href":"https:\/\/www.europesays.com\/fr\/wp-json\/wp\/v2\/users\/2"}],"replies":[{"embeddable":true,"href":"https:\/\/www.europesays.com\/fr\/wp-json\/wp\/v2\/comments?post=671100"}],"version-history":[{"count":0,"href":"https:\/\/www.europesays.com\/fr\/wp-json\/wp\/v2\/posts\/671100\/revisions"}],"wp:featuredmedia":[{"embeddable":true,"href":"https:\/\/www.europesays.com\/fr\/wp-json\/wp\/v2\/media\/671101"}],"wp:attachment":[{"href":"https:\/\/www.europesays.com\/fr\/wp-json\/wp\/v2\/media?parent=671100"}],"wp:term":[{"taxonomy":"category","embeddable":true,"href":"https:\/\/www.europesays.com\/fr\/wp-json\/wp\/v2\/categories?post=671100"},{"taxonomy":"post_tag","embeddable":true,"href":"https:\/\/www.europesays.com\/fr\/wp-json\/wp\/v2\/tags?post=671100"}],"curies":[{"name":"wp","href":"https:\/\/api.w.org\/{rel}","templated":true}]}}