{"id":671105,"date":"2026-01-18T00:10:15","date_gmt":"2026-01-18T00:10:15","guid":{"rendered":"https:\/\/www.europesays.com\/fr\/671105\/"},"modified":"2026-01-18T00:10:15","modified_gmt":"2026-01-18T00:10:15","slug":"romain-biaggi-brille-au-concours-mister-france-2026-malgre-sa-defaite","status":"publish","type":"post","link":"https:\/\/www.europesays.com\/fr\/671105\/","title":{"rendered":"Romain Biaggi brille au concours Mister France 2026 malgr\u00e9 sa d\u00e9faite"},"content":{"rendered":"<p>Il portait les couleurs de la Corse au concours Mister France 2026, avec l&rsquo;ambition de d\u00e9crocher l&rsquo;\u00e9charpe. Romain Biaggi, 30 ans, ne succ\u00e9dera finalement pas au Savoyard Mathieu Bedini, qui a remis, ce samedi 17 janvier, son titre \u00e0 Maxence Brovill\u00e9, 26 ans.<\/p>\n<p>Le candidat de la r\u00e9gion Auvergne, visiblement surpris, a \u00e9t\u00e9 sacr\u00e9 \u00e0 23 h 30 au th\u00e9\u00e2tre Andr\u00e9 Malraux \u00e0 Rueil-Malmaison, en r\u00e9gion parisienne. Pr\u00e8s de 1 000 personnes \u00e9taient pr\u00e9sentes pour assister \u00e0 cette grande finale, qui s&rsquo;est jou\u00e9e \u00e0 guichets ferm\u00e9s. Le concours a comptabilis\u00e9 10 000 votes, \u00a0\u00a0\u00bb bien plus que les autres ann\u00e9es \u00ab\u00a0, relate Fran\u00e7ois Deixonne, pr\u00e9sident du comit\u00e9 Mister France.<\/p>\n<p>Pour le repr\u00e9sentant insulaire, c&rsquo;est un m\u00e9lange de fiert\u00e9 et de d\u00e9ception : si certains le disaient favori, il ne termine finalement pas dans le Top 5 des 28 candidats en lice. \u00a0\u00bb Je reste fier de mon parcours, j&rsquo;ai quand m\u00eame gagn\u00e9 l&rsquo;\u00e9charpe de Mister Corse, que je continuerai de repr\u00e9senter cette ann\u00e9e. J&rsquo;ai beaucoup appris gr\u00e2ce \u00e0 cette aventure et je ne regrette rien \u00ab\u00a0, sourit-il, presque soulag\u00e9 de pouvoir rel\u00e2cher la pression.<\/p>\n<p>Un tremplin professionnel<\/p>\n<p>Malgr\u00e9 sa d\u00e9faite, Romain Biaggi a offert un spectacle m\u00e9morable \u00e0 ses proches, venus le soutenir en grande pompe depuis Bastia, accompagn\u00e9s d&rsquo;a Bandera. Il a encha\u00een\u00e9 d\u00e9fil\u00e9s, chor\u00e9graphies endiabl\u00e9es, discours passionn\u00e9s\u2026 Le tout face \u00e0 un public tr\u00e8s r\u00e9ceptif, dans une ambiance survolt\u00e9e. Tandis que certains candidats ont choisi d&rsquo;apprendre leur texte, le candidat corse s&rsquo;est montr\u00e9 spontan\u00e9 lors de sa pr\u00e9sentation : \u00a0\u00bb J&rsquo;ai parl\u00e9 avec le c\u0153ur \u00ab\u00a0, confie-t-il.<\/p>\n<p>Ses parents, pr\u00e9sents dans la salle, \u00e9taient tout aussi impressionn\u00e9s. \u00a0\u00bb Je suis tr\u00e8s fi\u00e8re de lui, il repr\u00e9sente avec \u00e9l\u00e9gance les valeurs de notre \u00eele, je l&rsquo;ai trouv\u00e9 exceptionnel ce soir \u00ab\u00a0, lance Chantal, sa m\u00e8re, tr\u00e8s d\u00e9\u00e7ue. Sa petite amie, \u00e0 l&rsquo;origine de son inscription au concours, \u00e9tait particuli\u00e8rement attrist\u00e9e par le r\u00e9sultat. Ses soutiens ont cru \u00e0 sa victoire jusqu&rsquo;\u00e0 la derni\u00e8re minute.<\/p>\n<p>Ancien combattant de MMA devenu chef d&rsquo;entreprise, Romain Biaggi, Mister Corse 2025, compte bien surfer sur sa lanc\u00e9e. Apr\u00e8s un r\u00f4le dans la s\u00e9rie Plaine orientale diffus\u00e9e sur Canal+ et dans le moyen m\u00e9trage A Morra, sa visibilit\u00e9 a bondi gr\u00e2ce au concours. Son Instagram vient m\u00eame de franchir le cap des 10 000 followers. \u00a0\u00bb Le concours m&rsquo;a vraiment fait gagner en visibilit\u00e9, \u00e7a m&rsquo;encourage \u00e0 continuer dans la mode et le cin\u00e9ma ! \u00ab\u00a0, s&rsquo;enthousiasme le repr\u00e9sentant de la beaut\u00e9 masculine made in Corsica, qui n&rsquo;a visiblement pas fini de faire parler de lui.<\/p>\n","protected":false},"excerpt":{"rendered":"Il portait les couleurs de la Corse au concours Mister France 2026, avec l&rsquo;ambition de d\u00e9crocher l&rsquo;\u00e9charpe. Romain&hellip;\n","protected":false},"author":2,"featured_media":671106,"comment_status":"","ping_status":"","sticky":false,"template":"","format":"standard","meta":{"footnotes":""},"categories":[4],"tags":[5734,11,77074,19042,903,1687,1011,27,50973,12,25,18140],"class_list":{"0":"post-671105","1":"post","2":"type-post","3":"status-publish","4":"format-standard","5":"has-post-thumbnail","7":"category-france","8":"tag-5734","9":"tag-actualites","10":"tag-biaggi","11":"tag-brille","12":"tag-concours","13":"tag-culture-loisirs","14":"tag-fr","15":"tag-france","16":"tag-mister","17":"tag-news","18":"tag-republique-francaise","19":"tag-romain"},"share_on_mastodon":{"url":"https:\/\/pubeurope.com\/@fr\/115913203574445462","error":""},"_links":{"self":[{"href":"https:\/\/www.europesays.com\/fr\/wp-json\/wp\/v2\/posts\/671105","targetHints":{"allow":["GET"]}}],"collection":[{"href":"https:\/\/www.europesays.com\/fr\/wp-json\/wp\/v2\/posts"}],"about":[{"href":"https:\/\/www.europesays.com\/fr\/wp-json\/wp\/v2\/types\/post"}],"author":[{"embeddable":true,"href":"https:\/\/www.europesays.com\/fr\/wp-json\/wp\/v2\/users\/2"}],"replies":[{"embeddable":true,"href":"https:\/\/www.europesays.com\/fr\/wp-json\/wp\/v2\/comments?post=671105"}],"version-history":[{"count":0,"href":"https:\/\/www.europesays.com\/fr\/wp-json\/wp\/v2\/posts\/671105\/revisions"}],"wp:featuredmedia":[{"embeddable":true,"href":"https:\/\/www.europesays.com\/fr\/wp-json\/wp\/v2\/media\/671106"}],"wp:attachment":[{"href":"https:\/\/www.europesays.com\/fr\/wp-json\/wp\/v2\/media?parent=671105"}],"wp:term":[{"taxonomy":"category","embeddable":true,"href":"https:\/\/www.europesays.com\/fr\/wp-json\/wp\/v2\/categories?post=671105"},{"taxonomy":"post_tag","embeddable":true,"href":"https:\/\/www.europesays.com\/fr\/wp-json\/wp\/v2\/tags?post=671105"}],"curies":[{"name":"wp","href":"https:\/\/api.w.org\/{rel}","templated":true}]}}