{"id":671164,"date":"2026-01-18T00:56:13","date_gmt":"2026-01-18T00:56:13","guid":{"rendered":"https:\/\/www.europesays.com\/fr\/671164\/"},"modified":"2026-01-18T00:56:13","modified_gmt":"2026-01-18T00:56:13","slug":"eloge-des-fleuves-a-la-folle-journee-de-nantes","status":"publish","type":"post","link":"https:\/\/www.europesays.com\/fr\/671164\/","title":{"rendered":"Eloge des fleuves \u00e0 \u00a0\u00bbLa Folle Journ\u00e9e\u00a0\u00bb de Nantes"},"content":{"rendered":"<p itemprop=\"description\">La Cit\u00e9 des Congr\u00e8s de Nantes bient\u00f4t en f\u00eate, pour c\u00e9l\u00e9brer la musique, au travers de pr\u00e8s de 300 concerts, pendant 5 jours de festival.<\/p>\n<p>        La 32\u1d49 \u00e9dition de \u2018\u2018La Folle Journ\u00e9e\u2019\u2019 de Nantes se pr\u00e9pare. Plus de 50 concerts par jour pendant 5 jours, 2000 artistes et des concerts de 45 minutes qui s&rsquo;encha\u00eenent facilement, puisque le festival se d\u00e9roule dans un lieu unique\u202f: la Cit\u00e9 des Congr\u00e8s de Nantes. Le lieu fourmille de spectateurs qui se rendent d&rsquo;un spectacle \u00e0 l&rsquo;autre, en croisant les musiciens programm\u00e9s dans le festival. C&rsquo;est un peu une \u00ab\u202fagora de la musique classique\u202f\u00bb, comme le pr\u00e9sente le directeur de cette 32\u1d49 \u00e9dition, Fran\u00e7ois Gabory.<\/p>\n<p>Apr\u00e8s une th\u00e9matique sur les \u2018\u2018villes phares\u2019\u2019 l&rsquo;an dernier, La Folle Journ\u00e9e propose un mill\u00e9sime 2026 qui en est la suite logique, consacr\u00e9e aux fleuves. L&rsquo;occasion de voyages musicaux sur les cinq continents. Au bord de la Tamise pour les \u2018\u2018Water Music\u2019\u2019 de Handel, au bord du Nil avec le \u2018\u2018Concerto \u00e9gyptien\u2019\u2019 de Saint-Sa\u00ebns, du Jourdain pour des cantates de Bach, de la Volga pour des chants folkloriques russes, du Guadalquivir pour des performances de castagnettes, ou encore, forc\u00e9ment, au bord du Danube, si remarquablement c\u00e9l\u00e9br\u00e9 en musique. <\/p>\n<p>Les fleuves c&rsquo;est \u00e9videmment un sujet tr\u00e8s inspirant pour la musique classique, explique Fran\u00e7ois Gabory\u202f: \u00ab\u202fLa g\u00e9ographie se construit avec l&rsquo;histoire et la musique classique c&rsquo;est une musique qui raconte des histoires. Effectivement, en Europe centrale, le Danube \u00e7a para\u00eet \u00eatre une \u00e9vidence pour tout le monde, on parle du \u2018\u2018Beau Danube Bleu\u2019\u2019, parce que toute la famille Strauss s&rsquo;est \u00e9norm\u00e9ment inspir\u00e9e de son univers proche. Mais la musique jou\u00e9e du festival n&rsquo;est pas que cantonn\u00e9e \u00e0 l&rsquo;Europe.\u202f\u00bb<\/p>\n<p>La th\u00e9matique de cette Folle Journ\u00e9e va en effet permettre d&rsquo;aller aussi sur le Mississippi. \u00ab\u202fAux Etats-Unis, autour du Mississippi, nous avons le berceau du gospel, et du jazz, qui ont nourri la musique classique,\u202f\u00bb s&rsquo;enthousiasme le directeur de l&rsquo;\u00e9v\u00e8nement, qui \u00e9voque aussi le fleuve Jaune, deuxi\u00e8me plus long fleuve de Chine, ayant inspir\u00e9 le compositeur Xian Xinghai (1905-1945). <\/p>\n<p>Du mercredi 28 janvier au dimanche 1er f\u00e9vrier, la Cit\u00e9 des Congr\u00e8s de Nantes sera donc une ville dans la ville, un lieu de f\u00eate, d&rsquo;\u00e9blouissement, o\u00f9 chaque ann\u00e9e, le taux de remplissage est d&rsquo;environ 90%, un chiffre \u00e0 faire p\u00e2lir des salles de concerts reconnues. Il faut dire que la grande machine qu&rsquo;est La Folle Journ\u00e9e, au bout de 32 \u00e9ditions, est d\u00e9cid\u00e9ment bien huil\u00e9e (malgr\u00e9 le retrait total des subventions de la r\u00e9gion Pays de la Loire). Pr\u00e8s de 300 techniciens, 300 b\u00e9n\u00e9voles, mais aussi la pr\u00e9sence de luthiers, d&rsquo;accordeurs et d&rsquo;indispensables kin\u00e9s et ost\u00e9os aident au bon d\u00e9roulement de la manifestation.    <\/p>\n","protected":false},"excerpt":{"rendered":"La Cit\u00e9 des Congr\u00e8s de Nantes bient\u00f4t en f\u00eate, pour c\u00e9l\u00e9brer la musique, au travers de pr\u00e8s de&hellip;\n","protected":false},"author":2,"featured_media":671165,"comment_status":"","ping_status":"","sticky":false,"template":"","format":"standard","meta":{"footnotes":""},"categories":[2818],"tags":[1111,11,10334,4413,11911,4394,28406,1777,674,4768,77085,14898,1011,27,3465,766,12,2636,25],"class_list":{"0":"post-671164","1":"post","2":"type-post","3":"status-publish","4":"format-standard","5":"has-post-thumbnail","7":"category-nantes","8":"tag-actu","9":"tag-actualites","10":"tag-bientot","11":"tag-celebrer","12":"tag-cite","13":"tag-congres","14":"tag-eloge","15":"tag-eu","16":"tag-europe","17":"tag-fete","18":"tag-fleuves","19":"tag-folle","20":"tag-fr","21":"tag-france","22":"tag-journee","23":"tag-nantes","24":"tag-news","25":"tag-pays-de-la-loire","26":"tag-republique-francaise"},"share_on_mastodon":{"url":"https:\/\/pubeurope.com\/@fr\/115913384596268011","error":""},"_links":{"self":[{"href":"https:\/\/www.europesays.com\/fr\/wp-json\/wp\/v2\/posts\/671164","targetHints":{"allow":["GET"]}}],"collection":[{"href":"https:\/\/www.europesays.com\/fr\/wp-json\/wp\/v2\/posts"}],"about":[{"href":"https:\/\/www.europesays.com\/fr\/wp-json\/wp\/v2\/types\/post"}],"author":[{"embeddable":true,"href":"https:\/\/www.europesays.com\/fr\/wp-json\/wp\/v2\/users\/2"}],"replies":[{"embeddable":true,"href":"https:\/\/www.europesays.com\/fr\/wp-json\/wp\/v2\/comments?post=671164"}],"version-history":[{"count":0,"href":"https:\/\/www.europesays.com\/fr\/wp-json\/wp\/v2\/posts\/671164\/revisions"}],"wp:featuredmedia":[{"embeddable":true,"href":"https:\/\/www.europesays.com\/fr\/wp-json\/wp\/v2\/media\/671165"}],"wp:attachment":[{"href":"https:\/\/www.europesays.com\/fr\/wp-json\/wp\/v2\/media?parent=671164"}],"wp:term":[{"taxonomy":"category","embeddable":true,"href":"https:\/\/www.europesays.com\/fr\/wp-json\/wp\/v2\/categories?post=671164"},{"taxonomy":"post_tag","embeddable":true,"href":"https:\/\/www.europesays.com\/fr\/wp-json\/wp\/v2\/tags?post=671164"}],"curies":[{"name":"wp","href":"https:\/\/api.w.org\/{rel}","templated":true}]}}