{"id":67125,"date":"2025-05-01T14:56:13","date_gmt":"2025-05-01T14:56:13","guid":{"rendered":"https:\/\/www.europesays.com\/fr\/67125\/"},"modified":"2025-05-01T14:56:13","modified_gmt":"2025-05-01T14:56:13","slug":"verstappen-absent-du-paddock-a-la-veille-du-gp-de-miami","status":"publish","type":"post","link":"https:\/\/www.europesays.com\/fr\/67125\/","title":{"rendered":"Verstappen absent du paddock \u00e0 la veille du GP de Miami"},"content":{"rendered":"<p>Tout en prenant soin de pr\u00e9server au maximum l&rsquo;intimit\u00e9 du quadruple champion du monde en titre et de sa famille, l&rsquo;\u00e9curie <a href=\"https:\/\/fr.motorsport.com\/team\/red-bull\/553\/\" target=\"_blank\" rel=\"noopener\">Red Bull<\/a> a fait savoir que <a href=\"https:\/\/fr.motorsport.com\/driver\/max-verstappen\/93029\/\" target=\"_blank\" rel=\"noopener\">Max Verstappen<\/a> ne serait pas pr\u00e9sent dans le paddock de Miami ce jeudi, \u00e0 la veille du Grand Prix disput\u00e9 \u00e0 partir de vendredi en Floride.<\/p>\n<p>Sa participation \u00e0 ce <a href=\"https:\/\/fr.motorsport.com\/f1\/schedule\/2025\/?event_types%5B%5D=race\" target=\"_self\" rel=\"noopener\">cinqui\u00e8me rendez-vous de la saison<\/a> n&rsquo;est toutefois pas remise en cause, et le N\u00e9erlandais est bien attendu au volant de la RB21 \u00e0 partir des essais libres vendredi, qui seront suivis des qualifications sprint.<\/p>\n<p>Max Verstappen et sa compagne Kelly Piquet, fille tu triple champion du monde br\u00e9silien <a href=\"https:\/\/fr.motorsport.com\/driver\/nelson-piquet\/77068\/\" target=\"_blank\" rel=\"noopener\">Nelson Piquet<\/a>, attendent un heureux \u00e9v\u00e9nement et, sans donner de d\u00e9tail, Red Bull a choisi d&rsquo;officialiser simplement l&rsquo;absence de son pilote devant les m\u00e9dias.<\/p>\n<p>\u00ab\u00a0Veuillez noter que Max ne participera pas \u00e0 la journ\u00e9e m\u00e9dias \u00e0 Miami, car il attend la naissance de son enfant\u00a0\u00bb, a sobrement indiqu\u00e9 Red Bull en d\u00e9but de journ\u00e9e sur place, o\u00f9 le d\u00e9calage horaire avec la France est de six heures. \u00ab\u00a0Tout va bien, et il sera pr\u00e9sent d\u00e8s demain sur le circuit pour le week-end de course. Aucun autre commentaire ne sera fait pour le moment, par respect pour la vie priv\u00e9e de Max et de sa famille.\u00a0\u00bb<\/p>\n<p>La journ\u00e9e du jeudi est en effet traditionnellement r\u00e9serv\u00e9e aux conf\u00e9rences de presse et aux rencontres avec les journalistes, mais il faudra donc faire sans les commentaires de celui qui occupe actuellement <a href=\"https:\/\/fr.motorsport.com\/f1\/standings\/2025\/?type=Driver&amp;class=\" target=\"_self\" rel=\"noopener\">la troisi\u00e8me place du championnat pilotes<\/a>, \u00e0 12 points du leader <a href=\"https:\/\/fr.motorsport.com\/driver\/oscar-piastri\/835356\/\" target=\"_blank\" rel=\"noopener\">Oscar Piastri<\/a>.<\/p>\n<p>Le Grand Prix de Miami est le deuxi\u00e8me de l&rsquo;ann\u00e9e \u00e0 se d\u00e9rouler avec un format sprint, qui complique toujours la t\u00e2che des \u00e9curies et des pilotes puisqu&rsquo;il est n\u00e9cessaire de mettre le doigt sur les bons r\u00e9glages d\u00e8s la premi\u00e8re s\u00e9ance d&rsquo;essais. Le parc ferm\u00e9 est n\u00e9anmoins rouvert pour permettre quelques changements le samedi, entre le sprint et la s\u00e9ance de qualifications pour le Grand Prix.<\/p>\n<p><a class=\"widget-link-button\" href=\"https:\/\/fr.motorsport.com\/f1\/galleries\/livrees-speciales-gp-miami-2025\/7643\/\" target=\"_self\" rel=\"noopener\">D\u00e9couvrez les livr\u00e9es sp\u00e9ciales \u00e0 Miami !<\/a><br \/>\nLire aussi :<\/p>\n<p>Dans cet article<\/p>\n<p>    Basile Davoine\n<\/p>\n<p>    Formule 1\n<\/p>\n<p>    Max Verstappen\n<\/p>\n<p>    Red Bull\n<\/p>\n<p>Soyez le premier inform\u00e9 et souscrivez aux alertes mails pour recevoir les infos en temps r\u00e9el<\/p>\n<p>    S&rsquo;abonner aux alertes de news<\/p>\n","protected":false},"excerpt":{"rendered":"Tout en prenant soin de pr\u00e9server au maximum l&rsquo;intimit\u00e9 du quadruple champion du monde en titre et de&hellip;\n","protected":false},"author":2,"featured_media":67126,"comment_status":"","ping_status":"","sticky":false,"template":"","format":"standard","meta":{"footnotes":""},"categories":[1412],"tags":[1451,1452,1453,1454,1455,1011,27,16642,2236,16643,2255,60],"class_list":{"0":"post-67125","1":"post","2":"type-post","3":"status-publish","4":"format-standard","5":"has-post-thumbnail","7":"category-f1","8":"tag-f1","9":"tag-formula-1","10":"tag-formula1","11":"tag-formule-1","12":"tag-formule1","13":"tag-fr","14":"tag-france","15":"tag-gp-de-miami","16":"tag-max-verstappen","17":"tag-miami-international-autodrome","18":"tag-red-bull","19":"tag-sports"},"share_on_mastodon":{"url":"https:\/\/pubeurope.com\/@fr\/114433162252807463","error":""},"_links":{"self":[{"href":"https:\/\/www.europesays.com\/fr\/wp-json\/wp\/v2\/posts\/67125","targetHints":{"allow":["GET"]}}],"collection":[{"href":"https:\/\/www.europesays.com\/fr\/wp-json\/wp\/v2\/posts"}],"about":[{"href":"https:\/\/www.europesays.com\/fr\/wp-json\/wp\/v2\/types\/post"}],"author":[{"embeddable":true,"href":"https:\/\/www.europesays.com\/fr\/wp-json\/wp\/v2\/users\/2"}],"replies":[{"embeddable":true,"href":"https:\/\/www.europesays.com\/fr\/wp-json\/wp\/v2\/comments?post=67125"}],"version-history":[{"count":0,"href":"https:\/\/www.europesays.com\/fr\/wp-json\/wp\/v2\/posts\/67125\/revisions"}],"wp:featuredmedia":[{"embeddable":true,"href":"https:\/\/www.europesays.com\/fr\/wp-json\/wp\/v2\/media\/67126"}],"wp:attachment":[{"href":"https:\/\/www.europesays.com\/fr\/wp-json\/wp\/v2\/media?parent=67125"}],"wp:term":[{"taxonomy":"category","embeddable":true,"href":"https:\/\/www.europesays.com\/fr\/wp-json\/wp\/v2\/categories?post=67125"},{"taxonomy":"post_tag","embeddable":true,"href":"https:\/\/www.europesays.com\/fr\/wp-json\/wp\/v2\/tags?post=67125"}],"curies":[{"name":"wp","href":"https:\/\/api.w.org\/{rel}","templated":true}]}}