{"id":671286,"date":"2026-01-18T02:25:13","date_gmt":"2026-01-18T02:25:13","guid":{"rendered":"https:\/\/www.europesays.com\/fr\/671286\/"},"modified":"2026-01-18T02:25:13","modified_gmt":"2026-01-18T02:25:13","slug":"invasion-de-lukraine-une-femme-tuee-dans-une-frappe-russe-a-kharkiv","status":"publish","type":"post","link":"https:\/\/www.europesays.com\/fr\/671286\/","title":{"rendered":"Invasion de l&rsquo;Ukraine &#8211; Une femme tu\u00e9e dans une frappe russe \u00e0 Kharkiv"},"content":{"rendered":"<p class=\"ap-StoryElement ap-StoryElement--mb ap-StoryText\">\u00ab\u00a0Une personne est morte \u00e0 la suite d&rsquo;une frappe de drone ennemi sur une maison priv\u00e9e\u00a0\u00bb, a d\u00e9clar\u00e9 dans la nuit le maire de cette grande ville pr\u00e8s de la fronti\u00e8re russe, Igor Terekhov, sur Telegram.<\/p>\n<p class=\"ap-StoryElement ap-StoryElement--mb ap-StoryText\">Le chef de l&rsquo;administration militaire locale, Oleg Synegoubov, a pr\u00e9cis\u00e9 qu&rsquo;il s&rsquo;agissait d&rsquo;une femme de 20 ans.<\/p>\n<p class=\"ap-StoryElement ap-StoryElement--mb ap-StoryText\">Les services de secours ont fait \u00e9tat de leur c\u00f4t\u00e9 d&rsquo;une frappe a\u00e9rienne sur un quartier r\u00e9sidentiel de Soumy (nord-est), faisant quatre bless\u00e9s dont un enfant de sept ans et endommageant 15 immeubles.<\/p>\n","protected":false},"excerpt":{"rendered":"\u00ab\u00a0Une personne est morte \u00e0 la suite d&rsquo;une frappe de drone ennemi sur une maison priv\u00e9e\u00a0\u00bb, a d\u00e9clar\u00e9&hellip;\n","protected":false},"author":2,"featured_media":2837,"comment_status":"","ping_status":"","sticky":false,"template":"","format":"standard","meta":{"footnotes":""},"categories":[1590],"tags":[11,2120,1777,674,12,132,220],"class_list":{"0":"post-671286","1":"post","2":"type-post","3":"status-publish","4":"format-standard","5":"has-post-thumbnail","7":"category-ukraine","8":"tag-actualites","9":"tag-conflit","10":"tag-eu","11":"tag-europe","12":"tag-news","13":"tag-russie","14":"tag-ukraine"},"share_on_mastodon":{"url":"https:\/\/pubeurope.com\/@fr\/115913734480633793","error":""},"_links":{"self":[{"href":"https:\/\/www.europesays.com\/fr\/wp-json\/wp\/v2\/posts\/671286","targetHints":{"allow":["GET"]}}],"collection":[{"href":"https:\/\/www.europesays.com\/fr\/wp-json\/wp\/v2\/posts"}],"about":[{"href":"https:\/\/www.europesays.com\/fr\/wp-json\/wp\/v2\/types\/post"}],"author":[{"embeddable":true,"href":"https:\/\/www.europesays.com\/fr\/wp-json\/wp\/v2\/users\/2"}],"replies":[{"embeddable":true,"href":"https:\/\/www.europesays.com\/fr\/wp-json\/wp\/v2\/comments?post=671286"}],"version-history":[{"count":0,"href":"https:\/\/www.europesays.com\/fr\/wp-json\/wp\/v2\/posts\/671286\/revisions"}],"wp:featuredmedia":[{"embeddable":true,"href":"https:\/\/www.europesays.com\/fr\/wp-json\/wp\/v2\/media\/2837"}],"wp:attachment":[{"href":"https:\/\/www.europesays.com\/fr\/wp-json\/wp\/v2\/media?parent=671286"}],"wp:term":[{"taxonomy":"category","embeddable":true,"href":"https:\/\/www.europesays.com\/fr\/wp-json\/wp\/v2\/categories?post=671286"},{"taxonomy":"post_tag","embeddable":true,"href":"https:\/\/www.europesays.com\/fr\/wp-json\/wp\/v2\/tags?post=671286"}],"curies":[{"name":"wp","href":"https:\/\/api.w.org\/{rel}","templated":true}]}}