{"id":671301,"date":"2026-01-18T02:33:17","date_gmt":"2026-01-18T02:33:17","guid":{"rendered":"https:\/\/www.europesays.com\/fr\/671301\/"},"modified":"2026-01-18T02:33:17","modified_gmt":"2026-01-18T02:33:17","slug":"le-laureat-maxence-broville-a-ete-suspendu-du-tennis-professionnel-pendant-sept-ans-pour-trucage-de-matchs","status":"publish","type":"post","link":"https:\/\/www.europesays.com\/fr\/671301\/","title":{"rendered":"le laur\u00e9at, Maxence Brovill\u00e9, a \u00e9t\u00e9 suspendu du tennis professionnel pendant sept ans pour trucage de matchs"},"content":{"rendered":"<p class=\"article-p mdl\">Dans la soir\u00e9e de ce samedi 17 janvier, Maxence Brovill\u00e9 a \u00e9t\u00e9 sacr\u00e9 Mister France 2026. Ce n&rsquo;est toutefois pas la premi\u00e8re fois que ce jeune homme de 26 ans se retrouve sous la lumi\u00e8re des projecteurs. Car avant d&rsquo;\u00e9pouser une carri\u00e8re dans le mannequinat, ce natif de la Martinique a \u00e9t\u00e9&#8230; joueur de tennis professionnel.<\/p>\n<p class=\"article-p mdl\">Pratiquant ce sport depuis son plus jeune \u00e2ge, il a r\u00e9ussi \u00e0 se d\u00e9marquer au point d&rsquo;int\u00e9grer le circuit professionnel. Au sommet de sa carri\u00e8re, il a atteint le 708e rang mondial, en juin 2023. Une carri\u00e8re stopp\u00e9e nette \u00e0 ce m\u00eame moment, lorsque l&rsquo;Agence internationale d&rsquo;int\u00e9grit\u00e9 du tennis (ITIA) l&rsquo;a provisoirement suspendu \u00e0 cause de soup\u00e7ons d'\u00a0\u00bbinfraction majeure\u00a0\u00bb.<\/p>\n<p class=\"article-p mdl\">Une sanction confirm\u00e9e en f\u00e9vrier 2024 avec une sentence sans appel : sept ans de suspension et une amende de 5.000 dollars pour refus de coop\u00e9rer \u00e0 une enqu\u00eate men\u00e9e par l&rsquo;ITIA.<\/p>\n<p>            Des accusations de trucage de matchs<\/p>\n<p class=\"article-p mdl\">\u00ab\u00a0Maxence Brovill\u00e9, qui a atteint le 708e rang mondial en simple en 2023, a ni\u00e9 toutes les accusations de trucage de matchs en 2017 et 2018. Une audience s&rsquo;est tenue le 5 janvier 2024 devant Charles Hollander, officier d&rsquo;audience ind\u00e9pendant charg\u00e9 de la lutte contre la corruption\u00a0\u00bb, indique le communiqu\u00e9 de l&rsquo;ITIA de l&rsquo;\u00e9poque.<\/p>\n<p class=\"article-p mdl\">\u00ab\u00a0Ce dernier a reconnu Maxence Brovill\u00e9 coupable d&rsquo;infractions aux articles F.2.b et F.2.d du Code de conduite des joueurs de tennis (TACP), relatives \u00e0 son refus de coop\u00e9rer \u00e0 l&rsquo;enqu\u00eate de l&rsquo;ITIA, notamment en refusant de soumettre ses appareils personnels \u00e0 l&rsquo;examen apr\u00e8s en avoir re\u00e7u la demande \u00e9crite des enqu\u00eateurs\u00a0\u00bb, poursuit l&rsquo;ITIA.<\/p>\n<p class=\"article-p mdl\">La suspension de Maxence Brovill\u00e9 prendra fin le 19 juin 2030. Il sera \u00e2g\u00e9 de 31 ans. \u00ab\u00a0Pendant la p\u00e9riode d&rsquo;in\u00e9ligibilit\u00e9, le joueur est interdit de jouer, d&rsquo;entra\u00eener ou d&rsquo;assister \u00e0 tout \u00e9v\u00e9nement de tennis organis\u00e9 par les membres de l&rsquo;ITIA (ATP, ITF, WTA, Tennis Australia, F\u00e9d\u00e9ration Fran\u00e7aise de Tennis, Wimbledon et USTA) ou toute association nationale\u00a0\u00bb, pr\u00e9cise le communiqu\u00e9.<\/p>\n<p class=\"article-p mdl\">Sur le compte Instagram de\u00a0Maxence Brovill\u00e9, de nombreuses photos t\u00e9moignant de sa carri\u00e8re de tennisman subsistent, dont une en compagnie de Roger Federer.<\/p>\n<p>    La r\u00e9daction vous recommande<\/p>\n<p class=\"s-newsletter__title\">\n                L\u2019actualit\u00e9 par la r\u00e9daction de RTL dans votre bo\u00eete mail.\n            <\/p>\n<p class=\"s-newsletter__subtitle\">\n                Gr\u00e2ce \u00e0 votre compte RTL abonnez-vous \u00e0 la newsletter RTL info pour suivre toute l&rsquo;actualit\u00e9 au quotidien\n            <\/p>\n<p>\n                                    Lire la suite\n                                <\/p>\n","protected":false},"excerpt":{"rendered":"Dans la soir\u00e9e de ce samedi 17 janvier, Maxence Brovill\u00e9 a \u00e9t\u00e9 sacr\u00e9 Mister France 2026. Ce n&rsquo;est&hellip;\n","protected":false},"author":2,"featured_media":671302,"comment_status":"","ping_status":"","sticky":false,"template":"","format":"standard","meta":{"footnotes":""},"categories":[4],"tags":[11,903,1770,107,1011,27,12,25,1467],"class_list":{"0":"post-671301","1":"post","2":"type-post","3":"status-publish","4":"format-standard","5":"has-post-thumbnail","7":"category-france","8":"tag-actualites","9":"tag-concours","10":"tag-corruption","11":"tag-fil-info","12":"tag-fr","13":"tag-france","14":"tag-news","15":"tag-republique-francaise","16":"tag-tennis"},"share_on_mastodon":{"url":"https:\/\/pubeurope.com\/@fr\/115913765939491364","error":""},"_links":{"self":[{"href":"https:\/\/www.europesays.com\/fr\/wp-json\/wp\/v2\/posts\/671301","targetHints":{"allow":["GET"]}}],"collection":[{"href":"https:\/\/www.europesays.com\/fr\/wp-json\/wp\/v2\/posts"}],"about":[{"href":"https:\/\/www.europesays.com\/fr\/wp-json\/wp\/v2\/types\/post"}],"author":[{"embeddable":true,"href":"https:\/\/www.europesays.com\/fr\/wp-json\/wp\/v2\/users\/2"}],"replies":[{"embeddable":true,"href":"https:\/\/www.europesays.com\/fr\/wp-json\/wp\/v2\/comments?post=671301"}],"version-history":[{"count":0,"href":"https:\/\/www.europesays.com\/fr\/wp-json\/wp\/v2\/posts\/671301\/revisions"}],"wp:featuredmedia":[{"embeddable":true,"href":"https:\/\/www.europesays.com\/fr\/wp-json\/wp\/v2\/media\/671302"}],"wp:attachment":[{"href":"https:\/\/www.europesays.com\/fr\/wp-json\/wp\/v2\/media?parent=671301"}],"wp:term":[{"taxonomy":"category","embeddable":true,"href":"https:\/\/www.europesays.com\/fr\/wp-json\/wp\/v2\/categories?post=671301"},{"taxonomy":"post_tag","embeddable":true,"href":"https:\/\/www.europesays.com\/fr\/wp-json\/wp\/v2\/tags?post=671301"}],"curies":[{"name":"wp","href":"https:\/\/api.w.org\/{rel}","templated":true}]}}