{"id":671492,"date":"2026-01-18T04:51:11","date_gmt":"2026-01-18T04:51:11","guid":{"rendered":"https:\/\/www.europesays.com\/fr\/671492\/"},"modified":"2026-01-18T04:51:11","modified_gmt":"2026-01-18T04:51:11","slug":"les-informations-de-la-nuit-6","status":"publish","type":"post","link":"https:\/\/www.europesays.com\/fr\/671492\/","title":{"rendered":"les informations de la nuit"},"content":{"rendered":"\n<p><strong>Apr\u00e8s 26\u00a0ans de n\u00e9gociations, le Mercosur et l\u2019UE signent un accord de libre-\u00e9change. <\/strong>Les pays du Mercosur et l\u2019Union europ\u00e9enne (UE) ont sign\u00e9 samedi au Paraguay un accord de libre-\u00e9change, apr\u00e8s 26\u00a0ans d\u2019\u201cintenses n\u00e9gociations et en l\u2019absence de consensus europ\u00e9en\u201d, <a class=\"ithalc\" data-ithal=\"lien_externe\" data-ithalc=\"[nav_article]\" target=\"_blank\" href=\"https:\/\/www1.folha.uol.com.br\/mercado\/2026\/01\/apos-26-anos-mercosul-e-uniao-europeia-assinam-acordo-de-livre-comercio.shtml\" rel=\"noopener\">rapporte <strong>Folha de S\u00e3o Paulo<\/strong>.<\/a> Avec cet accord, le Mercosur (Br\u00e9sil, Argentine, Uruguay, Paraguay et Bolivie) \u201cvise un acc\u00e8s privil\u00e9gi\u00e9 au march\u00e9 europ\u00e9en, tandis que l\u2019UE souhaite renforcer sa position dans des secteurs o\u00f9 elle est comp\u00e9titive, tels que l\u2019industrie, les technologies, et l\u2019industrie pharmaceutique\u201d, observe le journal. Les pays membres de cette nouvelle zone de libre-\u00e9change, l\u2019une des plus grandes au monde, repr\u00e9sentent quelque 30\u00a0% du PIB mondial et comptent plus de 700\u00a0millions d\u2019habitants. Outre l\u2019aspect \u00e9conomique, l\u2019accord \u201ca pris une dimension g\u00e9opolitique\u201d ces derniers mois, \u201csuite \u00e0 l\u2019offensive de Donald Trump contre le commerce international\u201d \u00e0 coups de droits de douane punitifs, rel\u00e8ve le titre br\u00e9silien. Le trait\u00e9 doit encore \u00eatre \u201capprouv\u00e9 par chaque \u00c9tat membre du Mercosur et par le Parlement europ\u00e9en, o\u00f9 son approbation n\u2019est pas encore acquise et o\u00f9 la France m\u00e8ne la r\u00e9sistance\u201d, souligne le quotidien pauliste.<\/p>\n<p><strong>L\u2019arm\u00e9e syrienne poursuit son avanc\u00e9e dans les r\u00e9gions sous contr\u00f4le kurde.<\/strong> Les troupes du gouvernement syrien ont progress\u00e9 samedi dans les territoires contr\u00f4l\u00e9s par les Kurdes dans le nord du pays, \u201cs\u2019emparant de villes strat\u00e9giques et provoquant de nouveaux affrontements qui menacent de faire capoter un accord politique autrefois prometteur, cens\u00e9 r\u00e9unifier une nation divis\u00e9e\u201d, <a class=\"ithalc\" data-ithal=\"lien_externe\" data-ithalc=\"[nav_article]\" target=\"_blank\" href=\"https:\/\/www.nytimes.com\/2026\/01\/17\/world\/europe\/syrian-kurds-raqqa.html\" rel=\"noopener\">observe <strong>The New York Times<\/strong>.<\/a> L\u2019arm\u00e9e a assur\u00e9 s\u2019\u00eatre empar\u00e9e de Tabqa, une ville strat\u00e9gique sur la route de Raqa, la plus grande ville syrienne sous contr\u00f4le kurde. Cette escalade fait suite aux intenses combats qui ont oppos\u00e9 d\u00e9but janvier \u00e0 Alep les forces gouvernementales et les Forces d\u00e9mocratiques syriennes (FDS), le bras arm\u00e9 des Kurdes. \u201cDepuis pr\u00e8s d\u2019un an, les deux parties sont engag\u00e9es dans des n\u00e9gociations concernant l\u2019int\u00e9gration des institutions militaires et civiles kurdes au sein du nouvel \u00c9tat syrien, mais ces pourparlers sont au point mort depuis quelques mois\u201d, rel\u00e8ve le quotidien am\u00e9ricain. Vendredi, le pr\u00e9sident syrien Ahmed El-Charaa a sign\u00e9 un d\u00e9cret \u201caffirmant les droits des Kurdes syriens\u201d, reconnaissant notamment le kurde comme langue nationale, au m\u00eame titre que l\u2019arabe. Une d\u00e9marche jug\u00e9e insuffisante par les responsables kurdes.<\/p>\n<p><strong>Une d\u00e9l\u00e9gation ukrainienne aux \u00c9tats-Unis pour discuter de la fin de la guerre.<\/strong> Une d\u00e9l\u00e9gation ukrainienne est arriv\u00e9e samedi aux \u00c9tats-Unis dans le cadre des pourparlers sur le plan am\u00e9ricain visant \u00e0 mettre fin \u00e0 la guerre avec la Russie, alors que Moscou \u201ccontinue de bombarder le r\u00e9seau \u00e9nerg\u00e9tique ukrainien, plongeant le pays dans l\u2019obscurit\u00e9\u201d, <a class=\"ithalc\" data-ithal=\"lien_externe\" data-ithalc=\"[nav_article]\" target=\"_blank\" href=\"https:\/\/kyivindependent.com\/ukrainian-delegation-arrives-in-us-to-clarify-peace-proposal\/\" rel=\"noopener\">\u00e9crit <strong>The Kyiv Independent<\/strong>.<\/a> La d\u00e9l\u00e9gation, compos\u00e9e notamment de Kyrylo Boudanov, chef de cabinet du pr\u00e9sident ukrainien Volodymyr Zelensky, et du secr\u00e9taire du Conseil de s\u00e9curit\u00e9 ukrainien Roustem Oumierov, doit rencontrer \u00e0 Miami les \u00e9missaires am\u00e9ricains Steve Witkoff et Jared Kushner. \u201cLa t\u00e2che principale de la d\u00e9l\u00e9gation ukrainienne est de fournir [aux \u00c9tats-Unis] toutes les informations fiables sur la situation et les cons\u00e9quences des frappes russes\u201d, qui \u201cdiscr\u00e9ditent le processus diplomatique\u201d et \u201csabotent constamment les maigres chances de dialogue\u201d, a \u00e9crit M. Zelensky sur ses r\u00e9seaux sociaux. \u201cKiev et Washington ont \u00e9labor\u00e9 conjointement un plan de paix en 20 points, que Kiev estime presque finalis\u00e9\u201d, note le site ukrainien. Mais les discussions butent encore sur les questions territoriales et les garanties de s\u00e9curit\u00e9 \u00e0 long terme pour l\u2019Ukraine.<\/p>\n","protected":false},"excerpt":{"rendered":"Apr\u00e8s 26\u00a0ans de n\u00e9gociations, le Mercosur et l\u2019UE signent un accord de libre-\u00e9change. Les pays du Mercosur et&hellip;\n","protected":false},"author":2,"featured_media":671493,"comment_status":"","ping_status":"","sticky":false,"template":"","format":"standard","meta":{"footnotes":""},"categories":[1590],"tags":[11,3822,6715,17314,19362,1777,674,1892,131,71634,38913,9550,21426,3257,12,26853,316,4409,132,32,2542,770,220,2475,26855,134],"class_list":{"0":"post-671492","1":"post","2":"type-post","3":"status-publish","4":"format-standard","5":"has-post-thumbnail","7":"category-ukraine","8":"tag-actualites","9":"tag-amu00e9riques","10":"tag-argentine","11":"tag-bolivie","12":"tag-bru00e9sil","13":"tag-eu","14":"tag-europe","15":"tag-gu00e9opolitique","16":"tag-guerre-en-ukraine","17":"tag-informations-de-la-nuit","18":"tag-kurdes","19":"tag-libre-u00e9change","20":"tag-mercosur","21":"tag-moyen-orient","22":"tag-news","23":"tag-paraguay","24":"tag-politique","25":"tag-ru00e9veil","26":"tag-russie","27":"tag-syrie","28":"tag-u00e9conomie","29":"tag-u00e9tats-unis","30":"tag-ukraine","31":"tag-union-europu00e9enne","32":"tag-uruguay","33":"tag-volodymyr-zelensky"},"share_on_mastodon":{"url":"https:\/\/pubeurope.com\/@fr\/115914308611351566","error":""},"_links":{"self":[{"href":"https:\/\/www.europesays.com\/fr\/wp-json\/wp\/v2\/posts\/671492","targetHints":{"allow":["GET"]}}],"collection":[{"href":"https:\/\/www.europesays.com\/fr\/wp-json\/wp\/v2\/posts"}],"about":[{"href":"https:\/\/www.europesays.com\/fr\/wp-json\/wp\/v2\/types\/post"}],"author":[{"embeddable":true,"href":"https:\/\/www.europesays.com\/fr\/wp-json\/wp\/v2\/users\/2"}],"replies":[{"embeddable":true,"href":"https:\/\/www.europesays.com\/fr\/wp-json\/wp\/v2\/comments?post=671492"}],"version-history":[{"count":0,"href":"https:\/\/www.europesays.com\/fr\/wp-json\/wp\/v2\/posts\/671492\/revisions"}],"wp:featuredmedia":[{"embeddable":true,"href":"https:\/\/www.europesays.com\/fr\/wp-json\/wp\/v2\/media\/671493"}],"wp:attachment":[{"href":"https:\/\/www.europesays.com\/fr\/wp-json\/wp\/v2\/media?parent=671492"}],"wp:term":[{"taxonomy":"category","embeddable":true,"href":"https:\/\/www.europesays.com\/fr\/wp-json\/wp\/v2\/categories?post=671492"},{"taxonomy":"post_tag","embeddable":true,"href":"https:\/\/www.europesays.com\/fr\/wp-json\/wp\/v2\/tags?post=671492"}],"curies":[{"name":"wp","href":"https:\/\/api.w.org\/{rel}","templated":true}]}}