{"id":671500,"date":"2026-01-18T04:57:12","date_gmt":"2026-01-18T04:57:12","guid":{"rendered":"https:\/\/www.europesays.com\/fr\/671500\/"},"modified":"2026-01-18T04:57:12","modified_gmt":"2026-01-18T04:57:12","slug":"inquietudes-des-responsables-politiques-europeens-sur-le-projet-nba-europe","status":"publish","type":"post","link":"https:\/\/www.europesays.com\/fr\/671500\/","title":{"rendered":"Inqui\u00e9tudes des responsables politiques europ\u00e9ens sur le projet NBA Europe"},"content":{"rendered":"<p>Le partenariat entre la FIBA et la NBA pour lancer une nouvelle ligue europ\u00e9enne de premier plan ne cesse de gagner du terrain, la F\u00e9d\u00e9ration internationale de basket-ball et la National Basketball Association r\u00e9affirmant leurs intentions d\u2019entamer des discussions avec des \u00e9quipes potentielles, tandis qu\u2019une r\u00e9sistance politique s\u2019emploie \u00e0 contrer le projet, largement qualifi\u00e9 de NBA Europe.<\/p>\n<p>POLITICO a r\u00e9cemment publi\u00e9 des opinions actualis\u00e9es de responsables politiques europ\u00e9ens.<\/p>\n<p>\u00ab La raison principale pour laquelle nous ne soutenons pas NBA Europe est que les ligues et comp\u00e9titions ferm\u00e9es ne profitent qu\u2019\u00e0 un faible pourcentage des clubs commercialement performants, tout en causant des dommages importants au sport au niveau national, \u00bb a expliqu\u00e9 un haut responsable gouvernemental europ\u00e9en.<\/p>\n<p>\u00ab En tant que d\u00e9cideurs politiques, y compris au niveau de l\u2019UE, il existe un devoir clair de maintenir le cadre de la concurrence, mais aussi d\u2019accorder tout leur poids aux valeurs plus larges de l\u2019UE, r\u00e9p\u00e9titivement soulign\u00e9es dans les jugements, telles que la solidarit\u00e9, l\u2019ouverture et l\u2019\u00e9quit\u00e9, \u00bb a ajout\u00e9 le commissaire europ\u00e9en charg\u00e9 du sport, Glenn Micallef. \u00ab Le d\u00e9bat actuel sugg\u00e8re que cet \u00e9quilibre n\u00e9cessite une r\u00e9\u00e9valuation, en mettant davantage l\u2019accent sur ces valeurs afin de prot\u00e9ger l\u2019int\u00e9grit\u00e9 du sport europ\u00e9en et son mod\u00e8le pyramidal. \u00bb<\/p>\n<p>Il y a quelques semaines, la FIBA avait publi\u00e9 un communiqu\u00e9 concernant une rencontre avec Micallef.<\/p>\n<p>\u00ab Les d\u00e9veloppements actuels dans le basket-ball europ\u00e9en mettent en \u00e9vidence des inqui\u00e9tudes de longue date concernant les mod\u00e8les de ligues ferm\u00e9es, \u00bb d\u00e9crit Micallef. \u00ab Ils invitent \u00e9galement \u00e0 r\u00e9fl\u00e9chir au r\u00f4le croissant de l\u2019investissement dans le sport, reconnaissant que cet investissement peut \u00eatre souhaitable et b\u00e9n\u00e9fique s\u2019il respecte des principes de bonne gouvernance et reste align\u00e9 sur les valeurs, les traditions et les structures sportives de l\u2019Europe. \u00bb<\/p>\n<p>\u00ab Bien que les comp\u00e9titions d\u00e9nomm\u00e9es dissidentes promettent g\u00e9n\u00e9ralement croissance et stabilit\u00e9, restreindre la concurrence ouverte se fait au d\u00e9triment des ligues nationales et de la pyramide sportive \u00e9largie: une le\u00e7on que d\u2019autres sports devraient envisager avec soin, \u00bb a-t-il poursuivi.<\/p>\n<p>Par ailleurs, Bogdan Zdrojewski, d\u00e9put\u00e9 europ\u00e9en du groupe du Parti populaire europ\u00e9en (centre-droit) au Parlement europ\u00e9en, a rejet\u00e9 toute forme de domination financi\u00e8re des \u00c9tats-Unis sur le march\u00e9 europ\u00e9en.<\/p>\n<p>\u00ab Et qu\u2019en est-il de la gouvernance et de la valeur \u00e9conomique ? \u00bb s\u2019est-il interrog\u00e9. \u00ab Il semble qu\u2019avec NBA Europe, ces risques pourraient \u00eatre d\u00e9tourn\u00e9s d\u2019Europe, menant \u00e0 un manque de transparence sur la gouvernance et \u00e0 une perte \u00e9conomique extr\u00eamement \u00e9lev\u00e9e si l\u2019on examine comment le rendement \u00e9conomique \u2014 droits t\u00e9l\u00e9vis\u00e9s, parrainages \u2014 g\u00e9n\u00e9r\u00e9 en Europe sera syst\u00e9matiquement r\u00e9orient\u00e9 vers des soci\u00e9t\u00e9s holding bas\u00e9es aux \u00c9tats\u2011Unis. \u00bb<\/p>\n<p>\u00ab Il faut examiner attentivement comment le mod\u00e8le \u00e9conomique est susceptible de favoriser un d\u00e9placement des entreprises traditionnelles, excluant les clubs historiques au profit de fonds d\u2019investissement mondiaux et de clubs soutenus par l\u2019\u00c9tat, qui seront les seuls \u00e0 pouvoir se permettre des frais prohibitifs tels que les frais de franchise de cr\u00e9ation estim\u00e9s entre 500 millions et 1 milliard de dollars, \u00bb a-t-il ajout\u00e9.<\/p>\n<p>Les projections actuelles situent 2027 comme date de d\u00e9marrage de NBA Europe, confirm\u00e9e par le secr\u00e9taire g\u00e9n\u00e9ral de la FIBA, Andreas Zagklis.<\/p>\n<p>Lire les derni\u00e8res nouvelles<\/p>\n","protected":false},"excerpt":{"rendered":"Le partenariat entre la FIBA et la NBA pour lancer une nouvelle ligue europ\u00e9enne de premier plan ne&hellip;\n","protected":false},"author":2,"featured_media":671501,"comment_status":"","ping_status":"","sticky":false,"template":"","format":"standard","meta":{"footnotes":""},"categories":[1586],"tags":[11,154,1777,674,11201,1011,27,37582,2182,12,11480,1095,25,19695,3356],"class_list":{"0":"post-671500","1":"post","2":"type-post","3":"status-publish","4":"format-standard","5":"has-post-thumbnail","7":"category-europe","8":"tag-actualites","9":"tag-des","10":"tag-eu","11":"tag-europe","12":"tag-europeens","13":"tag-fr","14":"tag-france","15":"tag-inquietudes","16":"tag-nba","17":"tag-news","18":"tag-politiques","19":"tag-projet","20":"tag-republique-francaise","21":"tag-responsables","22":"tag-sur"},"share_on_mastodon":{"url":"https:\/\/pubeurope.com\/@fr\/115914332068123762","error":""},"_links":{"self":[{"href":"https:\/\/www.europesays.com\/fr\/wp-json\/wp\/v2\/posts\/671500","targetHints":{"allow":["GET"]}}],"collection":[{"href":"https:\/\/www.europesays.com\/fr\/wp-json\/wp\/v2\/posts"}],"about":[{"href":"https:\/\/www.europesays.com\/fr\/wp-json\/wp\/v2\/types\/post"}],"author":[{"embeddable":true,"href":"https:\/\/www.europesays.com\/fr\/wp-json\/wp\/v2\/users\/2"}],"replies":[{"embeddable":true,"href":"https:\/\/www.europesays.com\/fr\/wp-json\/wp\/v2\/comments?post=671500"}],"version-history":[{"count":0,"href":"https:\/\/www.europesays.com\/fr\/wp-json\/wp\/v2\/posts\/671500\/revisions"}],"wp:featuredmedia":[{"embeddable":true,"href":"https:\/\/www.europesays.com\/fr\/wp-json\/wp\/v2\/media\/671501"}],"wp:attachment":[{"href":"https:\/\/www.europesays.com\/fr\/wp-json\/wp\/v2\/media?parent=671500"}],"wp:term":[{"taxonomy":"category","embeddable":true,"href":"https:\/\/www.europesays.com\/fr\/wp-json\/wp\/v2\/categories?post=671500"},{"taxonomy":"post_tag","embeddable":true,"href":"https:\/\/www.europesays.com\/fr\/wp-json\/wp\/v2\/tags?post=671500"}],"curies":[{"name":"wp","href":"https:\/\/api.w.org\/{rel}","templated":true}]}}