{"id":671508,"date":"2026-01-18T05:01:11","date_gmt":"2026-01-18T05:01:11","guid":{"rendered":"https:\/\/www.europesays.com\/fr\/671508\/"},"modified":"2026-01-18T05:01:11","modified_gmt":"2026-01-18T05:01:11","slug":"samatan-france-services-un-guichet-unique-pour-simplifier-les-demarches-administratives","status":"publish","type":"post","link":"https:\/\/www.europesays.com\/fr\/671508\/","title":{"rendered":"Samatan : France Services, un guichet unique pour simplifier les d\u00e9marches administratives"},"content":{"rendered":"<p>Chantal Fr\u00e9chou et Gladys Elizabeth, conseill\u00e8res France Services, forment un duo efficace au sein de l\u2019antenne de Samatan, install\u00e9e dans la maison de sant\u00e9, rue Marcadieu : \u00ab\u00a0Notre force, c\u2019est le partenariat et le travail en r\u00e9seau\u00a0\u00bb. Cr\u00e9\u00e9e en 2019 par l\u2019Etat, France Services a pour vocation de rapprocher les services publics des citoyens en regroupant en un seul lieu les principaux organismes administratifs. \u00ab\u00a0Chaque cas est diff\u00e9rent, il faut savoir \u00e9couter et orienter\u00a0\u00bb. En formation continue, les deux conseill\u00e8res enrichissent leurs comp\u00e9tences au quotidien. Le savoir-\u00eatre est essentiel dans ce travail d\u2019accompagnement : empathie, disponibilit\u00e9 et compr\u00e9hension des besoins permettent de guider efficacement les usagers et de leur faciliter l\u2019acc\u00e8s \u00e0 leurs droits, qu\u2019il s\u2019agisse de d\u00e9marches administratives, sociales ou num\u00e9riques. Plac\u00e9e sous l\u2019\u00e9gide de la communaut\u00e9 de communes du Sav\u00e8s, avec un suivi assur\u00e9 par les services de l\u2019Etat, l\u2019antenne de Samatan est ouverte du lundi au vendredi, sur rendez-vous, avec une permanence quotidienne ; l\u2019accueil est gratuit et s\u2019adresse \u00e0 tous. Dans le Gers, 24 antennes constituent un maillage territorial de proximit\u00e9. Chaque site regroupe, au sein d\u2019un guichet unique, 11 services publics ou partenaires nationaux (Caf, CPAM, France Travail\u2026). Les usagers peuvent y \u00eatre accompagn\u00e9s pour des d\u00e9marches vari\u00e9es : d\u00e9clarations d\u2019imp\u00f4ts, demandes d\u2019aides sociales, acc\u00e8s aux droits, renouvellement de papiers d\u2019identit\u00e9 ou encore suivi de dossiers li\u00e9s \u00e0 l\u2019emploi ou \u00e0 la sant\u00e9.<\/p>\n<p>L\u2019antenne de Samatan a d\u00e9j\u00e0 accueilli plusieurs ministres depuis sa cr\u00e9ation. Renseignements au 05.<a href=\"http:\/\/62.63.45.77\" target=\"_blank\" rel=\"nofollow\">62.63.45.77<\/a> ou par mail (<a href=\"https:\/\/www.ladepeche.fr\/2026\/01\/18\/mailto:franceservices@ccsaves32.fr\" target=\"_blank\" rel=\"noopener\">franceservices@ccsaves32.fr<\/a>).<\/p>\n","protected":false},"excerpt":{"rendered":"Chantal Fr\u00e9chou et Gladys Elizabeth, conseill\u00e8res France Services, forment un duo efficace au sein de l\u2019antenne de Samatan,&hellip;\n","protected":false},"author":2,"featured_media":671509,"comment_status":"","ping_status":"","sticky":false,"template":"","format":"standard","meta":{"footnotes":""},"categories":[4],"tags":[11,1063,872,1011,27,11328,12,25,74287],"class_list":{"0":"post-671508","1":"post","2":"type-post","3":"status-publish","4":"format-standard","5":"has-post-thumbnail","7":"category-france","8":"tag-actualites","9":"tag-animations","10":"tag-culture-et-loisirs","11":"tag-fr","12":"tag-france","13":"tag-gers","14":"tag-news","15":"tag-republique-francaise","16":"tag-samatan"},"share_on_mastodon":{"url":"https:\/\/pubeurope.com\/@fr\/115914347815284204","error":""},"_links":{"self":[{"href":"https:\/\/www.europesays.com\/fr\/wp-json\/wp\/v2\/posts\/671508","targetHints":{"allow":["GET"]}}],"collection":[{"href":"https:\/\/www.europesays.com\/fr\/wp-json\/wp\/v2\/posts"}],"about":[{"href":"https:\/\/www.europesays.com\/fr\/wp-json\/wp\/v2\/types\/post"}],"author":[{"embeddable":true,"href":"https:\/\/www.europesays.com\/fr\/wp-json\/wp\/v2\/users\/2"}],"replies":[{"embeddable":true,"href":"https:\/\/www.europesays.com\/fr\/wp-json\/wp\/v2\/comments?post=671508"}],"version-history":[{"count":0,"href":"https:\/\/www.europesays.com\/fr\/wp-json\/wp\/v2\/posts\/671508\/revisions"}],"wp:featuredmedia":[{"embeddable":true,"href":"https:\/\/www.europesays.com\/fr\/wp-json\/wp\/v2\/media\/671509"}],"wp:attachment":[{"href":"https:\/\/www.europesays.com\/fr\/wp-json\/wp\/v2\/media?parent=671508"}],"wp:term":[{"taxonomy":"category","embeddable":true,"href":"https:\/\/www.europesays.com\/fr\/wp-json\/wp\/v2\/categories?post=671508"},{"taxonomy":"post_tag","embeddable":true,"href":"https:\/\/www.europesays.com\/fr\/wp-json\/wp\/v2\/tags?post=671508"}],"curies":[{"name":"wp","href":"https:\/\/api.w.org\/{rel}","templated":true}]}}