{"id":671521,"date":"2026-01-18T05:12:10","date_gmt":"2026-01-18T05:12:10","guid":{"rendered":"https:\/\/www.europesays.com\/fr\/671521\/"},"modified":"2026-01-18T05:12:10","modified_gmt":"2026-01-18T05:12:10","slug":"votre-salon-a-lair-date-en-2026-ces-3-tendances-deco-dont-le-tout-beige-a-abandonner-durgence","status":"publish","type":"post","link":"https:\/\/www.europesays.com\/fr\/671521\/","title":{"rendered":"Votre salon a l\u2019air dat\u00e9 en 2026 ? Ces 3 tendances d\u00e9co (dont le tout beige) \u00e0 abandonner d\u2019urgence"},"content":{"rendered":"<p>Canap\u00e9 en <strong>boucl\u00e9<\/strong> blanc, murs beige clair,<br \/>\nchaise en bois scandinave aux lignes ultra \u00e9pur\u00e9es : si vous<br \/>\nreconnaissez votre salon, votre d\u00e9co sent peut-\u00eatre un peu les<br \/>\nann\u00e9es 2020. En 2026, certains codes qui faisaient tr\u00e8s chic<br \/>\ncommencent \u00e0 envoyer un message moins flatteur : celui d\u2019un<br \/>\nint\u00e9rieur vu et revu.<\/p>\n<p>Les designers interrog\u00e9s ces derniers mois pointent trois<br \/>\ngrandes <strong>tendances d\u00e9co \u00e0 \u00e9viter en 2026<\/strong> parce<br \/>\nqu\u2019elles basculent dans le \u00ab\u00a0cringe\u00a0\u00bb visuel : le boucl\u00e9 blanc<br \/>\npartout, l\u2019<strong>int\u00e9rieur tout beige<\/strong> et le total look<br \/>\nmid\u2011century scandi. Rien d\u2019irr\u00e9versible, mais suffisamment marqu\u00e9<br \/>\npour dater une pi\u00e8ce au premier coup d\u2019\u0153il.<\/p>\n<p>Tendances d\u00e9co \u00e0 \u00e9viter en 2026 : rep\u00e9rer les signaux d\u2019alerte<br \/>\nchez soi<\/p>\n<p>En r\u00e9alit\u00e9, ces trois tendances ont un point commun : une forme<br \/>\nde <strong>minimalisme<\/strong> pouss\u00e9 \u00e0 l\u2019extr\u00eame. Lignes tr\u00e8s<br \/>\nsimples, formes arrondies, palette neutre et tr\u00e8s claire, surfaces<br \/>\nd\u00e9sencombr\u00e9es\u2026 le m\u00eame langage que celui du bureau minimaliste<br \/>\nd\u00e9crit par Elle, pens\u00e9 pour apaiser l\u2019\u0153il. Sauf que, transpos\u00e9<br \/>\npartout \u00e0 la maison, ce langage a fini par se retrouver clon\u00e9 d\u2019un<br \/>\nint\u00e9rieur \u00e0 l\u2019autre.<\/p>\n<p>Pour savoir si votre d\u00e9co a vieilli, regardez la pi\u00e8ce en photo.<br \/>\nSi plus de 80 % du volume est beige ou blanc cass\u00e9, si canap\u00e9<br \/>\nboucl\u00e9, table basse en ch\u00eane clair et petite lampe opaline cochent<br \/>\ntoutes les cases des catalogues 2021, le risque est r\u00e9el. Les<br \/>\ndesigners ne parlent pas de \u00ab\u00a0mauvais go\u00fbt\u00a0\u00bb, mais d\u2019un manque de<br \/>\nrelief et de personnalit\u00e9 qui saute aux yeux en 2026.<\/p>\n<p>Boucl\u00e9, tout beige, scandi : 3 tendances d\u00e9co \u00e0 \u00e9viter en<br \/>\n2026<\/p>\n<p>Premier accus\u00e9 : le fauteuil ou canap\u00e9 en boucl\u00e9 ivoire, d\u00e9clin\u00e9<br \/>\n\u00e0 l\u2019infini. \u00ab\u00a0Le boucl\u00e9 peut \u00eatre magnifique dans une gamme de<br \/>\ncouleurs, mais tapisser tout en ivoire et blanc est tellement<br \/>\nsurexploit\u00e9. Les enseignes de d\u00e9tail ont us\u00e9 cette tendance jusqu\u00a0\u00bb\u00e0<br \/>\nla corde\u00a0\u00bb, a expliqu\u00e9 Jennifer Jones, directrice de l\u2019agence Niche<br \/>\nInteriors, cit\u00e9e par le magazine Homes &amp; Gardens. Les pros<br \/>\ngardent l\u2019id\u00e9e de texture cosy, mais la d\u00e9placent vers le<br \/>\nshearling, le mohair, le velours ou des tissages \u00e9pais, dans des<br \/>\ntons amande, lin ou caramel qui ancrent davantage la pi\u00e8ce.<\/p>\n<p>Deuxi\u00e8me tendance fragilis\u00e9e : l\u2019int\u00e9rieur \u00ab\u00a0beige sur beige\u00a0\u00bb.<br \/>\n\u00ab\u00a0Alors que nous entrons dans l&rsquo;ann\u00e9e 2026, une tendance qui semble<br \/>\nclairement avoir d\u00e9pass\u00e9 son apog\u00e9e est l&rsquo;int\u00e9rieur enti\u00e8rement<br \/>\nbeige\u00a0\u00bb, constate la d\u00e9coratrice Jennifer Beget. Les salons<br \/>\nmonochromes sont jug\u00e9s plats, difficiles \u00e0 entretenir et trop<br \/>\npr\u00e9cieux pour y vivre vraiment. M\u00eame lassitude pour le total look<br \/>\n<strong>style scandinave<\/strong> mid\u2011century, d\u00e9clin\u00e9 en copies<br \/>\nbon march\u00e9. La d\u00e9coratrice McKenzie Milhousen r\u00e9sume le mouvement<br \/>\nde fond : \u00ab\u00a0Mais je pense en r\u00e9alit\u00e9 que nous allons chercher du<br \/>\nvintage provenant de p\u00e9riodes plus anciennes, les ann\u00e9es 1920,<br \/>\nvoire m\u00eame retourner jusqu&rsquo;aux antiquit\u00e9s victoriennes.\u00a0\u00bb L\u2019id\u00e9e<br \/>\nn\u2019est pas de jeter ses meubles scandi, mais de cesser de les<br \/>\nutiliser seuls.<\/p>\n<p>Actualiser votre d\u00e9co 2026 sans tout<br \/>\nchanger<\/p>\n<p>Pour sortir de ces trois orni\u00e8res, les designers misent sur<br \/>\nquelques gestes simples. D\u2019abord, casser une monoculture : si tout<br \/>\nest clair et lisse, on introduit une couleur profonde (vert<br \/>\nbouteille, bleu encre, terracotta douce) en rideaux, tapis ou grand<br \/>\ntableau. Si le boucl\u00e9 domine, on ajoute un plaid en velours ou des<br \/>\ncoussins en laine tiss\u00e9e plus sombre, qui r\u00e9\u00e9quilibrent tout de<br \/>\nsuite le regard. Le minimalisme reste utile pour trier et<br \/>\norganiser, moins comme esth\u00e9tique unique.<\/p>\n<p>Autre r\u00e9flexe de 2026 : m\u00e9langer les \u00e9poques et les textures.<br \/>\nUne armoire ann\u00e9es 1920 avec des chaises scandinaves, une petite<br \/>\ntable d\u2019appoint victorienne \u00e0 c\u00f4t\u00e9 d\u2019un canap\u00e9 contemporain, un<br \/>\nluminaire artisanal au-dessus d\u2019une cuisine simple\u2026 Les pros<br \/>\nrecommandent aussi de r\u00e9sister au \u00ab\u00a0fast furniture\u00a0\u00bb et de<br \/>\nprivil\u00e9gier quelques pi\u00e8ces de meilleure qualit\u00e9, souvent chin\u00e9es.<br \/>\nQuelques livres, photos et objets personnels bien choisis suffisent<br \/>\nalors \u00e0 faire basculer un int\u00e9rieur du c\u00f4t\u00e9 des maisons qui<br \/>\nsemblent actuelles sans suivre aveugl\u00e9ment la moindre tendance.<\/p>\n","protected":false},"excerpt":{"rendered":"Canap\u00e9 en boucl\u00e9 blanc, murs beige clair, chaise en bois scandinave aux lignes ultra \u00e9pur\u00e9es : si vous&hellip;\n","protected":false},"author":2,"featured_media":671522,"comment_status":"","ping_status":"","sticky":false,"template":"","format":"standard","meta":{"footnotes":""},"categories":[1358],"tags":[930,5734,19020,13041,70763,1348,1384,1385,68338,9122,33049,2869,8117,1386,58,10902,3026,59,1011,27,16456,6290,18830,3585,15161],"class_list":{"0":"post-671521","1":"post","2":"type-post","3":"status-publish","4":"format-standard","5":"has-post-thumbnail","7":"category-arts-et-design","8":"tag-le","9":"tag-5734","10":"tag-19020","11":"tag-a","12":"tag-abandonner","13":"tag-arts","14":"tag-arts-and-design","15":"tag-arts-et-design","16":"tag-beige","17":"tag-ces","18":"tag-durgence","19":"tag-date","20":"tag-deco","21":"tag-design","22":"tag-divertissement","23":"tag-dont","24":"tag-en","25":"tag-entertainment","26":"tag-fr","27":"tag-france","28":"tag-lair","29":"tag-salon","30":"tag-tendances","31":"tag-tout","32":"tag-votre"},"share_on_mastodon":{"url":"https:\/\/pubeurope.com\/@fr\/115914391054472702","error":""},"_links":{"self":[{"href":"https:\/\/www.europesays.com\/fr\/wp-json\/wp\/v2\/posts\/671521","targetHints":{"allow":["GET"]}}],"collection":[{"href":"https:\/\/www.europesays.com\/fr\/wp-json\/wp\/v2\/posts"}],"about":[{"href":"https:\/\/www.europesays.com\/fr\/wp-json\/wp\/v2\/types\/post"}],"author":[{"embeddable":true,"href":"https:\/\/www.europesays.com\/fr\/wp-json\/wp\/v2\/users\/2"}],"replies":[{"embeddable":true,"href":"https:\/\/www.europesays.com\/fr\/wp-json\/wp\/v2\/comments?post=671521"}],"version-history":[{"count":0,"href":"https:\/\/www.europesays.com\/fr\/wp-json\/wp\/v2\/posts\/671521\/revisions"}],"wp:featuredmedia":[{"embeddable":true,"href":"https:\/\/www.europesays.com\/fr\/wp-json\/wp\/v2\/media\/671522"}],"wp:attachment":[{"href":"https:\/\/www.europesays.com\/fr\/wp-json\/wp\/v2\/media?parent=671521"}],"wp:term":[{"taxonomy":"category","embeddable":true,"href":"https:\/\/www.europesays.com\/fr\/wp-json\/wp\/v2\/categories?post=671521"},{"taxonomy":"post_tag","embeddable":true,"href":"https:\/\/www.europesays.com\/fr\/wp-json\/wp\/v2\/tags?post=671521"}],"curies":[{"name":"wp","href":"https:\/\/api.w.org\/{rel}","templated":true}]}}