{"id":671619,"date":"2026-01-18T06:11:17","date_gmt":"2026-01-18T06:11:17","guid":{"rendered":"https:\/\/www.europesays.com\/fr\/671619\/"},"modified":"2026-01-18T06:11:17","modified_gmt":"2026-01-18T06:11:17","slug":"revivez-les-herbiers-bordeaux-girondins","status":"publish","type":"post","link":"https:\/\/www.europesays.com\/fr\/671619\/","title":{"rendered":"Revivez : Les Herbiers-Bordeaux &#8211; Girondins"},"content":{"rendered":"<p>Revivez : Les Herbiers-Bordeaux &#8211; Girondins &#8211; actu Girondins de Bordeaux par WebGirondins, FCGB : Mercato infos et Transferts depuis 2001 avec le 1er e m\u00e9dia ind\u00e9pendant sur les Girondins<\/p>\n<p><img decoding=\"async\" src=\"https:\/\/www.europesays.com\/fr\/wp-content\/uploads\/2026\/01\/671_148b7f7ae7249740a1f304acef8c51d0.jpg\" alt=\"Revivez : Les Herbiers-Bordeaux\" class=\"img-responsive\"\/><\/p>\n<p>Termin\u00e9<\/p>\n<dl>\n<dt>Composition Les Herbiers<\/dt>\n<dd>Rempp &#8211; Lopy &#8211; Kerriou &#8211; Tegar &#8211; Butrot &#8211; Vincent &#8211; Lavenant &#8211; Rissonga &#8211; Diaby &#8211; Adekalom &#8211; Fiquet<\/dd>\n<dt>Composition Bordeaux<\/dt>\n<dd>Hoekstra &#8211; Diop &#8211; Grillot &#8211; Droehnl\u00e9 &#8211; Trichard &#8211; Ba &#8211; Odru &#8211; Shamal &#8211; Openda &#8211; Villette &#8211; \u00c9tond\u00e9<\/dd>\n<\/dl>\n<p>  COMMENTAIRES<br \/>\n  ()<\/p>\n","protected":false},"excerpt":{"rendered":"Revivez : Les Herbiers-Bordeaux &#8211; Girondins &#8211; actu Girondins de Bordeaux par WebGirondins, FCGB : Mercato infos et&hellip;\n","protected":false},"author":2,"featured_media":671620,"comment_status":"","ping_status":"","sticky":false,"template":"","format":"standard","meta":{"footnotes":""},"categories":[2],"tags":[11,17298,1997,3682,1446,2834,1011,27,1987,2705,14979,3465,820,3238,12,5055,4571,5486,25,3679,3680,1264,3681],"class_list":{"0":"post-671619","1":"post","2":"type-post","3":"status-publish","4":"format-standard","5":"has-post-thumbnail","7":"category-actualites","8":"tag-actualites","9":"tag-avance","10":"tag-bordeaux","11":"tag-commente","12":"tag-dans","13":"tag-entre","14":"tag-fr","15":"tag-france","16":"tag-girondins","17":"tag-groupe","18":"tag-herbiers","19":"tag-journee","20":"tag-live","21":"tag-national","22":"tag-news","23":"tag-peut","24":"tag-prendre","25":"tag-rencontre","26":"tag-republique-francaise","27":"tag-revivez","28":"tag-venez","29":"tag-victoire","30":"tag-vivre"},"share_on_mastodon":{"url":"https:\/\/pubeurope.com\/@fr\/115914623309573570","error":""},"_links":{"self":[{"href":"https:\/\/www.europesays.com\/fr\/wp-json\/wp\/v2\/posts\/671619","targetHints":{"allow":["GET"]}}],"collection":[{"href":"https:\/\/www.europesays.com\/fr\/wp-json\/wp\/v2\/posts"}],"about":[{"href":"https:\/\/www.europesays.com\/fr\/wp-json\/wp\/v2\/types\/post"}],"author":[{"embeddable":true,"href":"https:\/\/www.europesays.com\/fr\/wp-json\/wp\/v2\/users\/2"}],"replies":[{"embeddable":true,"href":"https:\/\/www.europesays.com\/fr\/wp-json\/wp\/v2\/comments?post=671619"}],"version-history":[{"count":0,"href":"https:\/\/www.europesays.com\/fr\/wp-json\/wp\/v2\/posts\/671619\/revisions"}],"wp:featuredmedia":[{"embeddable":true,"href":"https:\/\/www.europesays.com\/fr\/wp-json\/wp\/v2\/media\/671620"}],"wp:attachment":[{"href":"https:\/\/www.europesays.com\/fr\/wp-json\/wp\/v2\/media?parent=671619"}],"wp:term":[{"taxonomy":"category","embeddable":true,"href":"https:\/\/www.europesays.com\/fr\/wp-json\/wp\/v2\/categories?post=671619"},{"taxonomy":"post_tag","embeddable":true,"href":"https:\/\/www.europesays.com\/fr\/wp-json\/wp\/v2\/tags?post=671619"}],"curies":[{"name":"wp","href":"https:\/\/api.w.org\/{rel}","templated":true}]}}