{"id":671634,"date":"2026-01-18T06:23:45","date_gmt":"2026-01-18T06:23:45","guid":{"rendered":"https:\/\/www.europesays.com\/fr\/671634\/"},"modified":"2026-01-18T06:23:45","modified_gmt":"2026-01-18T06:23:45","slug":"5-expos-gratuites-dans-les-galeries-parisiennes-pour-un-debut-dannee-reussi","status":"publish","type":"post","link":"https:\/\/www.europesays.com\/fr\/671634\/","title":{"rendered":"5 expos gratuites dans les galeries parisiennes pour un d\u00e9but d&rsquo;ann\u00e9e r\u00e9ussi"},"content":{"rendered":"<p class=\"editor-content__paragraph\">D\u00e9couvrez comment <strong><a href=\"https:\/\/www.beauxarts.com\/encyclo\/sophie-taeuber-arp-en-2-minutes\/\" target=\"_blank\" rel=\"noopener\">Sophie Taeuber-Arp<\/a><\/strong> a r\u00e9volutionn\u00e9 l\u2019<a href=\"https:\/\/www.beauxarts.com\/grand-format\/labstraction-en-2-minutes\/\" target=\"_blank\" rel=\"noopener\">abstraction g\u00e9om\u00e9trique<\/a> avec ses courbes audacieuses, plongez dans les toiles de <strong>Sarah Grilo<\/strong> dignes d\u2019un T\u00e0pies, voyagez dans l\u2019univers po\u00e9tique des c\u00e9ramiques monumentales de <strong>Joel Gaitan<\/strong> \u00e0 la galerie Lefebvre &amp; Fils, ou bien laissez-vous porter par la tension cr\u00e9ative de <strong>Franck Chalendard<\/strong> chez Ceysson &amp; B\u00e9n\u00e9ti\u00e8re.<\/p>\n<p class=\"editor-content__paragraph\">Ces expositions, <strong>accessibles gratuitement<\/strong> dans les <strong>galeries du Marais, de Saint-Germain-des-Pr\u00e9s<\/strong> et du 8e arrondissement de la capitale, constituent l\u2019agenda culturel indispensable pour tous les amateurs d\u2019art <strong>en ce d\u00e9but d\u2019ann\u00e9e 2026<\/strong>. Certains accrochages sont encore l\u00e0 pour quelques semaines, ne tardez pas\u00a0!<\/p>\n<p>        \u00c0 lire aussi :<br \/>\n        <a class=\"renvoi-explicite__link\" href=\"https:\/\/www.beauxarts.com\/lifestyle\/incontournables-intimistes-ou-audacieuses-20-galeries-a-visiter-a-paris\/\" target=\"_blank\" rel=\"noopener\">Nos galeries d&rsquo;art contemporain pr\u00e9f\u00e9r\u00e9es \u00e0 visiter \u00e0 Paris et en \u00cele-de-France !<\/a><\/p>\n<p>Les courbes de Sophie Taeuber-Arp chez Hauser &amp; Wirth<\/p>\n<p>    <img loading=\"lazy\" decoding=\"async\" class=\"image__img\" src=\"https:\/\/www.europesays.com\/fr\/wp-content\/uploads\/2026\/01\/webtaeub83711_003_230-framed-recto-hires-964x1152.jpg\" alt=\"Sophie Taeuber-Arp, Summer Lines [Lignes d\u2019\u00e9t\u00e9]\" width=\"964\" height=\"1152\"\/><\/p>\n<p>Sophie Taeuber-Arp, Summer Lines [Lignes d\u2019\u00e9t\u00e9], 1942<\/p>\n<p>    i<\/p>\n<p class=\"legende__cartel\">Huile sur carton \u2022 45,9 \u00d7 38\u00a0cm \u2022 Courtesy Stiftung Arp e.V., Berlin-Rolandswerth et galerie Hauser &amp; Wirth \/ \u00a9 Stiftung Arp e.V., Berlin-Rolandswerth \/ Photo Alex Delfanne<\/p>\n<p class=\"editor-content__paragraph\">Sophie Taeuber-Arp (1889\u20131943) \u00e9tait <strong>une pionni\u00e8re<\/strong> sur toute la ligne\u2026 Cette premi\u00e8re exposition personnelle \u00e0 Paris de l\u2019artiste suisse depuis la donation au MAM d\u00e9ploie <strong>45 \u0153uvres<\/strong> explorant <strong>son vocabulaire de la courbe<\/strong>. Pens\u00e9 par l\u2019historienne de l\u2019art britannique Briony Fer, cet accrochage magistral r\u00e9v\u00e8le comment l\u2019\u00e9pouse de <a href=\"https:\/\/www.beauxarts.com\/grand-format\/jean-arp-en-2-minutes\/\" target=\"_blank\" rel=\"noopener\">Jean Arp<\/a> a <strong>tordu les codes de l\u2019abstraction g\u00e9om\u00e9trique<\/strong> avec ses perroquets et pistolets de tra\u00e7age. Des gouaches de 1918\u00a0aux \u00ab\u00a0constructions g\u00e9om\u00e9triques\u00a0\u00bb r\u00e9alis\u00e9es juste avant sa mort, on mesure <strong>l\u2019audace<\/strong> d\u2019une artiste qui a fusionn\u00e9 <a href=\"https:\/\/www.beauxarts.com\/grand-format\/dada-en-3-minutes\/\" target=\"_blank\" rel=\"noopener\">Dada<\/a> et <a href=\"https:\/\/www.beauxarts.com\/grand-format\/le-constructivisme-russe-en-deux-minutes\/\" target=\"_blank\" rel=\"noopener\">constructivisme<\/a>, textile et peinture, sans jamais se laisser enfermer. La <strong>s\u00e9rie des \u00ab\u00a0\u00c9chelonnements\u00a0\u00bb<\/strong> de 1934, avec leurs bords incurv\u00e9s et leurs formes d\u00e9coup\u00e9es en n\u00e9gatif, hypnotise. Un catalogue bilingue accompagne cette <strong>red\u00e9couverte essentielle<\/strong>.<\/p>\n<p>  Arrow<\/p>\n<p>Sophie Taeuber-Arp \u2014 La r\u00e8gle des courbes<\/p>\n<p>Du 17 janvier 2026 au 7 mars 2026<\/p>\n<p class=\"annexe-content__infos\">Hauser &amp; Wirth Paris \u2022 26 Rue Fran\u00e7ois 1er \u2022 75008 Paris<br \/><a href=\"https:\/\/www.hauserwirth.com\/news\/37813-hauser-wirth-paris-to-open\/\" target=\"_blank\" rel=\"noopener\">www.hauserwirth.com<\/a><\/p>\n<p>        \u00c0 lire aussi :<br \/>\n        <a class=\"renvoi-explicite__link\" href=\"https:\/\/www.beauxarts.com\/encyclo\/sophie-taeuber-arp-en-2-minutes\/\" target=\"_blank\" rel=\"noopener\">Sophie Taeuber-Arp en 2 minutes<\/a><\/p>\n<p>Les c\u00e9ramiques voyageuses de Joel Gaitan \u00e0 la galerie Lefebvre &amp; Fils<\/p>\n<p>    <img loading=\"lazy\" decoding=\"async\" class=\"image__img\" src=\"https:\/\/www.europesays.com\/fr\/wp-content\/uploads\/2026\/01\/webq9a5344-964x1446.jpg\" alt=\"Joel Gaitan, El Diablito Est\u00e1 Tocando (d\u00e9tail)\" width=\"964\" height=\"1446\"\/><\/p>\n<p>Joel Gaitan, El Diablito Est\u00e1 Tocando (d\u00e9tail), 2025<\/p>\n<p>    i<\/p>\n<p class=\"legende__cartel\">Gr\u00e8s \u00e9maill\u00e9, dorure \u2022 \u00a9 Photo Anthony Girardi<\/p>\n<p class=\"editor-content__paragraph\">\u00ab\u00a0Raconter des histoires, c\u2019est la po\u00e9sie de la vie\u00a0\u00bb, affirme-t-il. Laissez-vous transporter, jusqu\u2019\u00e0 la fin janvier, par les r\u00e9cits transmis \u00e0 travers les <strong>vases monumentaux en terre cuite<\/strong> de Joel Gaitan, lequel a pris ses quartiers chez Lefebvre &amp; Fils, galerie de la rue du Bac. Cet <strong>artiste am\u00e9ricano-nicaraguayen<\/strong> de 30\u00a0ans, fra\u00eechement sorti d\u2019une r\u00e9sidence \u00e0 Versailles, r\u00e9invente ici les <strong>traditions c\u00e9ramiques d\u2019Am\u00e9rique centrale<\/strong> en y <strong>sculptant des visages<\/strong>, de Miami au Nicaragua, m\u00ealant sa po\u00e9sie personnelle \u00e0 la m\u00e9moire collective. \u00c9lev\u00e9 dans le pentec\u00f4tisme, Gaitan transpose l\u2019esprit de cette foi tout en <strong>explorant identit\u00e9, sexualit\u00e9 et lign\u00e9e ancestrale<\/strong>. Ses pi\u00e8ces stratifi\u00e9es, <strong>fa\u00e7onn\u00e9es \u00e0 la main<\/strong> selon des techniques s\u00e9culaires, c\u00e9l\u00e8brent une esth\u00e9tique trop longtemps rel\u00e9gu\u00e9e. Remarqu\u00e9 au MoMA PS1\u00a0de New York, l\u2019artiste s\u2019impose par une pratique \u00e0 admirer sans plus tarder dans la capitale.<\/p>\n<p>  Arrow<\/p>\n<p>Solo Quedan Los Recuerdos \u2013 Joel Gaitan<\/p>\n<p>Du 11 d\u00e9cembre 2025 au 25 janvier 2026<\/p>\n<p class=\"url-expo\"><a href=\"http:\/\/lefebvreetfils.fr\/joel-gaitan-2025-a-propos\" target=\"_blank\" rel=\"noopener\">lefebvreetfils.fr<\/a><\/p>\n<p class=\"annexe-content__infos\">Galerie Lefebvre &amp; Fils \u2022 24 Rue du Bac \u2022 75007 Paris<br \/><a href=\"http:\/\/lefebvreetfils.fr\/\" target=\"_blank\" rel=\"noopener\">lefebvreetfils.fr<\/a><\/p>\n<p>        \u00c0 lire aussi :<br \/>\n        <a class=\"renvoi-explicite__link\" href=\"https:\/\/www.beauxarts.com\/expos\/mandico-johanna-mirabel-myop-bd-5-expos-gratuites-qui-rechauffent-le-mois-de-janvier\/\" target=\"_blank\" rel=\"noopener\">Mandico, Johanna Mirabel, Myop, BD&#8230; 5 expos gratuites qui r\u00e9chauffent le mois de janvier<\/a><\/p>\n<p>Josef Albers et L\u00e9on Spilliaert en duo \u00e0 la galerie David Zwirner<\/p>\n<p>    <img loading=\"lazy\" decoding=\"async\" class=\"image__img\" src=\"https:\/\/www.europesays.com\/fr\/wp-content\/uploads\/2026\/01\/webalbjo0706-964x958.jpg\" alt=\"Josef Albers, Study for Homage to the Square: Spring Out [\u00c9tude pour Hommage au Carr\u00e9 : \u00c9closion]\" width=\"964\" height=\"958\"\/><\/p>\n<p>Josef Albers, Study for Homage to the Square: Spring Out [\u00c9tude pour Hommage au Carr\u00e9\u00a0: \u00c9closion], 1962<\/p>\n<p>    i<\/p>\n<p class=\"legende__cartel\">Huile sur isorel (panneau de fibres) \u2022 101,6 \u00d7 101,6\u00a0cm \u2022 Courtesy The Josef and Anni Albers Foundation et David Zwirner \/ \u00a9 The Josef and Anni Albers Foundation \/ Artists Rights Society (ARS), New York<\/p>\n<p class=\"editor-content__paragraph\">Un programme remarquable vous attend <strong>rue Vieille-du-Temple<\/strong>\u00a0! \u00c0 partir du 15\u00a0janvier, au rez-de-chauss\u00e9e de la galerie David Zwirner, <a href=\"https:\/\/www.beauxarts.com\/grand-format\/anni-josef-albers-en-2-minutes\/\" target=\"_blank\" rel=\"noopener\"><strong>Josef Albers<\/strong><\/a> (1888\u20131976) se montre <strong>par duos<\/strong>\u00a0: m\u00eame motif, variations chromatiques infinies dans<strong> \u00ab\u00a0Homage to the Square\u00a0\u00bb<\/strong> et la s\u00e9rie <strong>\u00ab\u00a0Variant\/Adobe\u00a0\u00bb<\/strong>, cette derni\u00e8re s\u2019inspirant des doubles portes de l\u2019architecture mexicaine. Organis\u00e9e avec la fondation Albers, l\u2019exposition suit la premi\u00e8re donation massive au mus\u00e9e d\u2019Art moderne de Paris. \u00c0 l\u2019\u00e9tage, c\u2019est <strong><a href=\"https:\/\/www.beauxarts.com\/grand-format\/leon-spilliaert-en-2-minutes\/\" target=\"_blank\" rel=\"noopener\">L\u00e9on Spilliaert<\/a><\/strong> (1881\u20131946) qui d\u00e9ploie son myst\u00e8re, entre <strong>autoportraits fantomatiques<\/strong> et <strong>atmosph\u00e8res \u00e9nigmatiques<\/strong>, entre <a href=\"https:\/\/www.beauxarts.com\/grand-format\/le-symbolisme-en-2-minutes\/\" target=\"_blank\" rel=\"noopener\">symbolisme<\/a> et <a href=\"https:\/\/www.beauxarts.com\/grand-format\/lexpressionnisme-en-2-minutes\/\" target=\"_blank\" rel=\"noopener\">expressionnisme<\/a>. Le Belge d\u2019Ostende, contemporain de <a href=\"https:\/\/www.beauxarts.com\/grand-format\/james-ensor-en-2-minutes\/\" target=\"_blank\" rel=\"noopener\">James Ensor<\/a>, a expos\u00e9 d\u00e8s 1904 \u00e0 Paris aux c\u00f4t\u00e9s de Pablo Picasso. Apr\u00e8s une <a href=\"https:\/\/www.beauxarts.com\/expos\/les-noires-obsessions-de-leon-spilliaert\/\" target=\"_blank\" rel=\"noopener\">r\u00e9trospective au mus\u00e9e d\u2019Orsay<\/a> en 2020\u20132021, ses \u0153uvres sur papier r\u00e9v\u00e8lent une <strong>intensit\u00e9 psychologique saisissante<\/strong>.<\/p>\n<p>  Arrow<\/p>\n<p>Josef Albers \u2013 Duets \/ L\u00e9on Spilliaert<\/p>\n<p>Du 15 janvier 2026 au 21 mars 2026<\/p>\n<p class=\"url-expo\"><a href=\"https:\/\/www.davidzwirner.com\/exhibitions\/2026\/josef-albers-duets\" target=\"_blank\" rel=\"noopener\">www.davidzwirner.com<\/a><\/p>\n<p class=\"annexe-content__infos\">Galerie David Zwirner \u2022 108 Rue Vieille du Temple \u2022 75003 Paris<br \/><a href=\"https:\/\/www.davidzwirner.com\/\" target=\"_blank\" rel=\"noopener\">www.davidzwirner.com<\/a><\/p>\n<p>        \u00c0 lire aussi :<br \/>\n        <a class=\"renvoi-explicite__link\" href=\"https:\/\/www.beauxarts.com\/expos\/les-noires-obsessions-de-leon-spilliaert\/\" target=\"_blank\" rel=\"noopener\">Les noires obsessions de L\u00e9on Spilliaert<\/a><\/p>\n<p>Le souffle de Franck Chalendard chez Ceysson &amp; B\u00e9n\u00e9ti\u00e8re Paris<\/p>\n<p>    <img loading=\"lazy\" decoding=\"async\" class=\"image__img\" src=\"https:\/\/www.europesays.com\/fr\/wp-content\/uploads\/2026\/01\/webgceyb-2025-franck-chalendard-004-964x745.jpg\" alt=\"Vue de l\u2019exposition \u00ab\u00a0Franck Chalendard \u2013 Le vent souffle o\u00f9 il veut\u00a0\u00bb a\u0300 la galerie Ceysson &amp; Be\u0301ne\u0301tiere, Paris\" width=\"964\" height=\"745\"\/><\/p>\n<p>Vue de l\u2019exposition \u00ab\u00a0Franck Chalendard \u2013 Le vent souffle o\u00f9 il veut\u00a0\u00bb a\u0300 la galerie Ceysson &amp; Be\u0301ne\u0301tiere, Paris, 2025<\/p>\n<p>    i<\/p>\n<p class=\"editor-content__paragraph\">Hors du cadre, hors du tableau, hors du temps\u2026 Le peintre Franck Chalendard (n\u00e9 en 1966)<strong> \u00e9largit son champ<\/strong> et bouscule tout\u00a0: dans une tension permanente entre construction et d\u00e9construction, fond et forme, ce <strong>virtuose abstrait<\/strong> combine <strong>sculpture et peinture<\/strong> sans hi\u00e9rarchie, couvre certaines toiles de<strong> surfaces repeintes<\/strong> tandis que d\u2019autres <strong>exhibent leur support brut<\/strong>. \u00c9ric de Chassey, directeur de l\u2019\u00c9cole nationale des beaux-arts et commissaire de l\u2019exposition, d\u00e9c\u00e8le chez lui un <strong>\u00ab\u00a0baroquisme exacerb\u00e9\u00a0\u00bb<\/strong> o\u00f9 planches, morceaux de carton et tourbillons d\u2019anneaux sculpt\u00e9s envahissent l\u2019espace du spectateur. <strong>Ses grands tableaux intitul\u00e9s Gargouilles<\/strong> disposent sur la surface du panneau des \u00e9l\u00e9ments peints et des parties sculpturales. Radical pur jus.<\/p>\n<p>  Arrow<\/p>\n<p>Franck Chalendard &#8211; Le vent souffle o\u00f9 il veut<\/p>\n<p>Du 4 d\u00e9cembre 2025 au 31 janvier 2026<\/p>\n<p class=\"annexe-content__infos\">Galerie Ceysson &amp; B\u00e9n\u00e9ti\u00e8re \u2022 23 Rue du Renard \u2022 75004 Paris<br \/><a href=\"https:\/\/www.ceyssonbenetiere.com\/fr\/home\/\" target=\"_blank\" rel=\"noopener\">www.ceyssonbenetiere.com<\/a><\/p>\n<p>        \u00c0 lire aussi :<br \/>\n        <a class=\"renvoi-explicite__link\" href=\"https:\/\/www.beauxarts.com\/expos\/monet-hilma-af-klint-martin-parr-matisse-les-plus-belles-expos-a-voir-en-2026\/\" target=\"_blank\" rel=\"noopener\">Monet, Hilma af Klint, Martin Parr, Matisse&#8230; Les plus belles expos \u00e0 voir en 2026<\/a><\/p>\n<p>Incontournable Sarah Grilo \u00e0 la galerie Lelong<\/p>\n<p>    <img loading=\"lazy\" decoding=\"async\" class=\"image__img\" src=\"https:\/\/www.europesays.com\/fr\/wp-content\/uploads\/2026\/01\/web1-dos-dias-964x960.jpg\" alt=\"Sarah Grilo, Dos d\u00edas [Deux jours]\" width=\"964\" height=\"960\"\/><\/p>\n<p>Sarah Grilo, Dos d\u00edas [Deux jours], 1983<\/p>\n<p>    i<\/p>\n<p class=\"legende__cartel\">Huile sur toile \u2022 150 \u00d7 150\u00a0cm \u2022 Courtesy Galerie Lelong \/ \u00a9 The Estate of Sarah Grilo<\/p>\n<p class=\"editor-content__paragraph\"><strong>Disparue en 2007<\/strong>, \u00e0 90\u00a0ans, l\u2019Argentine Sarah Grilo b\u00e9n\u00e9ficie enfin de<strong> la reconnaissance qu\u2019elle m\u00e9rite<\/strong>\u00a0: au MoMA comme au Metropolitan Museum de New York, ses toiles voisinent d\u00e9sormais avec les grands <a href=\"https:\/\/www.beauxarts.com\/grand-format\/antoni-tapies-en-deux-minutes\/\" target=\"_blank\" rel=\"noopener\">Antoni T\u00e0pies<\/a> et <a href=\"https:\/\/www.beauxarts.com\/grand-format\/mark-rothko-en-2-minutes\/\" target=\"_blank\" rel=\"noopener\">Mark Rothko<\/a>. Profitez donc de l\u2019accrochage exceptionnel de la galerie Lelong pour d\u00e9couvrir ce nom trop longtemps oubli\u00e9\u00a0! L\u2019exposition r\u00e9unit<strong> des \u0153uvres des ann\u00e9es 1970\u20131980<\/strong>, p\u00e9riode o\u00f9 l\u2019artiste naviguait <strong>entre Paris et Madrid<\/strong>. Apr\u00e8s un passage par l\u2019abstraction g\u00e9om\u00e9trique, Grilo a d\u00e9velopp\u00e9 \u00e0 New York <strong>un langage vibrant<\/strong> fait d\u2019enseignes clignotantes, de chiffres, de graffitis et de slogans publicitaires m\u00eal\u00e9s \u00e0 des coulures. L\u2019artiste aimait les <strong>permutations et fragmentations<\/strong>, inspir\u00e9e par le principe math\u00e9matique \u00ab\u00a0l\u2019ordre des facteurs ne modifie pas le r\u00e9sultat\u00a0\u00bb \u2013 d\u2019o\u00f9 son tableau Desorden de los factores. Un avant-go\u00fbt captivant, qui se double d\u2019un catalogu\u00e9 \u00e9dit\u00e9 pour l\u2019occasion, avant une<strong> r\u00e9trospective \u00e0 venir<\/strong> \u00e0 la <strong>fondation Juan March<\/strong> de Palma de Majorque en 2026.<\/p>\n<p>  Arrow<\/p>\n<p>Sarah Grilo &#8211; Paris \u2194 Madrid<\/p>\n<p>Du 15 janvier 2026 au 7 mars 2026<\/p>\n<p class=\"annexe-content__infos\">Galerie Lelong &amp; Co \u2022 13 Rue de T\u00e9h\u00e9ran \u2022 75008 Paris<br \/><a href=\"http:\/\/www.galerie-lelong.com\/fr\/\" target=\"_blank\" rel=\"noopener\">www.galerie-lelong.com<\/a><\/p>\n<p>        \u00c0 lire aussi :<br \/>\n        <a class=\"renvoi-explicite__link\" href=\"https:\/\/www.beauxarts.com\/expos\/ces-artistes-que-vous-allez-adorer-decouvrir-en-2026\/\" target=\"_blank\" rel=\"noopener\">Ces artistes que vous allez adorer d\u00e9couvrir en 2026<\/a><\/p>\n","protected":false},"excerpt":{"rendered":"D\u00e9couvrez comment Sophie Taeuber-Arp a r\u00e9volutionn\u00e9 l\u2019abstraction g\u00e9om\u00e9trique avec ses courbes audacieuses, plongez dans les toiles de Sarah&hellip;\n","protected":false},"author":2,"featured_media":671635,"comment_status":"","ping_status":"","sticky":false,"template":"","format":"standard","meta":{"footnotes":""},"categories":[1358],"tags":[1396,12870,1348,1384,1385,1386,58,59,24193,1011,27,50087,77127,77129,77128,7455,17399],"class_list":{"0":"post-671634","1":"post","2":"type-post","3":"status-publish","4":"format-standard","5":"has-post-thumbnail","7":"category-arts-et-design","8":"tag-art-contemporain","9":"tag-art-moderne","10":"tag-arts","11":"tag-arts-and-design","12":"tag-arts-et-design","13":"tag-design","14":"tag-divertissement","15":"tag-entertainment","16":"tag-expos-gratuites","17":"tag-fr","18":"tag-france","19":"tag-galerie-ceysson-benetiere","20":"tag-galerie-david-zwirner","21":"tag-galerie-lefebvre-fils","22":"tag-galerie-lelong-co","23":"tag-galeries","24":"tag-hauser-wirth-paris"},"share_on_mastodon":{"url":"https:\/\/pubeurope.com\/@fr\/115914670524042944","error":""},"_links":{"self":[{"href":"https:\/\/www.europesays.com\/fr\/wp-json\/wp\/v2\/posts\/671634","targetHints":{"allow":["GET"]}}],"collection":[{"href":"https:\/\/www.europesays.com\/fr\/wp-json\/wp\/v2\/posts"}],"about":[{"href":"https:\/\/www.europesays.com\/fr\/wp-json\/wp\/v2\/types\/post"}],"author":[{"embeddable":true,"href":"https:\/\/www.europesays.com\/fr\/wp-json\/wp\/v2\/users\/2"}],"replies":[{"embeddable":true,"href":"https:\/\/www.europesays.com\/fr\/wp-json\/wp\/v2\/comments?post=671634"}],"version-history":[{"count":0,"href":"https:\/\/www.europesays.com\/fr\/wp-json\/wp\/v2\/posts\/671634\/revisions"}],"wp:featuredmedia":[{"embeddable":true,"href":"https:\/\/www.europesays.com\/fr\/wp-json\/wp\/v2\/media\/671635"}],"wp:attachment":[{"href":"https:\/\/www.europesays.com\/fr\/wp-json\/wp\/v2\/media?parent=671634"}],"wp:term":[{"taxonomy":"category","embeddable":true,"href":"https:\/\/www.europesays.com\/fr\/wp-json\/wp\/v2\/categories?post=671634"},{"taxonomy":"post_tag","embeddable":true,"href":"https:\/\/www.europesays.com\/fr\/wp-json\/wp\/v2\/tags?post=671634"}],"curies":[{"name":"wp","href":"https:\/\/api.w.org\/{rel}","templated":true}]}}