{"id":671719,"date":"2026-01-18T07:22:11","date_gmt":"2026-01-18T07:22:11","guid":{"rendered":"https:\/\/www.europesays.com\/fr\/671719\/"},"modified":"2026-01-18T07:22:11","modified_gmt":"2026-01-18T07:22:11","slug":"ce-prenom-aux-meilleurs-resultats-au-bac-fait-son-grand-comeback","status":"publish","type":"post","link":"https:\/\/www.europesays.com\/fr\/671719\/","title":{"rendered":"Ce pr\u00e9nom aux meilleurs r\u00e9sultats au bac fait son grand comeback"},"content":{"rendered":"<p itemprop=\"description\">Ce pr\u00e9nom de filles intelligentes qui<br \/>\nsemblait tomber dans l&rsquo;oubli fait une r\u00e9elle remontada, il<br \/>\ns&rsquo;inspire de nos fleurs.<\/p>\n<p>Personne n\u00a0\u00bba envie de donner naissance \u00e0 un enfant b\u00eate. On<br \/>\npr\u00e9f\u00e9rera toujours avoir un enfant intelligent, <a href=\"https:\/\/www.bibamagazine.fr\/lifestyle\/psycho\/la-science-est-formelle-voici-la-plus-haute-forme-dintelligence-et-elle-ne-se-calcule-pas-avec-le-qi-499930.html\" target=\"_blank\" rel=\"noopener\">de toutes les mani\u00e8res que<br \/>\nl&rsquo;intelligence se montre<\/a>. Mais en r\u00e9alit\u00e9, on ne peut pas y<br \/>\nfaire grand-chose. Choisir un papa pas trop stupide aide cependant.<br \/>\nUne fois qu&rsquo;on a choisi le bon parent, seule l&rsquo;\u00e9ducation peut<br \/>\nl&rsquo;aider \u00e0 d\u00e9velopper son intelligence. Si on lit \u00e0 droite et \u00e0<br \/>\ngauche que les om\u00e9gas 3 renforcent l&rsquo;intelligence, on lui donnera<br \/>\npeut-\u00eatre un peu plus d&rsquo;aliments en contenant.<\/p>\n<p>Mais une fois qu&rsquo;il ou elle est n\u00e9.e, on ne peut pas faire<br \/>\ngrand-chose. On peut penser que le pr\u00e9nom de l&rsquo;enfant peut lui<br \/>\ndonner un QI plus \u00e9lev\u00e9. On l&rsquo;a d&rsquo;ailleurs certainement lu un peu<br \/>\npartout. Cependant, la source (Universit\u00e9 de Stanford) s&rsquo;est<br \/>\nr\u00e9v\u00e9l\u00e9e compl\u00e8tement fausse. Par cons\u00e9quent, le nom donn\u00e9 \u00e0<br \/>\nl&rsquo;enfant n&rsquo;influera pas sur son <a href=\"https:\/\/www.bibamagazine.fr\/lifestyle\/psycho\/vous-etes-plus-intelligent-que-les-autres-si-vous-refusez-de-faire-cette-tache-menagere-500348.html\" target=\"_blank\" rel=\"noopener\">intelligence<\/a>. Malgr\u00e9 cela, on<br \/>\npeut tout de m\u00eame s&rsquo;attarder sur les pr\u00e9noms des personnes qui<br \/>\nr\u00e9ussissent le mieux au Baccalaur\u00e9at. M\u00eame si les r\u00e9sultats<br \/>\nscolaires ne prouvent pas l&rsquo;intelligence, ils laissent une<br \/>\n<strong>r\u00e9putation<\/strong> de personne intelligente.<\/p>\n<p>Les pr\u00e9noms aux meilleurs r\u00e9sultats au Bac<\/p>\n<p>Il reste important de rappeler que le pr\u00e9nom n&rsquo;a pas d&rsquo;infuence<br \/>\nsur nos r\u00e9sultats au bac. La premi\u00e8re raison \u00e9tant que les copies<br \/>\nsont anonymis\u00e9es. Le m\u00e9dia\u00a0<a href=\"http:\/\/xn--monde-9ra.fr\/\" data-mrf-link=\"http:\/\/xn--monde-9ra.fr\/\" data-modified-href=\"http:\/\/xn--monde-9ra.fr\/\" data-modified- target=\"_blank\" rel=\"noopener\">lemonde.fr<\/a>\u00a0a d\u00e9voil\u00e9 \u00e0 quelques jours du bac<br \/>\nquels \u00e9taient les pr\u00e9noms ayant eu le plus de pourcentage de<br \/>\nmentions tr\u00e8s bien au baccalaur\u00e9at. Pour les filles, on a<br \/>\nune\u00a0<strong>statistique \u00e9tonnante<\/strong>. 45,7% donc pr\u00e8s<br \/>\nd\u2019une\u00a0<strong>Flore<\/strong> sur deux a re\u00e7u la mention tr\u00e8s<br \/>\nbien au bac. Suivie de Rapha\u00eblle avec 36,7%\u00a0 Les Flore les<br \/>\nd\u00e9passent de presque 10 pourcents.\u00a0Voici la liste des autres<br \/>\npr\u00e9noms dans l\u2019ordre de d\u00e9croissant de pourcentage.<\/p>\n<p class=\"p1\">3.Diane<br \/>4.Cyrielle<br \/>5.Violette<br \/>6.C\u00e9cile<br \/>7.Mila<br \/>8.Louison<br \/>9.Ad\u00e8le<br \/>10.Rachel<\/p>\n<p class=\"p1\" data-paragraph-index=\"5\"><strong>Les filles<br \/>\nr\u00e9ussissant plus \u00e0 l&rsquo;\u00e9cole que les gar\u00e7ons<\/strong> (alors qu&rsquo;elles<br \/>\nsont moins pay\u00e9es \u00e0 poste \u00e9gal), le pourcentage du gar\u00e7on se r\u00e9v\u00e8le<br \/>\nplus bas. Seulement 35,4% des <strong>Anatole<\/strong> ont eu la<br \/>\nmention tr\u00e8s bien au bac. Se suivent ensuite No\u00e9, Alix, Hippolyte,<br \/>\nHenri, Ulysse, Ewen, Augustin et Louison (oui encore). Des pr\u00e9noms<br \/>\ntr\u00e8s marqu\u00e9s socialement, ce que prouve le sociologue<br \/>\n<strong>Jean-Baptiste Coulmont<\/strong> dans son ouvrage Sociologie<br \/>\ndes pr\u00e9noms.<\/p>\n<p>Que sait-on du<br \/>\npr\u00e9nom f\u00e9minin ayant le plus r\u00e9ussi au bac ?<\/p>\n<p>On sait tout d&rsquo;abord que ce pr\u00e9nom ne sera pas aussi populaire<br \/>\nles prochaines ann\u00e9es. En effet, selon les donn\u00e9es de l&rsquo;Insee, ce<br \/>\npr\u00e9nom a eu une d\u00e9croissance de popularit\u00e9. <strong>Depuis 2007, le<br \/>\npr\u00e9nom est bien moins populaire<\/strong>, passant de courant \u00e0<br \/>\n<a href=\"https:\/\/www.bibamagazine.fr\/lifestyle\/mes-proches\/ultra-rare-ce-joli-prenom-donne-0-fois-en-2024-merite-son-come-back-il-va-vous-faire-fondre-500675.html\" target=\"_blank\" rel=\"noopener\">rare<\/a>. Les 2007 ayant 19 ans<br \/>\ncette ann\u00e9e, on sait qu&rsquo;elles seront moins nombreuses \u00e0 passer le<br \/>\nbac, car elles seront moins nombreuses tout simplement.<\/p>\n<p>Cependant, de 2023 \u00e0 2024, on a vu une certaine recrue d&rsquo;essence<br \/>\nde ce pr\u00e9nom. En effet, Flore passe de 70 naissances en 2023 \u00e0 85<br \/>\nnaissances en 2024. Ainsi, on remarque une r\u00e9elle augmentation de<br \/>\nce pr\u00e9nom. Il faudra attendre quelques semaines avant d&rsquo;avoir les<br \/>\nr\u00e9sultats de 2025. Mais on peut penser que cette r\u00e9ussite au bac a<br \/>\npu influencer quelques parents. Outre cela, la nostalgie des<br \/>\ndessins anim\u00e9s de ces ann\u00e9es a pu le rendre plus populaire. En<br \/>\neffet, il nous fait penser \u00e0 <strong>Flora<\/strong> des Winx, qui<br \/>\nest la pr\u00e9f\u00e9r\u00e9e de nombreuses personnes.<\/p>\n","protected":false},"excerpt":{"rendered":"Ce pr\u00e9nom de filles intelligentes qui semblait tomber dans l&rsquo;oubli fait une r\u00e9elle remontada, il s&rsquo;inspire de nos&hellip;\n","protected":false},"author":2,"featured_media":671720,"comment_status":"","ping_status":"","sticky":false,"template":"","format":"standard","meta":{"footnotes":""},"categories":[1586],"tags":[17,13041,11,3031,3050,77136,17488,24599,1777,674,1779,21,1295,1011,27,2515,151,9340,12,10478,3583,25,1980,3711,1778,364],"class_list":{"0":"post-671719","1":"post","2":"type-post","3":"status-publish","4":"format-standard","5":"has-post-thumbnail","7":"category-europe","8":"tag-17","9":"tag-a","10":"tag-actualites","11":"tag-au","12":"tag-bac","13":"tag-back","14":"tag-ce","15":"tag-come","16":"tag-eu","17":"tag-europe","18":"tag-european-union","19":"tag-fait","20":"tag-feminin","21":"tag-fr","22":"tag-france","23":"tag-grand","24":"tag-les","25":"tag-meilleurs","26":"tag-news","27":"tag-prenom","28":"tag-qui","29":"tag-republique-francaise","30":"tag-resultats","31":"tag-son","32":"tag-ue","33":"tag-union-europeenne"},"share_on_mastodon":{"url":"https:\/\/pubeurope.com\/@fr\/115914902305030359","error":""},"_links":{"self":[{"href":"https:\/\/www.europesays.com\/fr\/wp-json\/wp\/v2\/posts\/671719","targetHints":{"allow":["GET"]}}],"collection":[{"href":"https:\/\/www.europesays.com\/fr\/wp-json\/wp\/v2\/posts"}],"about":[{"href":"https:\/\/www.europesays.com\/fr\/wp-json\/wp\/v2\/types\/post"}],"author":[{"embeddable":true,"href":"https:\/\/www.europesays.com\/fr\/wp-json\/wp\/v2\/users\/2"}],"replies":[{"embeddable":true,"href":"https:\/\/www.europesays.com\/fr\/wp-json\/wp\/v2\/comments?post=671719"}],"version-history":[{"count":0,"href":"https:\/\/www.europesays.com\/fr\/wp-json\/wp\/v2\/posts\/671719\/revisions"}],"wp:featuredmedia":[{"embeddable":true,"href":"https:\/\/www.europesays.com\/fr\/wp-json\/wp\/v2\/media\/671720"}],"wp:attachment":[{"href":"https:\/\/www.europesays.com\/fr\/wp-json\/wp\/v2\/media?parent=671719"}],"wp:term":[{"taxonomy":"category","embeddable":true,"href":"https:\/\/www.europesays.com\/fr\/wp-json\/wp\/v2\/categories?post=671719"},{"taxonomy":"post_tag","embeddable":true,"href":"https:\/\/www.europesays.com\/fr\/wp-json\/wp\/v2\/tags?post=671719"}],"curies":[{"name":"wp","href":"https:\/\/api.w.org\/{rel}","templated":true}]}}