{"id":671751,"date":"2026-01-18T07:44:09","date_gmt":"2026-01-18T07:44:09","guid":{"rendered":"https:\/\/www.europesays.com\/fr\/671751\/"},"modified":"2026-01-18T07:44:09","modified_gmt":"2026-01-18T07:44:09","slug":"ces-regles-simples-pour-lutiliser-dans-chaque-piece-sans-lasser-ni-ringardiser-votre-deco","status":"publish","type":"post","link":"https:\/\/www.europesays.com\/fr\/671751\/","title":{"rendered":"ces r\u00e8gles simples pour l&rsquo;utiliser dans chaque pi\u00e8ce sans lasser ni ringardiser votre d\u00e9co"},"content":{"rendered":"<p>Sol de cuisine r\u00e9tro, tapis tr\u00e8s Instagram, carreaux de salle de<br \/>\nbains graphiques\u2026 Le motif \u00e0 damier s\u2019invite partout. En 2026, il<br \/>\nne se contente plus de rappeler les diners am\u00e9ricains ou les<br \/>\ncuisines noir et blanc, il s\u2019impose comme une vraie signature d\u00e9co,<br \/>\ncapable de transformer un int\u00e9rieur sans le figer dans une \u00e9poque<br \/>\npr\u00e9cise.<\/p>\n<p>Les designers parlent d\u2019un damier plus adulte, plus nuanc\u00e9, qui<br \/>\njoue sur les mati\u00e8res et les couleurs douces plut\u00f4t que sur le<br \/>\ncontraste brutal. Le c\u0153ur de la <strong>tendance damier<br \/>\n2026<\/strong> tient justement dans cet \u00e9quilibre entre confort<br \/>\nvisuel et audace discr\u00e8te. Reste \u00e0 comprendre comment l\u2019utiliser<br \/>\nchez soi sans saturer l\u2019espace.<\/p>\n<p>Pourquoi la tendance damier 2026 fait un retour chic \u00e0 la<br \/>\nmaison<\/p>\n<p>Pour le duo Joelle Kutner et Jesse Rudolph, du studio Ome Dezin,<br \/>\n\u00ab\u00a0le damier a toujours exist\u00e9 \u00e0 l\u00a0\u00bbintersection de l&rsquo;ordre et de<br \/>\nl&rsquo;expression. Son retour semble moins li\u00e9 \u00e0 un maximalisme pour le<br \/>\nmaximalisme, et davantage \u00e0 l&rsquo;ajout d&rsquo;une familiarit\u00e9 et d&rsquo;un<br \/>\nint\u00e9r\u00eat visuel\u00a0\u00bb, expliquent-ils dans le magazine Homes &amp;<br \/>\nGardens. Le motif rassure car il est connu, tout en apportant un<br \/>\ngraphisme net qui structure une pi\u00e8ce.<\/p>\n<p>Cette force vient surtout de sa souplesse. \u00ab\u00a0Sa polyvalence est,<br \/>\n\u00e0 mon avis, sa plus grande force\u00a0\u00bb, explique Rebecca Lagos,<br \/>\ndirectrice de cr\u00e9ation chez The Artemis Studios. \u00ab\u00a0Le damier peut<br \/>\npara\u00eetre audacieux et moderne lorsqu&rsquo;il est utilis\u00e9 en fort<br \/>\ncontraste, ou doux et romantique lorsqu&rsquo;il est associ\u00e9 \u00e0 des tons<br \/>\nplus sourds\u00a0\u00bb, pr\u00e9cise-t-elle. Le designer Greg Natale r\u00e9sume bien<br \/>\ncette plasticit\u00e9 : \u00ab\u00a0Dans des int\u00e9rieurs plus classiques ou<br \/>\ntraditionnels, le damier peut sembler \u00e9l\u00e9gant et architectural,<br \/>\ntandis que dans des espaces contemporains ou minimalistes il<br \/>\nappara\u00eet graphique et assur\u00e9. Dans des d\u00e9cors \u00e9clectiques ou<br \/>\nmaximalistes, il ajoute du rythme et de l&rsquo;\u00e9nergie visuelle, et dans<br \/>\ndes espaces \u00e9pur\u00e9s il peut agir comme un point focal fort sans<br \/>\ns&rsquo;appuyer sur l&rsquo;ornement\u00a0\u00bb, explique-t-il.<\/p>\n<p>Tendance damier 2026 : comment l\u2019int\u00e9grer pi\u00e8ce par pi\u00e8ce<\/p>\n<p>En chambre, le cas d\u2019\u00e9cole est celui d\u2019un grand <strong>tapis \u00e0<br \/>\ndamier<\/strong> cr\u00e8me et brun utilis\u00e9 par Ome Dezin pour ancrer le<br \/>\nlit. Le duo d\u00e9crit le r\u00e9sultat de cette palette adoucie : \u00ab\u00a0Le<br \/>\nr\u00e9sultat est une pi\u00e8ce qui para\u00eet compos\u00e9e et calme, avec juste<br \/>\nassez de tension visuelle pour rester captivante\u00a0\u00bb, d\u00e9taillent-ils.<br \/>\nCe type de tapis fonctionne aussi tr\u00e8s bien dans un salon neutre<br \/>\npour structurer canap\u00e9 et table basse sans agresser l\u2019\u0153il.<\/p>\n<p>Dans une pi\u00e8ce tr\u00e8s color\u00e9e, le damier peut au contraire jouer<br \/>\nles contrastes. \u00ab\u00a0Pour cet espace en particulier, j&rsquo;ai \u00e9t\u00e9 attir\u00e9e<br \/>\npar le damier parce que j&rsquo;avais besoin de quelque chose de ludique<br \/>\nqui apporterait du contraste \u00e0 une pi\u00e8ce d\u00e9j\u00e0 satur\u00e9e de couleur\u00a0\u00bb,<br \/>\nraconte Rebecca Lagos. En salle de bains, Greg Natale aime<br \/>\nexploiter ce motif : \u00ab\u00a0Ce motif apporte un sentiment de gaiet\u00e9, de<br \/>\nrythme et de curiosit\u00e9 visuelle, il capte l&rsquo;attention sans para\u00eetre<br \/>\nexcessivement sucr\u00e9 ou trop th\u00e9matique. Dans le m\u00eame temps, le<br \/>\ndamier poss\u00e8de une forte lign\u00e9e de design, en particulier dans les<br \/>\nint\u00e9rieurs italiens des ann\u00e9es 50, o\u00f9 la g\u00e9om\u00e9trie graphique \u00e9tait<br \/>\nutilis\u00e9e avec assurance et \u00e9l\u00e9gance\u00a0\u00bb, d\u00e9crit-il.<\/p>\n<p>Les r\u00e8gles simples pour r\u00e9ussir la<br \/>\ntendance damier 2026 sans se lasser<\/p>\n<p>Pour tester le <strong>carrelage \u00e0 damier<\/strong> ou ses<br \/>\nversions textiles, la d\u00e9coratrice Emma Ainscough conseille d\u2019abord<br \/>\nde jouer l\u2019\u00e9chelle et la couleur : \u00ab\u00a0Le damier n&rsquo;a pas besoin de<br \/>\ngrands carreaux pour \u00eatre r\u00e9ussi, il existe de nombreux tissus qui<br \/>\nont adapt\u00e9 ses principes \u00e0 des \u00e9chelles bien plus petites qu&rsquo;on ne<br \/>\nl&rsquo;imagine\u00a0\u00bb, sugg\u00e8re-t-elle. \u00ab\u00a0On peut dire la m\u00eame chose pour la<br \/>\ncouleur : choisissez des tons plus doux ou plus neutres si les<br \/>\ndamiers tr\u00e8s contrast\u00e9s vous paraissent \u00e9crasants !\u00a0\u00bb<br \/>\najoute-t-elle.<\/p>\n<p>Emma rappelle aussi l\u2019int\u00e9r\u00eat du mix de motifs : \u00ab\u00a0En raison de<br \/>\nla simplicit\u00e9 de sa forme, le damier se marie assez facilement avec<br \/>\ndes motifs plus complexes comme les floraux ou les botaniques. Je<br \/>\npense que l&rsquo;\u00e9chelle du damier est importante \u00e0 bien r\u00e9gler pour ne<br \/>\npas \u00e9craser un autre motif, mais bien utilis\u00e9, il peut vraiment<br \/>\ncompl\u00e9ter un int\u00e9rieur de caract\u00e8re\u00a0\u00bb, explique-t-elle. Enfin,<br \/>\nJoelle Kutner et Jesse Rudolph insistent sur la retenue : \u00ab\u00a0Nous<br \/>\nabordons le damier comme quelque chose qui soutient l&rsquo;architecture<br \/>\nplut\u00f4t que de rivaliser avec elle. Des tons adoucis, des mat\u00e9riaux<br \/>\nnaturels et une \u00e9chelle r\u00e9fl\u00e9chie permettent au motif de bien<br \/>\nvieillir\u00a0\u00bb, soulignent-ils. Pour Greg Natale, \u00ab\u00a0sa long\u00e9vit\u00e9 vient de<br \/>\nsa capacit\u00e9 \u00e0 \u00eatre \u00e0 la fois intemporel et transformateur : un<br \/>\nmotif qui semble familier et rassurant, tout en restant<br \/>\ncontinuellement ouvert \u00e0 la r\u00e9invention\u00a0\u00bb, observe-t-il, ce qui en<br \/>\nfait un alli\u00e9 s\u00fbr pour 2026 et apr\u00e8s.<\/p>\n","protected":false},"excerpt":{"rendered":"Sol de cuisine r\u00e9tro, tapis tr\u00e8s Instagram, carreaux de salle de bains graphiques\u2026 Le motif \u00e0 damier s\u2019invite&hellip;\n","protected":false},"author":2,"featured_media":671752,"comment_status":"","ping_status":"","sticky":false,"template":"","format":"standard","meta":{"footnotes":""},"categories":[7],"tags":[5734,9122,32672,77138,1446,8117,1011,27,73398,68588,74550,15459,471,3669,77139,4561,43,40,41,39,68978,42,44,8551,15161],"class_list":{"0":"post-671751","1":"post","2":"type-post","3":"status-publish","4":"format-standard","5":"has-post-thumbnail","7":"category-sciences-et-technologies","8":"tag-5734","9":"tag-ces","10":"tag-chaque","11":"tag-damier","12":"tag-dans","13":"tag-deco","14":"tag-fr","15":"tag-france","16":"tag-lasser","17":"tag-lutiliser","18":"tag-ni","19":"tag-piece","20":"tag-pour","21":"tag-regles","22":"tag-ringardiser","23":"tag-sans","24":"tag-science","25":"tag-science-and-technology","26":"tag-sciences","27":"tag-sciences-et-technologies","28":"tag-simples","29":"tag-technologies","30":"tag-technology","31":"tag-tendance","32":"tag-votre"},"share_on_mastodon":{"url":"https:\/\/pubeurope.com\/@fr\/115914989152561291","error":""},"_links":{"self":[{"href":"https:\/\/www.europesays.com\/fr\/wp-json\/wp\/v2\/posts\/671751","targetHints":{"allow":["GET"]}}],"collection":[{"href":"https:\/\/www.europesays.com\/fr\/wp-json\/wp\/v2\/posts"}],"about":[{"href":"https:\/\/www.europesays.com\/fr\/wp-json\/wp\/v2\/types\/post"}],"author":[{"embeddable":true,"href":"https:\/\/www.europesays.com\/fr\/wp-json\/wp\/v2\/users\/2"}],"replies":[{"embeddable":true,"href":"https:\/\/www.europesays.com\/fr\/wp-json\/wp\/v2\/comments?post=671751"}],"version-history":[{"count":0,"href":"https:\/\/www.europesays.com\/fr\/wp-json\/wp\/v2\/posts\/671751\/revisions"}],"wp:featuredmedia":[{"embeddable":true,"href":"https:\/\/www.europesays.com\/fr\/wp-json\/wp\/v2\/media\/671752"}],"wp:attachment":[{"href":"https:\/\/www.europesays.com\/fr\/wp-json\/wp\/v2\/media?parent=671751"}],"wp:term":[{"taxonomy":"category","embeddable":true,"href":"https:\/\/www.europesays.com\/fr\/wp-json\/wp\/v2\/categories?post=671751"},{"taxonomy":"post_tag","embeddable":true,"href":"https:\/\/www.europesays.com\/fr\/wp-json\/wp\/v2\/tags?post=671751"}],"curies":[{"name":"wp","href":"https:\/\/api.w.org\/{rel}","templated":true}]}}