{"id":671755,"date":"2026-01-18T07:46:11","date_gmt":"2026-01-18T07:46:11","guid":{"rendered":"https:\/\/www.europesays.com\/fr\/671755\/"},"modified":"2026-01-18T07:46:11","modified_gmt":"2026-01-18T07:46:11","slug":"arrestation-au-mexique-dun-des-fugitifs-les-plus-recherches-par-le-fbi","status":"publish","type":"post","link":"https:\/\/www.europesays.com\/fr\/671755\/","title":{"rendered":"Arrestation au Mexique d\u2019un des fugitifs les plus recherch\u00e9s par le FBI"},"content":{"rendered":"<p>Fin de cavale pour Alejandro Rosales Castillo. Sur la liste des dix hommes les plus recherch\u00e9s par la police f\u00e9d\u00e9rale am\u00e9ricaine (<a href=\"https:\/\/www.20minutes.fr\/monde\/4196192-20260115-etats-unis-fbi-perquisitionne-domicile-journaliste-washington-post\" target=\"_blank\" class=\"c-link c-link--is-underlined\" rel=\"noopener\">FBI<\/a>), il a \u00e9t\u00e9 arr\u00eat\u00e9 par des militaires et des policiers mexicains, ont annonc\u00e9 samedi les autorit\u00e9s.<\/p>\n<p>Le FBI promettait une r\u00e9compense de 250.000 dollars<\/p>\n<p>Selon le site du FBI, qui confirme cette capture, Alejandro Rosales Castillo, 27 ans, est un ressortissant des <a href=\"https:\/\/www.20minutes.fr\/monde\/etats-unis\/\" target=\"_blank\" class=\"c-link c-link--is-underlined\" rel=\"noopener\">Etats-Unis<\/a>. Il est accus\u00e9 d\u2019avoir tu\u00e9 Truc Quan \u00ab\u00a0Sandy\u00a0\u00bb Ly Le en\u00a02016, une jeune femme avec laquelle il travaillait dans un restaurant \u00e0 Charlotte, en Caroline du Nord. Le FBI offrait une r\u00e9compense de 250.000 dollars pour toute information menant \u00e0 sa capture.<\/p>\n<\/p>\n<p>L\u2019homme, contre lequel ont \u00e9t\u00e9 \u00e9mis une \u00ab\u00a0notice rouge et un mandat d\u2019arr\u00eat aux fins d\u2019extradition\u00a0\u00bb, est accus\u00e9 \u00ab\u00a0de meurtre au premier degr\u00e9, vol \u00e0 main arm\u00e9e, vol de v\u00e9hicule et enl\u00e8vement\u00a0\u00bb, a d\u00e9taill\u00e9 sur le r\u00e9seau X le ministre mexicain de la S\u00e9curit\u00e9, Omar Garcia Harfuch.<\/p>\n<p>La victime \u00e2g\u00e9e de 23 ans<\/p>\n<p>L\u2019ambassadeur des \u00c9tats-Unis au <a href=\"https:\/\/www.20minutes.fr\/dossier\/mexique\" target=\"_blank\" class=\"c-link c-link--is-underlined\" rel=\"noopener\">Mexique<\/a>, Ronald Johnson, a pour sa part salu\u00e9 sur X une arrestation qui \u00ab\u00a0refl\u00e8te l\u2019impact de l\u2019effort conjoint\u00a0\u00bb entre les gouvernements des deux pays. Apr\u00e8s avoir \u00e9t\u00e9 arr\u00eat\u00e9 dans l\u2019\u00c9tat central d\u2019Hidalgo, Alejandro Rosales Castillo a \u00e9t\u00e9 pr\u00e9sent\u00e9 au minist\u00e8re public.<\/p>\n<p><a href=\"https:\/\/www.20minutes.fr\/monde\/etats-unis\/\" target=\"_blank\" class=\"c-link c-btn c-btn--primary\" rel=\"noopener\">Notre dossier sur les Etats-Unis<\/a><\/p>\n<p>Selon des m\u00e9dias am\u00e9ricains, cet homme avait eu une br\u00e8ve relation avec la victime, \u00e2g\u00e9e alors de 23 ans, \u00e0 qui il avait demand\u00e9 de l\u2019argent. Il lui aurait donn\u00e9 rendez-vous pour lui rembourser sa dette, mais au lieu de cela, l\u2019aurait enlev\u00e9e, forc\u00e9e \u00e0 retirer ses \u00e9conomies \u00e0 un distributeur, puis emmen\u00e9e dans une zone bois\u00e9e avant de la tuer d\u2019une balle dans la t\u00eate et de jeter son corps dans un ravin.<\/p>\n","protected":false},"excerpt":{"rendered":"Fin de cavale pour Alejandro Rosales Castillo. Sur la liste des dix hommes les plus recherch\u00e9s par la&hellip;\n","protected":false},"author":2,"featured_media":671756,"comment_status":"","ping_status":"","sticky":false,"template":"","format":"standard","meta":{"footnotes":""},"categories":[5],"tags":[47,11,6744,31908,73,118,18120,1011,27,14,777,5697,74,12,133,28],"class_list":{"0":"post-671755","1":"post","2":"type-post","3":"status-publish","4":"format-standard","5":"has-post-thumbnail","7":"category-international","8":"tag-actualite","9":"tag-actualites","10":"tag-assassinat","11":"tag-cavale","12":"tag-etats-unis","13":"tag-faits-divers","14":"tag-fbi","15":"tag-fr","16":"tag-france","17":"tag-international","18":"tag-meurtre","19":"tag-mexique","20":"tag-monde","21":"tag-news","22":"tag-video","23":"tag-world"},"share_on_mastodon":{"url":"https:\/\/pubeurope.com\/@fr\/115914996683955925","error":""},"_links":{"self":[{"href":"https:\/\/www.europesays.com\/fr\/wp-json\/wp\/v2\/posts\/671755","targetHints":{"allow":["GET"]}}],"collection":[{"href":"https:\/\/www.europesays.com\/fr\/wp-json\/wp\/v2\/posts"}],"about":[{"href":"https:\/\/www.europesays.com\/fr\/wp-json\/wp\/v2\/types\/post"}],"author":[{"embeddable":true,"href":"https:\/\/www.europesays.com\/fr\/wp-json\/wp\/v2\/users\/2"}],"replies":[{"embeddable":true,"href":"https:\/\/www.europesays.com\/fr\/wp-json\/wp\/v2\/comments?post=671755"}],"version-history":[{"count":0,"href":"https:\/\/www.europesays.com\/fr\/wp-json\/wp\/v2\/posts\/671755\/revisions"}],"wp:featuredmedia":[{"embeddable":true,"href":"https:\/\/www.europesays.com\/fr\/wp-json\/wp\/v2\/media\/671756"}],"wp:attachment":[{"href":"https:\/\/www.europesays.com\/fr\/wp-json\/wp\/v2\/media?parent=671755"}],"wp:term":[{"taxonomy":"category","embeddable":true,"href":"https:\/\/www.europesays.com\/fr\/wp-json\/wp\/v2\/categories?post=671755"},{"taxonomy":"post_tag","embeddable":true,"href":"https:\/\/www.europesays.com\/fr\/wp-json\/wp\/v2\/tags?post=671755"}],"curies":[{"name":"wp","href":"https:\/\/api.w.org\/{rel}","templated":true}]}}