{"id":671780,"date":"2026-01-18T08:03:21","date_gmt":"2026-01-18T08:03:21","guid":{"rendered":"https:\/\/www.europesays.com\/fr\/671780\/"},"modified":"2026-01-18T08:03:21","modified_gmt":"2026-01-18T08:03:21","slug":"ca-fait-partie-de-nos-valeurs-ils-recuperent-de-la-nourriture-dans-des-hotels-de-rennes-pour-la-distribuer-aux-personnes-a-la-rue","status":"publish","type":"post","link":"https:\/\/www.europesays.com\/fr\/671780\/","title":{"rendered":"\u00ab\u00a0\u00c7a fait partie de nos valeurs\u00a0\u00bb\u00a0: ils r\u00e9cup\u00e8rent de la nourriture dans des h\u00f4tels de Rennes pour la distribuer aux personnes \u00e0 la rue"},"content":{"rendered":"<p>\u00ab Bonjour on est H\u00f4tels solidaires ! \u00bb C\u2019est par ces mots que s\u2019annoncent Thabara et Lucas \u00e0 l\u2019accueil du Kyriad H\u00f4tel, situ\u00e9 face \u00e0 la gare de Rennes. Munis de grands sacs en papier kraft, les deux jeunes en service civique font le tour des h\u00f4tels du quartier. L\u2019objectif ? Remplir ces sacs de viennoiseries non consomm\u00e9es par les clients au petit-d\u00e9jeuner. Organis\u00e9es quatre fois par semaine, les collectes sont ensuite propos\u00e9es \u00e0 des associations d\u2019aide alimentaire. \u00ab On est des entremetteurs entre les h\u00f4tels et les assos, la petite roue au milieu en quelque sorte \u00bb, r\u00e9sume Thabara.<\/p>\n<p>Des h\u00f4tels partenaires<\/p>\n<p>Campanile Rennes, Le Saint-Antoine, Le S\u00e9vign\u00e9\u2026 Tous ces h\u00f4tels rennais sont partenaires de l\u2019association, et c\u00e8dent gratuitement leurs invendus. Lucas, 25 ans, est charg\u00e9 de la relation avec les h\u00f4tels : \u00ab J\u2019ai travaill\u00e9 dans la restauration, \u00e7a aide pour communiquer avec eux \u00bb. Un nouvel h\u00f4tel &#8211; Mercure Parlement &#8211; les a d\u2019ailleurs rejoints la semaine pass\u00e9e, portant \u00e0 9 le nombre d\u2019\u00e9tablissements pr\u00e9sents dans le circuit de collecte. Environ 8 000 viennoiseries sont r\u00e9colt\u00e9es chaque ann\u00e9e.<\/p>\n<p>Mais tous les h\u00f4tels ne peuvent pas donner : \u00ab Certains distribuent aux employ\u00e9s ou font partie de Too good to go (application mobile qui met en relation ses utilisateurs avec des commerces afin de proposer des invendus \u00e0 prix r\u00e9duits, NDLR). \u00bb Mais pas de d\u00e9ception : \u00ab Quand on ne gaspille pas on est contents \u00bb, d\u00e9clare Lucas.<\/p>\n<p><img decoding=\"async\" src=\"https:\/\/www.europesays.com\/fr\/wp-content\/uploads\/2026\/01\/6968ceac355b29e5b90965e4.1.jpeg\" width=\"480\" height=\"300\" class=\"web_golden_m\" loading=\"lazy\" alt=\"Environ 8\u00a0000 viennoiseries et denr\u00e9es alimentaires sont r\u00e9colt\u00e9es par Les H\u00f4tels Solidaires pour \u00eatre redistribu\u00e9es aux personnes dans le besoin.\"\/>Environ 8\u00a0000 viennoiseries et denr\u00e9es alimentaires sont r\u00e9colt\u00e9es par Les H\u00f4tels Solidaires pour \u00eatre redistribu\u00e9es aux personnes dans le besoin. (Le T\u00e9l\u00e9gramme\/H\u00e9lo\u00efse Lartia)\u00ab L\u2019anti gaspi, \u00e7a fait partie de nos valeurs \u00bb<\/p>\n<p>Une fois les sacs remplis, direction \u00ab le village solidaire \u00bb, tenu par l\u2019association C\u0153urs R\u00e9sistants. Croissants, cr\u00eapes, pains au chocolat &#8211; et m\u00eame un morceau de far breton &#8211; finissent p\u00eale-m\u00eale dans des bacs en m\u00e9tal. Comme l\u2019asso n\u2019effectue pas de permanence \u00e0 l\u2019heure du petit-d\u00e9jeuner, les denr\u00e9es sont distribu\u00e9es en d\u00e9but d\u2019accueil, \u00e0 14 heures. \u00ab Pour tout ce qui est viennoiserie, nous n\u2019avons que H\u00f4tels Solidaires, explique Jo, r\u00e9f\u00e9rent cuisine, \u00e7a permet de faire patienter les gens en attendant le repas. \u00bb Satisfait des quantit\u00e9s r\u00e9colt\u00e9es, il r\u00e9sume le leitmotiv de son asso : \u00ab L\u2019anti gaspi, \u00e7a fait partie de nos valeurs. \u00bb<\/p>\n<p>Bien que pr\u00e9sente sur Rennes depuis 2021, l\u2019association n\u2019organise des collectes que depuis deux ans. Pour l\u2019instant, elle peut compter sur une dizaine de personnes. \u00ab On essaie de renforcer la force b\u00e9n\u00e9vole pour des projets futurs \u00bb, expose Lucas.<\/p>\n","protected":false},"excerpt":{"rendered":"\u00ab Bonjour on est H\u00f4tels solidaires ! \u00bb C\u2019est par ces mots que s\u2019annoncent Thabara et Lucas \u00e0&hellip;\n","protected":false},"author":2,"featured_media":671781,"comment_status":"","ping_status":"","sticky":false,"template":"","format":"standard","meta":{"footnotes":""},"categories":[2821],"tags":[1111,11,829,1777,674,1011,27,848,12,584,25,3400],"class_list":{"0":"post-671780","1":"post","2":"type-post","3":"status-publish","4":"format-standard","5":"has-post-thumbnail","7":"category-rennes","8":"tag-actu","9":"tag-actualites","10":"tag-bretagne","11":"tag-eu","12":"tag-europe","13":"tag-fr","14":"tag-france","15":"tag-ille-et-vilaine","16":"tag-news","17":"tag-rennes","18":"tag-republique-francaise","19":"tag-solidarite"},"share_on_mastodon":{"url":"https:\/\/pubeurope.com\/@fr\/115915063559149002","error":""},"_links":{"self":[{"href":"https:\/\/www.europesays.com\/fr\/wp-json\/wp\/v2\/posts\/671780","targetHints":{"allow":["GET"]}}],"collection":[{"href":"https:\/\/www.europesays.com\/fr\/wp-json\/wp\/v2\/posts"}],"about":[{"href":"https:\/\/www.europesays.com\/fr\/wp-json\/wp\/v2\/types\/post"}],"author":[{"embeddable":true,"href":"https:\/\/www.europesays.com\/fr\/wp-json\/wp\/v2\/users\/2"}],"replies":[{"embeddable":true,"href":"https:\/\/www.europesays.com\/fr\/wp-json\/wp\/v2\/comments?post=671780"}],"version-history":[{"count":0,"href":"https:\/\/www.europesays.com\/fr\/wp-json\/wp\/v2\/posts\/671780\/revisions"}],"wp:featuredmedia":[{"embeddable":true,"href":"https:\/\/www.europesays.com\/fr\/wp-json\/wp\/v2\/media\/671781"}],"wp:attachment":[{"href":"https:\/\/www.europesays.com\/fr\/wp-json\/wp\/v2\/media?parent=671780"}],"wp:term":[{"taxonomy":"category","embeddable":true,"href":"https:\/\/www.europesays.com\/fr\/wp-json\/wp\/v2\/categories?post=671780"},{"taxonomy":"post_tag","embeddable":true,"href":"https:\/\/www.europesays.com\/fr\/wp-json\/wp\/v2\/tags?post=671780"}],"curies":[{"name":"wp","href":"https:\/\/api.w.org\/{rel}","templated":true}]}}